{"id":10876,"date":"2024-12-10T10:48:52","date_gmt":"2024-12-10T12:48:52","guid":{"rendered":"http:\/\/blog.cancaonova.com\/amigosdoceu\/?p=10876"},"modified":"2024-12-10T10:49:44","modified_gmt":"2024-12-10T12:49:44","slug":"imaculada","status":"publish","type":"post","link":"https:\/\/blog.cancaonova.com\/amigosdoceu\/imaculada\/","title":{"rendered":"Imaculada"},"content":{"rendered":"<p align=\"center\"><span style=\"font-size: medium\"><span style=\"font-family: Verdana,sans-serif\"><b>\u00d3 Maria, concebida sem pecado original, <\/b><\/span><\/span><\/p>\n<p align=\"center\"><span style=\"font-size: medium\"><b><span style=\"font-family: Verdana,sans-serif\">rogai por n\u00f3s que recorremos a v\u00f3s!<\/span><\/b><\/span><\/p>\n<p align=\"right\"><span style=\"font-size: medium\"><span style=\"font-family: Verdana,sans-serif\">Por Adelita Maria Rozetti Frulane<\/span><\/span><\/p>\n<p align=\"justify\"><span style=\"font-family: Verdana,sans-serif\"><span style=\"font-size: medium\"> <a href=\"http:\/\/blog.cancaonova.com\/amigosdoceu\/files\/2024\/12\/INMACULADA.png\"><img loading=\"lazy\" decoding=\"async\" class=\"size-full wp-image-12227 alignleft\" src=\"http:\/\/blog.cancaonova.com\/amigosdoceu\/files\/2024\/12\/INMACULADA.png\" alt=\"\" width=\"235\" height=\"440\" srcset=\"https:\/\/blog.cancaonova.com\/amigosdoceu\/files\/2024\/12\/INMACULADA.png 235w, https:\/\/blog.cancaonova.com\/amigosdoceu\/files\/2024\/12\/INMACULADA-160x300.png 160w\" sizes=\"(max-width: 235px) 100vw, 235px\" \/><\/a>Pra voc\u00ea ver a quanto tempo a Igreja andou estudando sobre a Imaculada Concep\u00e7\u00e3o de Maria, o <b>Of\u00edcio da Imaculada<\/b> foi escrito, na It\u00e1lia, no s\u00e9culo XV. No ano de 1476, a festa da Imaculada Concei\u00e7\u00e3o foi inclu\u00edda no Calend\u00e1rio Romano. No s\u00e9culo seguinte, em 1570, o Papa Pio V publicou o Novo Of\u00edcio e, em 1708, o Papa Clemente XI estendeu a festa a toda a Igreja. O Conc\u00edlio de Trento, em 17 de junho de 1546, confessou sobre a Virgem Maria:<i><b> \u201cFoi ela que, primeiro e de uma forma \u00fanica, se beneficiou da vit\u00f3ria sobre o pecado conquistada por Cristo: ela foi preservada de toda mancha do pecado original e durante toda a vida terrestre, por uma gra\u00e7a especial de Deus, n\u00e3o cometeu nenhuma esp\u00e9cie de pecado\u201d<\/b><\/i> . <\/span><\/span><\/p>\n<p align=\"justify\"><span style=\"font-family: Verdana,sans-serif\"><span style=\"font-size: medium\"> Deus para entender <\/span><span style=\"font-size: medium\">o que quer dizer \u201c<\/span><strong><span style=\"font-size: medium\">Imaculada Concei\u00e7\u00e3o\u201d<\/span><\/strong><span style=\"font-size: medium\">? <\/span><\/span><\/p>\n<p><span style=\"font-family: Verdana,sans-serif\"><span style=\"font-size: medium\"> Na Palavra de Deus, o anjo Gabriel, no momento da Anuncia\u00e7\u00e3o, sa\u00fada Maria assim: <i><b>Salve, cheia de gra\u00e7a.\u201d <\/b><\/i>Isso significa que nela n\u00e3o existia nenhuma mancha da desgra\u00e7a do pecado. E como isso foi poss\u00edvel, j\u00e1 que pelo pecado de Ad\u00e3o e Eva todos ficamos marcados pelo pecado? U\u00e9, para Deus tudo \u00e9 poss\u00edvel. O neg\u00f3cio \u00e9 que para gerar o filho de Deus, Ele escolheu Maria e deu a ela a gra\u00e7a de ser livre do pecado, desde a sua concep\u00e7\u00e3o (quer dizer, desde quando passou a existir, menor que um gr\u00e3ozinho de arroz, l\u00e1 na barriga de Santa Ana, entendeu?!) Por isso \u201cImaculada Concei\u00e7\u00e3o\u201d. E \u00e9 por isso que o inimigo de Deus, o dem\u00f4nio, tem uma raiva medonha e muito medo de Maria, porque ele nunca teve poder nenhum sobre ela. Fora Jesus, que \u00e9 Deus, Maria \u00e9 a \u00fanica entre n\u00f3s homens que recebeu essa gra\u00e7a especial\u00edssima. O nosso Catecismo da Igreja Cat\u00f3lica ensina:<b> \u201c<\/b><i><b>Para vir a ser M\u00e3e do Salvador, Maria foi adornada por Deus com dons dignos de uma t\u00e3o grande miss\u00e3o.\u201d <\/b><\/i>(137)<\/span><\/span><\/p>\n<p align=\"justify\"><span style=\"font-family: Verdana,sans-serif\"><span style=\"font-size: medium\"><b>Santa Catarina Labour\u00e9, e a Imaculada Concei\u00e7\u00e3o<a href=\"http:\/\/blog.cancaonova.com\/amigosdoceu\/files\/2012\/11\/nsa-sra-das-gra\u00e7as-e-sta-catarina.jpg\"><img loading=\"lazy\" decoding=\"async\" class=\"alignright wp-image-7175\" src=\"http:\/\/blog.cancaonova.com\/amigosdoceu\/files\/2012\/11\/nsa-sra-das-gra\u00e7as-e-sta-catarina.jpg\" alt=\"\" width=\"303\" height=\"350\" srcset=\"https:\/\/blog.cancaonova.com\/amigosdoceu\/files\/2012\/11\/nsa-sra-das-gra\u00e7as-e-sta-catarina.jpg 433w, https:\/\/blog.cancaonova.com\/amigosdoceu\/files\/2012\/11\/nsa-sra-das-gra\u00e7as-e-sta-catarina-259x300.jpg 259w\" sizes=\"(max-width: 303px) 100vw, 303px\" \/><\/a><\/b><\/span><\/span><\/p>\n<p align=\"justify\"><span style=\"font-family: Verdana,sans-serif\"><span style=\"font-size: medium\"> No dia 27 de novembro de 1830, Nossa Senhora apareceu a Santa Catarina Labour\u00e9, na Capela das filhas da Caridade de S\u00e3o Vicente de Paulo, em Paris. Nesta apari\u00e7\u00e3o, Maria pediu a Catarina que mandasse fazer e propagar a devo\u00e7\u00e3o \u00e0 \u201cMedalha Milagrosa\u201d, precisamente com a inscri\u00e7\u00e3o: \u201c\u00d3 Maria concebida sem pecado, rogai por n\u00f3s que recorremos a v\u00f3s\u201d. <\/span><\/span><\/p>\n<p align=\"justify\"><span style=\"font-family: Verdana,sans-serif\"><span style=\"font-size: medium\"> <b>Enfim, o <\/b><b>D<\/b><b>ogma<\/b><\/span><\/span><\/p>\n<p align=\"justify\"><span style=\"font-family: Verdana,sans-serif\"><span style=\"font-size: medium\"> Finalmente, no dia 8 de Dezembro de 1854, o Papa Pio IX proclamou o Dogma da Imaculada Concei\u00e7\u00e3o de Maria. Ele disse:<i><b> \u201cA beat\u00edssima Virgem Maria foi preservada de toda a mancha do pecado original desde o primeiro instante da sua concep\u00e7\u00e3o, por singular gra\u00e7a de privil\u00e9gio de Deus.\u201d<\/b><\/i><\/span><\/span><\/p>\n<h4 align=\"justify\">Ap\u00f3s proclamar o dogma da Imaculada Concei\u00e7\u00e3o de Maria, o Papa Pio IX testemunhou:<\/h4>\n<h4 align=\"justify\"><strong><em><a href=\"http:\/\/blog.cancaonova.com\/amigosdoceu\/files\/2024\/12\/ns-conceicao.jpg\"><img loading=\"lazy\" decoding=\"async\" class=\"size-full wp-image-12228 alignleft\" src=\"http:\/\/blog.cancaonova.com\/amigosdoceu\/files\/2024\/12\/ns-conceicao.jpg\" alt=\"\" width=\"592\" height=\"893\" srcset=\"https:\/\/blog.cancaonova.com\/amigosdoceu\/files\/2024\/12\/ns-conceicao.jpg 592w, https:\/\/blog.cancaonova.com\/amigosdoceu\/files\/2024\/12\/ns-conceicao-199x300.jpg 199w\" sizes=\"(max-width: 592px) 100vw, 592px\" \/><\/a>&#8220;Quando comecei a publicar o decreto dogm\u00e1tico, senti a minha voz impotente para se fazer ouvir pela imensa multid\u00e3o (50 mil pessoas) que se apinhava na Bas\u00edlica Vaticana. Mas, quando cheguei \u00e0 f\u00f3rmula da defini\u00e7\u00e3o, Deus deu \u00e0 voz do seu Vig\u00e1rio tal for\u00e7a e tal vigor sobrenatural, que a fez ressoar em toda a Bas\u00edlica. E eu fiquei t\u00e3o impressionado por tal socorro divino que fui obrigado a suspender, por um instante, a palavra para dar livre desafogo \u00e0s minhas l\u00e1grimas. Al\u00e9m disso, enquanto Deus proclamava o dogma pela boca do seu Vig\u00e1rio, Ele mesmo deu ao meu esp\u00edrito um conhecimento t\u00e3o claro e t\u00e3o grande da incompar\u00e1vel pureza da Sant\u00edssima Virgem que, abismado na profundidade desse conhecimento, que linguagem alguma poderia descrever, a minha alma ficou inundada de del\u00edcias inenarr\u00e1veis, del\u00edcias que n\u00e3o s\u00e3o terrenas e que se n\u00e3o poderiam experimentar sen\u00e3o no C\u00e9u. Nenhuma prosperidade, nenhuma alegria deste mundo poderia dar a menor ideia daquelas del\u00edcias. E n\u00e3o temo em afirmar que o Vig\u00e1rio de Cristo precisou de uma gra\u00e7a especial para n\u00e3o morrer de do\u00e7ura, sob a impress\u00e3o de tal conhecimento e de tal sentimento de beleza incompar\u00e1vel de Maria Imaculada. Tu, minha car\u00edssima filha [dirige-se o Papa \u00e0 freira-superiora], foste felic\u00edssima no dia da tua primeira comunh\u00e3o e mais ainda no dia da tua profiss\u00e3o religiosa. Eu mesmo conheci o que significa ser feliz no dia da ordena\u00e7\u00e3o sacerdotal. Ora bem, re\u00fane todas essas felicidades, com outras ainda, multiplica-as sem medida para fazer todas juntas uma s\u00f3 felicidade, e tu ter\u00e1s, assim, uma pequena ideia do que provou o Papa no dia 8 de Dezembro de 1854.&#8221;<\/em><\/strong><\/h4>\n<h4 style=\"text-align: right\" align=\"justify\">(Domenico Bertetto, Il Papa dell\u2019Immacolata, Pio IX. (Civilt\u00e0 1972), pp. 63 a 65<\/h4>\n<p align=\"justify\"><span style=\"font-family: Verdana,sans-serif\"><span style=\"font-size: medium\">Um D<strong>ogma<\/strong> significa \u201c<strong>uma verdade de f\u00e9<\/strong>\u201d, quando um papa proclama um dogma, significa que a Igreja Cat\u00f3lica acredita nele e ponto final. Porque, uma vez proclamado um dogma, podem passar centenas de anos, outro Papa n\u00e3o pode desdize-lo. \u00c9 por isso que, para proclamar um dogma, a Igreja leva anos: os te\u00f3logos estudam muito a Palavra de Deus, os escritos dos santos e doutores da Igreja, s\u00f3 proclamam depois de ter muita certeza.<\/span><\/span><\/p>\n<p><span style=\"font-family: Verdana,sans-serif\"><span style=\"font-size: medium\"><b><a href=\"http:\/\/blog.cancaonova.com\/amigosdoceu\/files\/2012\/10\/dom-bosco-escrevendo.png\"><img loading=\"lazy\" decoding=\"async\" class=\"alignright wp-image-6924\" src=\"http:\/\/blog.cancaonova.com\/amigosdoceu\/files\/2012\/10\/dom-bosco-escrevendo.png\" alt=\"\" width=\"253\" height=\"395\" srcset=\"https:\/\/blog.cancaonova.com\/amigosdoceu\/files\/2012\/10\/dom-bosco-escrevendo.png 512w, https:\/\/blog.cancaonova.com\/amigosdoceu\/files\/2012\/10\/dom-bosco-escrevendo-192x300.png 192w\" sizes=\"(max-width: 253px) 100vw, 253px\" \/><\/a>Dom Bosco e o dia da Imaculada Concei\u00e7\u00e3o<\/b><\/span><\/span><\/p>\n<p align=\"justify\"><span style=\"font-family: Verdana,sans-serif\"><span style=\"font-size: medium\"><b> <\/b>Exatamente no dia em que o Papa proclamou o Dogma da Imaculada, em Turim, na It\u00e1lia, Concei\u00e7\u00e3o de Maria, Dom Bosco e S\u00e3o Domingos S\u00e1vio fizeram muita festa\u2026 Dom Bosco convocou os meninos e, com banda de m\u00fasica e tudo sa\u00edram pelas ruas festejando esse lindo dogma.<\/span><\/span><\/p>\n<p><iframe loading=\"lazy\" title=\"Domingos S\u00c3\u00a1vio - Imaculada Concei\u00c3\u00a7\u00c3\u00a3o - parte 9\" width=\"600\" height=\"450\" src=\"https:\/\/www.youtube.com\/embed\/d18Lhp_csio?feature=oembed&amp;rel=0\" frameborder=\"0\" allow=\"accelerometer; autoplay; clipboard-write; encrypted-media; gyroscope; picture-in-picture; web-share\" referrerpolicy=\"strict-origin-when-cross-origin\" allowfullscreen><\/iframe><\/p>\n<p><iframe loading=\"lazy\" title=\"Domingos S\u00c3\u00a1vio - Funda a Companhia da Imaculada - parte 30\" width=\"600\" height=\"450\" src=\"https:\/\/www.youtube.com\/embed\/AP8XglhzgC8?feature=oembed&amp;rel=0\" frameborder=\"0\" allow=\"accelerometer; autoplay; clipboard-write; encrypted-media; gyroscope; picture-in-picture; web-share\" referrerpolicy=\"strict-origin-when-cross-origin\" allowfullscreen><\/iframe><\/p>\n<p><iframe loading=\"lazy\" title=\"Domingos S\u00c3\u00a1vio - Dom Bosco pede ajuda \u00c3\u00a0 Companhia da Imaculada - parte 31\" width=\"600\" height=\"450\" src=\"https:\/\/www.youtube.com\/embed\/SweKWWSPQNk?feature=oembed&amp;rel=0\" frameborder=\"0\" allow=\"accelerometer; autoplay; clipboard-write; encrypted-media; gyroscope; picture-in-picture; web-share\" referrerpolicy=\"strict-origin-when-cross-origin\" allowfullscreen><\/iframe><\/p>\n<p align=\"justify\"><span style=\"font-size: medium\"><span style=\"font-family: Verdana,sans-serif\"><b>Santa Bernadete e a a Imaculada Concei\u00e7\u00e3o <\/b><\/span><\/span><\/p>\n<p align=\"justify\"><b> <a href=\"http:\/\/blog.cancaonova.com\/amigosdoceu\/files\/2013\/02\/sta-bernadete-col-tia-adelita.png\"><img loading=\"lazy\" decoding=\"async\" class=\" wp-image-7647 alignleft\" src=\"http:\/\/blog.cancaonova.com\/amigosdoceu\/files\/2013\/02\/sta-bernadete-col-tia-adelita.png\" alt=\"\" width=\"197\" height=\"346\" srcset=\"https:\/\/blog.cancaonova.com\/amigosdoceu\/files\/2013\/02\/sta-bernadete-col-tia-adelita.png 455w, https:\/\/blog.cancaonova.com\/amigosdoceu\/files\/2013\/02\/sta-bernadete-col-tia-adelita-170x300.png 170w\" sizes=\"(max-width: 197px) 100vw, 197px\" \/><\/a><\/b><span style=\"font-family: Verdana,sans-serif\"><span style=\"font-size: medium\">Algum tempo depois do Papa proclamar esse dogma, <\/span><\/span><span style=\"font-family: Verdana,sans-serif\"><span style=\"font-size: medium\">dia 25 de mar\u00e7o de 1858,<\/span><\/span> <span style=\"font-family: Verdana,sans-serif\"><span style=\"font-size: medium\">Nossa Senhora apareceu \u00e0 santa Bernadete, em Lourdes na Fran\u00e7a. <\/span><\/span><span style=\"font-family: Verdana,sans-serif\"><span style=\"font-size: medium\">A<\/span><\/span><span style=\"font-family: Verdana,sans-serif\"><span style=\"font-size: medium\"> menina perguntou o seu nome e a linda <\/span><\/span><span style=\"font-family: Verdana,sans-serif\"><span style=\"font-size: medium\">S<\/span><\/span><span style=\"font-family: Verdana,sans-serif\"><span style=\"font-size: medium\">enhora <\/span><\/span><span style=\"font-family: Verdana,sans-serif\"><span style=\"font-size: medium\">disse: <\/span><\/span><strong><span style=\"font-family: Verdana,sans-serif\"><span style=\"font-size: medium\">\u201cEu sou a Imaculada Concei\u00e7\u00e3o\u201d. <\/span><\/span><\/strong><span style=\"font-family: Verdana,sans-serif\"><span style=\"font-size: medium\">Bernadete ficou chateada, pensou:<\/span><\/span> <strong><span style=\"font-family: Verdana,sans-serif\"><span style=\"font-size: medium\">\u201cQue pena, pensei que fosse Nossa Senhora\u2026\u201d<\/span><\/span><\/strong> <span style=\"font-family: Verdana,sans-serif\"><span style=\"font-size: medium\">\u2013 \u00c9 que Bernadete n\u00e3o fazia a menor id<\/span><\/span><span style=\"font-family: Verdana,sans-serif\"><span style=\"font-size: medium\">e<\/span><\/span><span style=\"font-family: Verdana,sans-serif\"><span style=\"font-size: medium\">ia do significa<\/span><\/span><span style=\"font-family: Verdana,sans-serif\"><span style=\"font-size: medium\">do<\/span><\/span> <span style=\"font-family: Verdana,sans-serif\"><span style=\"font-size: medium\">d<\/span><\/span><span style=\"font-family: Verdana,sans-serif\"><span style=\"font-size: medium\">essas palavra<\/span><\/span><span style=\"font-family: Verdana,sans-serif\"><span style=\"font-size: medium\">s, f<\/span><\/span><span style=\"font-family: Verdana,sans-serif\"><span style=\"font-size: medium\">oi preciso o padre explicar \u00e0 menina. Esse foi um dos muito jeitinhos do C\u00e9u confirmar, o quanto foi do agrado de Deus a aprova\u00e7\u00e3o desse dogma da nossa Igreja.<\/span><\/span><\/p>\n<p><iframe loading=\"lazy\" title=\"Amigos do C\u00c3\u00a9u - Santa Bernadete Soubirous e Nossa Senhora de Lourdes\" width=\"600\" height=\"450\" src=\"https:\/\/www.youtube.com\/embed\/MEyT7zxbhWE?feature=oembed&amp;rel=0\" frameborder=\"0\" allow=\"accelerometer; autoplay; clipboard-write; encrypted-media; gyroscope; picture-in-picture; web-share\" referrerpolicy=\"strict-origin-when-cross-origin\" allowfullscreen><\/iframe><\/p>\n<p align=\"justify\"><span style=\"font-size: medium\"><b><span style=\"font-family: Verdana,sans-serif\">N<\/span><span style=\"font-family: Verdana,sans-serif\">ot\u00edcia boa!<\/span><\/b><\/span><\/p>\n<p align=\"justify\"><span style=\"font-size: medium\"><span style=\"font-family: Verdana,sans-serif\"> Sabia que o Papa Paulo VI concedeu <\/span><span style=\"font-family: Verdana,sans-serif\"><b>indulg\u00eancia plen\u00e1ria<\/b><\/span><span style=\"font-family: Verdana,sans-serif\"> a aqueles que rezarem, com f\u00e9 o <\/span><span style=\"font-family: Verdana,sans-serif\"><b>Of\u00edcio da Imaculada Concei\u00e7\u00e3o<\/b><\/span><span style=\"font-family: Verdana,sans-serif\">?! <\/span><\/span><\/p>\n<p>&nbsp;<\/p>\n<p><iframe loading=\"lazy\" title=\"Tia Adelita -  O que quer dizer Imaculada Concei\u00c3\u00a7\u00c3\u00a3o\" width=\"600\" height=\"450\" src=\"https:\/\/www.youtube.com\/embed\/KJNxGwZEkro?feature=oembed&amp;rel=0\" frameborder=\"0\" allow=\"accelerometer; autoplay; clipboard-write; encrypted-media; gyroscope; picture-in-picture; web-share\" referrerpolicy=\"strict-origin-when-cross-origin\" allowfullscreen><\/iframe><\/p>\n<div class=\"notranslate\"><\/div>\n<div class=\"notranslate\"><\/div>\n","protected":false},"excerpt":{"rendered":"<p>\u00d3 Maria, concebida sem pecado original, rogai por n\u00f3s que recorremos a v\u00f3s! Por Adelita Maria Rozetti Frulane Pra voc\u00ea ver a quanto tempo a Igreja andou estudando sobre a Imaculada Concep\u00e7\u00e3o de Maria, o Of\u00edcio da Imaculada foi escrito,&#8230;<\/p>\n","protected":false},"author":4017,"featured_media":12227,"comment_status":"closed","ping_status":"closed","sticky":false,"template":"","format":"standard","meta":{"_mi_skip_tracking":false,"_monsterinsights_sitenote_active":false,"_monsterinsights_sitenote_note":"","_monsterinsights_sitenote_category":0,"footnotes":""},"categories":[156744],"tags":[176828,138573,16063],"_links":{"self":[{"href":"https:\/\/blog.cancaonova.com\/amigosdoceu\/wp-json\/wp\/v2\/posts\/10876"}],"collection":[{"href":"https:\/\/blog.cancaonova.com\/amigosdoceu\/wp-json\/wp\/v2\/posts"}],"about":[{"href":"https:\/\/blog.cancaonova.com\/amigosdoceu\/wp-json\/wp\/v2\/types\/post"}],"author":[{"embeddable":true,"href":"https:\/\/blog.cancaonova.com\/amigosdoceu\/wp-json\/wp\/v2\/users\/4017"}],"replies":[{"embeddable":true,"href":"https:\/\/blog.cancaonova.com\/amigosdoceu\/wp-json\/wp\/v2\/comments?post=10876"}],"version-history":[{"count":3,"href":"https:\/\/blog.cancaonova.com\/amigosdoceu\/wp-json\/wp\/v2\/posts\/10876\/revisions"}],"predecessor-version":[{"id":10881,"href":"https:\/\/blog.cancaonova.com\/amigosdoceu\/wp-json\/wp\/v2\/posts\/10876\/revisions\/10881"}],"wp:featuredmedia":[{"embeddable":true,"href":"https:\/\/blog.cancaonova.com\/amigosdoceu\/wp-json\/wp\/v2\/media\/12227"}],"wp:attachment":[{"href":"https:\/\/blog.cancaonova.com\/amigosdoceu\/wp-json\/wp\/v2\/media?parent=10876"}],"wp:term":[{"taxonomy":"category","embeddable":true,"href":"https:\/\/blog.cancaonova.com\/amigosdoceu\/wp-json\/wp\/v2\/categories?post=10876"},{"taxonomy":"post_tag","embeddable":true,"href":"https:\/\/blog.cancaonova.com\/amigosdoceu\/wp-json\/wp\/v2\/tags?post=10876"}],"curies":[{"name":"wp","href":"https:\/\/api.w.org\/{rel}","templated":true}]}}