{"id":10976,"date":"2014-11-20T11:29:45","date_gmt":"2014-11-20T13:29:45","guid":{"rendered":"http:\/\/blog.cancaonova.com\/amigosdoceu\/?p=10976"},"modified":"2021-02-04T11:49:55","modified_gmt":"2021-02-04T13:49:55","slug":"livro-teresinha-do-menino-jesus","status":"publish","type":"post","link":"https:\/\/blog.cancaonova.com\/amigosdoceu\/livro-teresinha-do-menino-jesus\/","title":{"rendered":"Livro para Meninas"},"content":{"rendered":"<h2><span style=\"color: #000000;font-size: large\"><b>Livro<\/b><\/span> <span style=\"color: #000000\"><span style=\"font-family: Verdana,sans-serif\"><span style=\"font-size: large\"><strong>Teresinha do Menino Jesus <\/strong><\/span><\/span><\/span> <span style=\"color: #000000\"><span style=\"font-family: Verdana,sans-serif\"><span style=\"font-size: large\"><strong>a Garota mais Popular do Mundo Inteiro <\/strong><\/span><\/span><\/span> <span style=\"color: #000000\"><span style=\"font-family: Verdana,sans-serif\"><span style=\"font-size: large\">de Adelita Rozetti Frulane<\/span><\/span><\/span> <span style=\"color: #000000\"><span style=\"font-family: Verdana,sans-serif\"><span style=\"font-size: large\"><a href=\"http:\/\/blog.cancaonova.com\/amigosdoceu\/files\/2012\/06\/santa-teresinha-carmelita.jpg\"><img loading=\"lazy\" decoding=\"async\" class=\"alignleft wp-image-5800\" src=\"http:\/\/blog.cancaonova.com\/amigosdoceu\/files\/2012\/06\/santa-teresinha-carmelita.jpg\" alt=\"santa teresinha carmelita\" width=\"138\" height=\"276\" srcset=\"https:\/\/blog.cancaonova.com\/amigosdoceu\/files\/2012\/06\/santa-teresinha-carmelita.jpg 295w, https:\/\/blog.cancaonova.com\/amigosdoceu\/files\/2012\/06\/santa-teresinha-carmelita-150x300.jpg 150w\" sizes=\"(max-width: 138px) 100vw, 138px\" \/><\/a>Ela<\/span><\/span><\/span><\/h2>\n<h2><span style=\"color: #000000\"><span style=\"font-family: Verdana,sans-serif\"><span style=\"font-size: large\"> disse que Deus se serviria de sua hist\u00f3ria <\/span><\/span><\/span><span style=\"color: #000000\"><span style=\"font-family: Verdana,sans-serif\"><span style=\"font-size: large\">para levar muitas almas para o C\u00e9u. Este livro, de fato, n\u00e3o \u00e9 <\/span><\/span><\/span><\/h2>\n<h2><span style=\"color: #000000\"><span style=\"font-family: Verdana,sans-serif\"><span style=\"font-size: large\">meu, foi ela quem escreveu em seus di\u00e1rios, eu apenas o adaptei para um jeito mais parecido ao que voc\u00ea <\/span><\/span><\/span><\/h2>\n<h2><span style=\"color: #000000\"><span style=\"font-family: Verdana,sans-serif\"><span style=\"font-size: large\">fala nos dias de hoje, afinal, essa garota viveu l\u00e1 pelos fins do s\u00e9culo XlX. S\u00f3 que ela tem tudo a ver com <\/span><\/span><\/span><\/h2>\n<h2><span style=\"color: #000000\"><span style=\"font-family: Verdana,sans-serif\"><span style=\"font-size: large\">a gente!<\/span><\/span><\/span> <span style=\"color: #000000\"><span style=\"font-family: Verdana,sans-serif\"><span style=\"font-size: large\">Voc\u00ea vai gostar de conhecer<b> &#8220;Th\u00e9res\u00e8, l\u2019enfant ch\u00e9rie du Monde entier&#8221;<\/b><\/span><\/span><\/span> <span style=\"color: #000000\"><span style=\"font-family: Verdana,sans-serif\"><span style=\"font-size: large\">Teresa, a menina <\/span><\/span><\/span><\/h2>\n<h2><span style=\"color: #000000\"><span style=\"font-family: Verdana,sans-serif\"><span style=\"font-size: large\">mais querida do Mundo inteiro!<\/span><\/span><\/span> <strong><span style=\"color: #000000\"><span style=\"font-family: Verdana,sans-serif\"><span style=\"font-size: large\">Quem me motivou a escrever livros, foi o Monsenhor Jonas <\/span><\/span><\/span><\/strong><\/h2>\n<h2><strong><span style=\"color: #000000\"><span style=\"font-family: Verdana,sans-serif\"><span style=\"font-size: large\">Abib<\/span><\/span><\/span><\/strong><span style=\"color: #000000\"><span style=\"font-family: Verdana,sans-serif\"><span style=\"font-size: large\"><a href=\"http:\/\/blog.cancaonova.com\/amigosdoceu\/files\/2014\/11\/ade-e-pe-jonas-p-blog.jpg\"><img loading=\"lazy\" decoding=\"async\" class=\"wp-image-11125 aligncenter\" src=\"http:\/\/blog.cancaonova.com\/amigosdoceu\/files\/2014\/11\/ade-e-pe-jonas-p-blog.jpg\" alt=\"ade e pe jonas p blog\" width=\"424\" height=\"282\" srcset=\"https:\/\/blog.cancaonova.com\/amigosdoceu\/files\/2014\/11\/ade-e-pe-jonas-p-blog.jpg 800w, https:\/\/blog.cancaonova.com\/amigosdoceu\/files\/2014\/11\/ade-e-pe-jonas-p-blog-300x199.jpg 300w\" sizes=\"(max-width: 424px) 100vw, 424px\" \/><\/a>A alguns anos ele ligou pra mim e perguntou: &#8220;O que voc\u00ea precisa para escrever mais livros como esses?&#8221; (dos 3 <\/span><\/span><\/span><\/h2>\n<h2><span style=\"color: #000000\"><span style=\"font-family: Verdana,sans-serif\"><span style=\"font-size: large\">Pastorinhos que eu havia escrito naquela \u00e9poca). E me deu toda a oportunidade para escrever. A alguns meses, me pediu <\/span><\/span><\/span><\/h2>\n<h2><span style=\"color: #000000\"><span style=\"font-family: Verdana,sans-serif\"><span style=\"font-size: large\">que eu escrevesse romances da vida dos santos para adultos. Pediu um de Dom Bosco, que j\u00e1 comecei a escrever, ele leu o<\/span><\/span><\/span><\/h2>\n<h2><span style=\"color: #000000\"><span style=\"font-family: Verdana,sans-serif\"><span style=\"font-size: large\"> primeiro cap\u00edtulo e me ligou dando o maior apoio, me disse que est\u00e1 &#8220;cinematogr\u00e1fico&#8221;.\u00a0 Esse pedido dele, veio em um <\/span><\/span><\/span><\/h2>\n<h2><span style=\"color: #000000\"><span style=\"font-family: Verdana,sans-serif\"><span style=\"font-size: large\">momento em que que eu precisava muito de incentivo e saber a vontade de Deus para mim, para esse tempo. O <\/span><\/span><\/span><\/h2>\n<h2><span style=\"color: #000000\"><span style=\"font-family: Verdana,sans-serif\"><span style=\"font-size: large\">monsenhor Jonas \u00e9 assim, as vezes passo muito tempo sem ter contato com ele, por conta do tamanho da miss\u00e3o, mas <\/span><\/span><\/span><\/h2>\n<h2><span style=\"color: #000000\"><span style=\"font-family: Verdana,sans-serif\"><span style=\"font-size: large\">quando menos espero, sem programar nada, Deus o coloca em minha vidas em momentos chave da miss\u00e3o e convers\u00e3o. <\/span><\/span><\/span><\/h2>\n<h2><span style=\"color: #000000\"><span style=\"font-family: Verdana,sans-serif\"><span style=\"font-size: large\">\u00c9 realmente meu pai espiritual. <\/span><\/span><\/span> <strong><span style=\"color: #000000\"><span style=\"font-family: Verdana,sans-serif\"><span style=\"font-size: large\">Eu e Santa Teresinha<\/span><\/span><\/span><\/strong> <span style=\"color: #000000\"><span style=\"font-family: Verdana,sans-serif\"><span style=\"font-size: large\"> <a href=\"http:\/\/blog.cancaonova.com\/amigosdoceu\/files\/2012\/09\/santa-teresinha-mo\u00e7a.png\"><img loading=\"lazy\" decoding=\"async\" class=\"alignleft wp-image-6751 size-full\" src=\"http:\/\/blog.cancaonova.com\/amigosdoceu\/files\/2012\/09\/santa-teresinha-mo\u00e7a.png\" alt=\"santa-teresinha-mo\u00e7a\" width=\"230\" height=\"517\" srcset=\"https:\/\/blog.cancaonova.com\/amigosdoceu\/files\/2012\/09\/santa-teresinha-mo\u00e7a.png 230w, https:\/\/blog.cancaonova.com\/amigosdoceu\/files\/2012\/09\/santa-teresinha-mo\u00e7a-133x300.png 133w\" sizes=\"(max-width: 230px) 100vw, 230px\" \/><\/a>Teresinha do Menino Jesus foi a <\/span><\/span><\/span><\/h2>\n<h2><span style=\"color: #000000\"><span style=\"font-family: Verdana,sans-serif\"><span style=\"font-size: large\">primeira Santa que conheci; foi na Matriz de Santa Teresinha, em Guarapuava, no Paran\u00e1, <\/span><\/span><\/span><\/h2>\n<h2><span style=\"color: #000000\"><span style=\"font-family: Verdana,sans-serif\"><span style=\"font-size: large\">onde fiz minha Primeira Comunh\u00e3o e o Crisma. L\u00e1, na capelinha do Sant\u00edssimo, eu gostava de <\/span><\/span><\/span><\/h2>\n<h2><span style=\"color: #000000\"><span style=\"font-family: Verdana,sans-serif\"><span style=\"font-size: large\">olhar para a imagem daquela santinha sorridente, debulhando rosas no crucifixo, mas eu <\/span><\/span><\/span><\/h2>\n<h2><span style=\"color: #000000\"><span style=\"font-family: Verdana,sans-serif\"><span style=\"font-size: large\">fiquei conhecendo mesmo a hist\u00f3ria dela aos 15 anos, quando minha m\u00e3e me presenteou com <\/span><\/span><\/span><\/h2>\n<h2><span style=\"color: #000000\"><span style=\"font-family: Verdana,sans-serif\"><span style=\"font-size: large\">o livro Hist\u00f3ria de uma Alma. Nem sei quantas vezes o li de tanto que gostei. <\/span><\/span><\/span> <span style=\"color: #000000\"><span style=\"font-family: Verdana,sans-serif\"><span style=\"font-size: large\"> Passou um <\/span><\/span><\/span><\/h2>\n<h2><span style=\"color: #000000\"><span style=\"font-family: Verdana,sans-serif\"><span style=\"font-size: large\">tempo, e eu j\u00e1 era adolescente, quando uma pessoa que amo muito n\u00e3o queria saber de <\/span><\/span><\/span><\/h2>\n<h2><span style=\"color: #000000\"><span style=\"font-family: Verdana,sans-serif\"><span style=\"font-size: large\">confessar, isso me deixava triste, pois eu pensava que, se acontecesse de morrer com um <\/span><\/span><\/span><\/h2>\n<h2><span style=\"color: #000000\"><span style=\"font-family: Verdana,sans-serif\"><span style=\"font-size: large\">estoque de pecados, fosse ficar um temp\u00e3o no Purgat\u00f3rio. Comecei, ent\u00e3o, a novena das rosas, <\/span><\/span><\/span><\/h2>\n<h2><span style=\"color: #000000\"><span style=\"font-family: Verdana,sans-serif\"><span style=\"font-size: large\">foi a primeira vez que fiz; ganhei uma rosa e n\u00e3o deu outra, a pessoa procurou o Sacramento <\/span><\/span><\/span><\/h2>\n<h2><span style=\"color: #000000\"><span style=\"font-family: Verdana,sans-serif\"><span style=\"font-size: large\">da Confiss\u00e3o (\u00e9 que a gente quase sempre ganha uma rosa quando Teresinha nos alcan\u00e7a a <\/span><\/span><\/span><\/h2>\n<h2><span style=\"color: #000000\"><span style=\"font-family: Verdana,sans-serif\"><span style=\"font-size: large\">gra\u00e7a de Jesus). A\u00ed descobri que tenho essa amiga no C\u00e9u e pedi a ela que fosse a minha <\/span><\/span><\/span><\/h2>\n<h2><span style=\"color: #000000\"><span style=\"font-family: Verdana,sans-serif\"><span style=\"font-size: large\">madrinha de voca\u00e7\u00e3o, pois eu tamb\u00e9m queria me consagrar a Deus como ela&#8230; . E vim parar na <\/span><\/span><\/span><\/h2>\n<h2><span style=\"color: #000000\"><span style=\"font-family: Verdana,sans-serif\"><span style=\"font-size: large\">Can\u00e7\u00e3o Nova. <\/span><\/span><\/span> <span style=\"color: #000000\"><span style=\"font-family: Verdana,sans-serif\"><span style=\"font-size: large\">Em 1998, conheci Lisieux, a terra de Santa Teresinha. At\u00e9 me escolheram para <\/span><\/span><\/span><\/h2>\n<h2><span style=\"color: #000000\"><span style=\"font-family: Verdana,sans-serif\"><span style=\"font-size: large\">fazer a leitura na capelinha do Carmelo, mas eu estava t\u00e3o emocionada, engolindo as l\u00e1grimas, que engasguei no meio. <\/span><\/span><\/span><\/h2>\n<h2><span style=\"color: #000000\"><span style=\"font-family: Verdana,sans-serif\"><span style=\"font-size: large\">At\u00e9 hoje somos amigas. <\/span><\/span><\/span><span style=\"color: #000000\"><span style=\"font-family: Verdana,sans-serif\"><span style=\"font-size: large\"><a href=\"http:\/\/blog.cancaonova.com\/amigosdoceu\/files\/2012\/09\/Eu-em-Lisieux.jpg\"><img loading=\"lazy\" decoding=\"async\" class=\"aligncenter wp-image-6759\" src=\"http:\/\/blog.cancaonova.com\/amigosdoceu\/files\/2012\/09\/Eu-em-Lisieux.jpg\" alt=\"Eu-em-Lisieux\" width=\"594\" height=\"267\" srcset=\"https:\/\/blog.cancaonova.com\/amigosdoceu\/files\/2012\/09\/Eu-em-Lisieux.jpg 800w, https:\/\/blog.cancaonova.com\/amigosdoceu\/files\/2012\/09\/Eu-em-Lisieux-300x134.jpg 300w\" sizes=\"(max-width: 594px) 100vw, 594px\" \/><\/a><\/span><\/span><\/span> <span style=\"color: #000000\"><span style=\"font-family: Verdana,sans-serif\"><span style=\"font-size: large\"><a href=\"http:\/\/blog.cancaonova.com\/amigosdoceu\/files\/2012\/08\/santa-teresinha-com-9-anos.jpg\"><img loading=\"lazy\" decoding=\"async\" class=\"wp-image-6231 alignleft\" src=\"http:\/\/blog.cancaonova.com\/amigosdoceu\/files\/2012\/08\/santa-teresinha-com-9-anos.jpg\" alt=\"santa-teresinha-com-9-anos\" width=\"157\" height=\"204\" srcset=\"https:\/\/blog.cancaonova.com\/amigosdoceu\/files\/2012\/08\/santa-teresinha-com-9-anos.jpg 461w, https:\/\/blog.cancaonova.com\/amigosdoceu\/files\/2012\/08\/santa-teresinha-com-9-anos-230x300.jpg 230w\" sizes=\"(max-width: 157px) 100vw, 157px\" \/><\/a>Quando eu estava em casa, gr\u00e1vida de meu primeiro filho, em 1999, fiquei uns 2 meses sem poder sair <\/span><\/span><\/span><\/h2>\n<h2><span style=\"color: #000000\"><span style=\"font-family: Verdana,sans-serif\"><span style=\"font-size: large\">da cama, ent\u00e3o resolvi me dedicar \u00e0 pesquisa, texto e desenhos desse livro. <\/span><\/span><\/span> <span style=\"color: #000000\"><span style=\"font-family: Verdana,sans-serif\"><span style=\"font-size: large\"> Espero que voc\u00ea encontre <\/span><\/span><\/span><\/h2>\n<h2><span style=\"color: #000000\"><span style=\"font-family: Verdana,sans-serif\"><span style=\"font-size: large\">uma amiga em Santa Teresinha como eu encontrei quando, aos 15 anos, ganhei de presente o livro <\/span><\/span><\/span><\/h2>\n<h2><span style=\"color: #000000\"><span style=\"font-family: Verdana,sans-serif\"><span style=\"font-size: large\">\u201cHist\u00f3ria de Uma Alma\u201d e, com ela, descubra o quanto Jesus te ama. <\/span><\/span><\/span> <span style=\"color: #000000\"><span style=\"font-family: Verdana,sans-serif\"><span style=\"font-size: large\">Adelita<\/span><\/span><\/span> <span style=\"color: #000000\"><span style=\"font-family: Verdana,sans-serif\"><span style=\"font-size: large\">. <\/span><\/span><\/span><\/h2>\n<h2><\/h2>\n<h2><span style=\"color: #000000\"><span style=\"font-family: Verdana,sans-serif\"><span style=\"font-size: large\">. Aqui no blog, eu conto a <\/span><\/span><\/span><span style=\"color: #000000\"><span style=\"font-family: Verdana,sans-serif\"><span style=\"font-size: large\">hist\u00f3ria dela,\u00a0<a href=\"https:\/\/archive.org\/details\/santa-teresinha-livro\"><strong> clique aqui<\/strong><\/a> pra ver<\/span><\/span><\/span><span style=\"color: #000000\"><span style=\"font-family: Verdana,sans-serif\"><span style=\"font-size: large\">. <\/span><\/span><\/span><\/h2>\n<h2><\/h2>\n<h2><span style=\"color: #000000\"><span style=\"font-family: Verdana,sans-serif\"><span style=\"font-size: large\">. Leia o livro online aqui (clique na capa para abrir o arquivo)&#8230; <\/span><\/span><\/span> <a href=\"https:\/\/archive.org\/details\/santa-teresinha-livro\" target=\"_blank\" rel=\"noopener\"><img loading=\"lazy\" decoding=\"async\" class=\"aligncenter wp-image-10977 size-full\" src=\"http:\/\/blog.cancaonova.com\/amigosdoceu\/files\/2014\/11\/mockup_livro_santa_teresinha-blog.png\" alt=\"\" width=\"500\" height=\"800\" srcset=\"https:\/\/blog.cancaonova.com\/amigosdoceu\/files\/2014\/11\/mockup_livro_santa_teresinha-blog.png 500w, https:\/\/blog.cancaonova.com\/amigosdoceu\/files\/2014\/11\/mockup_livro_santa_teresinha-blog-188x300.png 188w\" sizes=\"(max-width: 500px) 100vw, 500px\" \/><\/a><\/h2>\n","protected":false},"excerpt":{"rendered":"<p>Livro Teresinha do Menino Jesus a Garota mais Popular do Mundo Inteiro de Adelita Rozetti Frulane Ela disse que Deus se serviria de sua hist\u00f3ria para levar muitas almas para o C\u00e9u. Este livro, de fato, n\u00e3o \u00e9 meu, foi&#8230;<\/p>\n","protected":false},"author":4017,"featured_media":10990,"comment_status":"open","ping_status":"open","sticky":false,"template":"","format":"standard","meta":{"_mi_skip_tracking":false,"_monsterinsights_sitenote_active":false,"_monsterinsights_sitenote_note":"","_monsterinsights_sitenote_category":0,"footnotes":""},"categories":[120736],"tags":[176201,176197,176198,62282,176200],"_links":{"self":[{"href":"https:\/\/blog.cancaonova.com\/amigosdoceu\/wp-json\/wp\/v2\/posts\/10976"}],"collection":[{"href":"https:\/\/blog.cancaonova.com\/amigosdoceu\/wp-json\/wp\/v2\/posts"}],"about":[{"href":"https:\/\/blog.cancaonova.com\/amigosdoceu\/wp-json\/wp\/v2\/types\/post"}],"author":[{"embeddable":true,"href":"https:\/\/blog.cancaonova.com\/amigosdoceu\/wp-json\/wp\/v2\/users\/4017"}],"replies":[{"embeddable":true,"href":"https:\/\/blog.cancaonova.com\/amigosdoceu\/wp-json\/wp\/v2\/comments?post=10976"}],"version-history":[{"count":19,"href":"https:\/\/blog.cancaonova.com\/amigosdoceu\/wp-json\/wp\/v2\/posts\/10976\/revisions"}],"predecessor-version":[{"id":11871,"href":"https:\/\/blog.cancaonova.com\/amigosdoceu\/wp-json\/wp\/v2\/posts\/10976\/revisions\/11871"}],"wp:featuredmedia":[{"embeddable":true,"href":"https:\/\/blog.cancaonova.com\/amigosdoceu\/wp-json\/wp\/v2\/media\/10990"}],"wp:attachment":[{"href":"https:\/\/blog.cancaonova.com\/amigosdoceu\/wp-json\/wp\/v2\/media?parent=10976"}],"wp:term":[{"taxonomy":"category","embeddable":true,"href":"https:\/\/blog.cancaonova.com\/amigosdoceu\/wp-json\/wp\/v2\/categories?post=10976"},{"taxonomy":"post_tag","embeddable":true,"href":"https:\/\/blog.cancaonova.com\/amigosdoceu\/wp-json\/wp\/v2\/tags?post=10976"}],"curies":[{"name":"wp","href":"https:\/\/api.w.org\/{rel}","templated":true}]}}