{"id":3027,"date":"2011-09-14T09:00:59","date_gmt":"2011-09-14T11:00:59","guid":{"rendered":"http:\/\/blog.cancaonova.com\/amigosdoceu\/?p=3027"},"modified":"2020-08-13T09:56:18","modified_gmt":"2020-08-13T11:56:18","slug":"irma-dulce","status":"publish","type":"post","link":"https:\/\/blog.cancaonova.com\/amigosdoceu\/irma-dulce\/","title":{"rendered":"Irm\u00e3 Dulce"},"content":{"rendered":"<p><span style=\"color: #800000\"><strong><span style=\"font-size: medium\">Irm\u00e3 Dulce: o Anjo Bom da Bahia!<br \/>\n<\/span><\/strong><\/span><\/p>\n<p style=\"text-align: justify\"><span style=\"font-family: Verdana,sans-serif\"><span style=\"font-size: medium\"><a href=\"http:\/\/blog.cancaonova.com\/amigosdoceu\/files\/2011\/09\/Ir-Dulce-_tia-Adelita.jpg\"><img loading=\"lazy\" decoding=\"async\" class=\"alignleft size-full wp-image-8595\" src=\"http:\/\/blog.cancaonova.com\/amigosdoceu\/files\/2011\/09\/Ir-Dulce-_tia-Adelita.jpg\" alt=\"\" width=\"297\" height=\"474\"><\/a>Puxa: n\u00f3s temos muita gente maravilhosa nesse Brasil!&nbsp; Entre eles, <strong>Jesus \u00e9 o maior<\/strong>!<\/span><\/span><\/p>\n<p style=\"text-align: justify\"><span style=\"font-family: Verdana,sans-serif\"><span style=\"font-size: medium\"><a href=\"http:\/\/blog.cancaonova.com\/amigosdoceu\/files\/2011\/09\/abrac\u0327o-irma\u0303-Dulce.jpg\"><img loading=\"lazy\" decoding=\"async\" class=\"alignright size-full wp-image-6161\" src=\"http:\/\/blog.cancaonova.com\/amigosdoceu\/files\/2011\/09\/abrac\u0327o-irma\u0303-Dulce.jpg\" alt=\"\" width=\"185\" height=\"237\" srcset=\"https:\/\/blog.cancaonova.com\/amigosdoceu\/files\/2011\/09\/abrac\u0327o-irma\u0303-Dulce.jpg 360w, https:\/\/blog.cancaonova.com\/amigosdoceu\/files\/2011\/09\/abrac\u0327o-irma\u0303-Dulce-234x300.jpg 234w\" sizes=\"(max-width: 185px) 100vw, 185px\" \/><\/a><\/span><\/span><span style=\"font-family: Verdana,sans-serif\"><span style=\"font-size: medium\">Irm\u00e3 Dulce, foi o anjo bom da Bahia que ajudou tantas crian\u00e7as abandonadas, idosos e doentes pobres a terem uma vida com mais dignidade. <strong>Irm\u00e3 Dulce foi o abra\u00e7o acolhedor de Jesus no meio dos pobres.<\/strong><br \/>\n<\/span><\/span><\/p>\n<p style=\"text-align: justify\"><span style=\"font-family: Verdana,sans-serif\"><span style=\"font-size: medium\">Voc\u00ea conhece a hist\u00f3ria dela? Vale a pena assistir o amigos do C\u00e9u da vida da Irm\u00e3 Dulce. Esse programa est\u00e1 no <a href=\"http:\/\/blog.cancaonova.com\/amigosdoceu\/nos-na-bahia-meu-rei\/\" target=\"_blank\" rel=\"noopener\"><strong>Memorial da Irm\u00e3 Dulce na Bahia (clique aqui para ver) <\/strong><\/a>e as crian\u00e7as bahianinhas assistem quando v\u00e3o passear por l\u00e1&#8230; \u00c9 uma honra para mim.<\/span><\/span><\/p>\n<p><iframe loading=\"lazy\" title=\"Tia Adelita - Irm\u00c3\u00a3 Dulce a Maior Brasileira de todos os tempos\" width=\"600\" height=\"450\" src=\"https:\/\/www.youtube.com\/embed\/yRdQcnoviXY?start=4&amp;feature=oembed&amp;rel=0\" frameborder=\"0\" allow=\"accelerometer; autoplay; clipboard-write; encrypted-media; gyroscope; picture-in-picture; web-share\" referrerpolicy=\"strict-origin-when-cross-origin\" allowfullscreen><\/iframe><\/p>\n<p>&nbsp;<\/p>\n<div id=\"attachment_5266\" style=\"width: 357px\" class=\"wp-caption aligncenter\"><a href=\"http:\/\/blog.cancaonova.com\/amigosdoceu\/files\/2012\/06\/moldura-rosinhas-Irm\u00e3-Dulce-menina1.png\"><img loading=\"lazy\" decoding=\"async\" aria-describedby=\"caption-attachment-5266\" class=\" wp-image-5266\" src=\"http:\/\/blog.cancaonova.com\/amigosdoceu\/files\/2012\/06\/moldura-rosinhas-Irm\u00e3-Dulce-menina1.png\" alt=\"\" width=\"347\" height=\"464\"><\/a><p id=\"caption-attachment-5266\" class=\"wp-caption-text\">Irm\u00e3 Dulce menina<\/p><\/div>\n<p>&nbsp;<\/p>\n<div id=\"attachment_6166\" style=\"width: 297px\" class=\"wp-caption alignleft\"><a href=\"http:\/\/blog.cancaonova.com\/amigosdoceu\/files\/2011\/09\/Irm\u00e3-Dulce-e-Monsenhor-Jonas-Abib.jpg\"><img loading=\"lazy\" decoding=\"async\" aria-describedby=\"caption-attachment-6166\" class=\"size-full wp-image-6166\" src=\"http:\/\/blog.cancaonova.com\/amigosdoceu\/files\/2011\/09\/Irm\u00e3-Dulce-e-Monsenhor-Jonas-Abib.jpg\" alt=\"\" width=\"287\" height=\"249\"><\/a><p id=\"caption-attachment-6166\" class=\"wp-caption-text\">Irm\u00e3 Dulce e Monsenhor Jonas Abib<\/p><\/div>\n<p style=\"text-align: justify\"><!-- @page { margin: 2cm } P { margin-bottom: 0.21cm } --><span style=\"font-family: Verdana,sans-serif\"><span style=\"font-size: medium\"><strong>Uma coisa engra\u00e7ada: <\/strong>eu fiquei sabendo que a irm\u00e3 Dulce come\u00e7ou sua obra num galinheiro assim: quando eu estava come\u00e7ando o Cantinho da Crian\u00e7a na TV, <\/span><\/span><span style=\"font-family: Verdana,sans-serif\"><span style=\"font-size: medium\">isso a 18 anos atr\u00e1s,<\/span><\/span><span style=\"font-family: Verdana,sans-serif\"><span style=\"font-size: medium\"> o padre Ant\u00f4nio Maria foi gravar uma palinha com a gente e quando entrou no galp\u00e3o velho que era nosso &#8220;est\u00fadio&#8221;, deu uma olhada ao redor e me disse: <span style=\"color: #333399\"><em><strong>&#8220;Bom, a Irm\u00e3 Dulce come\u00e7ou num galinheiro&#8230;&#8221;<\/strong><\/em><\/span><\/span><\/span><\/p>\n<p style=\"text-align: justify\"><span style=\"font-family: Verdana,sans-serif\"><span style=\"font-size: medium\"><span style=\"color: #333399\"><span style=\"color: #000000\"><strong><a href=\"http:\/\/blog.cancaonova.com\/amigosdoceu\/files\/2012\/06\/pine-atabaque.png\"><img loading=\"lazy\" decoding=\"async\" class=\"alignleft wp-image-5263\" src=\"http:\/\/blog.cancaonova.com\/amigosdoceu\/files\/2012\/06\/pine-atabaque.png\" alt=\"pine atabaque\" width=\"88\" height=\"177\" srcset=\"https:\/\/blog.cancaonova.com\/amigosdoceu\/files\/2012\/06\/pine-atabaque.png 283w, https:\/\/blog.cancaonova.com\/amigosdoceu\/files\/2012\/06\/pine-atabaque-149x300.png 149w\" sizes=\"(max-width: 88px) 100vw, 88px\" \/><\/a>Uma not\u00edcia muito legal&#8230; N\u00f3s na Bahia, meu rei!<\/strong><br \/>\n<\/span><\/span><\/span><\/span><\/p>\n<p style=\"text-align: justify\"><span style=\"font-family: Arial,sans-serif\"><span style=\"font-size: medium\">O programa \u201cAmigos do C\u00e9u\u201d com tia Adelita e seu pincelzinho Pin\u00e9 que conta a hist\u00f3ria de Irm\u00e3 Dulce foi incorporado ao acervo do Memorial Irm\u00e3 Dulce, agora quando crian\u00e7as v\u00e3o visitar o Memorial, podem assistir o Amigos do C\u00e9u l\u00e1. Legal! <a href=\"http:\/\/blog.cancaonova.com\/amigosdoceu\/2012\/06\/25\/nos-na-bahia-meu-rei\/\" target=\"_blank\" rel=\"noopener\"><strong>Clique aqui<\/strong><\/a> pra ver a mat\u00e9ria. <\/span><\/span><\/p>\n<p>&nbsp;<\/p>\n<p><strong><br \/>\n<\/strong><\/p>\n<p><span style=\"font-family: Verdana,sans-serif\"><span style=\"font-size: medium\">Quer colorir a Irm\u00e3 Dulce que eu desenhei? \u00c9 s\u00f3 baixar e imprimir&#8230;<\/span><\/span><\/p>\n<p><span style=\"font-family: Verdana,sans-serif\"><span style=\"font-size: medium\"><a href=\"http:\/\/blog.cancaonova.com\/amigosdoceu\/files\/2011\/09\/anjo-bom-da-Bahia-Irma-Dulce.jpg\"><img loading=\"lazy\" decoding=\"async\" class=\"size-full wp-image-6160 alignleft\" src=\"http:\/\/blog.cancaonova.com\/amigosdoceu\/files\/2011\/09\/anjo-bom-da-Bahia-Irma-Dulce.jpg\" alt=\"\" width=\"307\" height=\"434\" srcset=\"https:\/\/blog.cancaonova.com\/amigosdoceu\/files\/2011\/09\/anjo-bom-da-Bahia-Irma-Dulce.jpg 566w, https:\/\/blog.cancaonova.com\/amigosdoceu\/files\/2011\/09\/anjo-bom-da-Bahia-Irma-Dulce-212x300.jpg 212w\" sizes=\"(max-width: 307px) 100vw, 307px\" \/><\/a><\/span><\/span><\/p>\n<p><span style=\"font-family: Verdana,sans-serif\"><span style=\"font-size: medium\"><a href=\"http:\/\/blog.cancaonova.com\/amigosdoceu\/files\/2011\/09\/Ir-Dulce-colorir-_tia-Adelita.jpg\"><img loading=\"lazy\" decoding=\"async\" class=\"alignright size-full wp-image-8596\" src=\"http:\/\/blog.cancaonova.com\/amigosdoceu\/files\/2011\/09\/Ir-Dulce-colorir-_tia-Adelita.jpg\" alt=\"\" width=\"350\" height=\"551\" srcset=\"https:\/\/blog.cancaonova.com\/amigosdoceu\/files\/2011\/09\/Ir-Dulce-colorir-_tia-Adelita.jpg 509w, https:\/\/blog.cancaonova.com\/amigosdoceu\/files\/2011\/09\/Ir-Dulce-colorir-_tia-Adelita-190x300.jpg 190w\" sizes=\"(max-width: 350px) 100vw, 350px\" \/><\/a><br \/>\n<\/span><\/span><\/p>\n<p>&nbsp;<\/p>\n<p><!-- @page { margin: 2cm } P { margin-bottom: 0.21cm } --><\/p>\n<p style=\"text-align: justify\"><span style=\"font-family: Verdana,sans-serif\"><span style=\"font-size: medium\">Quer colorir online o desenho da Irm\u00e3 Dulce num joguinho legal? \u00c9 s\u00f3 clicar no l\u00e1pis abaixo para abrir&#8230;<\/span><\/span><\/p>\n<p><span style=\"font-family: Verdana,sans-serif\"><span style=\"font-size: medium\"><a href=\"http:\/\/blog.cancaonova.com\/amigosdoceu\/files\/2011\/09\/irma-dulce.swf\" target=\"_blank\" rel=\"noopener\"><img loading=\"lazy\" decoding=\"async\" class=\"aligncenter size-medium wp-image-4798\" src=\"http:\/\/blog.cancaonova.com\/amigosdoceu\/files\/2012\/05\/botao-colorir-on-line3-300x217.png\" alt=\"\" width=\"300\" height=\"217\" srcset=\"https:\/\/blog.cancaonova.com\/amigosdoceu\/files\/2012\/05\/botao-colorir-on-line3-300x217.png 300w, https:\/\/blog.cancaonova.com\/amigosdoceu\/files\/2012\/05\/botao-colorir-on-line3.png 500w\" sizes=\"(max-width: 300px) 100vw, 300px\" \/><\/a><\/span><\/span><\/p>\n<p><strong>Voc\u00ea j\u00e1 \u2026<\/strong><\/p>\n<h3><a href=\"https:\/\/www.facebook.com\/amigosdoceu\" target=\"_blank\" rel=\"noopener\"><img loading=\"lazy\" decoding=\"async\" src=\"https:\/\/s-static.ak.facebook.com\/rsrc.php\/v2\/yE\/r\/s160T9ZRfKh.png\" alt=\"\" width=\"53\" height=\"45\"><\/a><\/h3>\n<h3>&nbsp;<\/h3>\n<p>meu <strong>Facebook<\/strong>? J\u00e1 achou a<strong> Tia Adelita <\/strong>em outros locais na <strong>Internet<\/strong>?<\/p>\n<p>Clique nos bot\u00f5es para entrar\u2026<\/p>\n<p>&nbsp;<\/p>\n<p><a href=\"http:\/\/www.youtube.com\/playlist?list=PL562872B285A3C385\" target=\"_blank\" rel=\"noopener\"><img loading=\"lazy\" decoding=\"async\" src=\"..\/files\/2012\/07\/youtube-logo.png\" alt=\"\" width=\"111\" height=\"113\"><\/a><a href=\"http:\/\/pt.gloria.tv\/?user=89999\" target=\"_blank\" rel=\"noopener\"><img loading=\"lazy\" decoding=\"async\" src=\"..\/files\/2013\/07\/palestras-logo-150x150.jpg\" alt=\"\" width=\"119\" height=\"119\"><\/a><a href=\"https:\/\/www.facebook.com\/amigosdoceu\" target=\"_blank\" rel=\"noopener\"><img loading=\"lazy\" decoding=\"async\" src=\"..\/files\/2012\/07\/facebook_icone.png\" alt=\"\" width=\"112\" height=\"113\"><\/a><a href=\"https:\/\/twitter.com\/Tia_Adelita\" target=\"_blank\" rel=\"noopener\"><img loading=\"lazy\" decoding=\"async\" src=\"..\/files\/2013\/07\/twitter_icone.-150x150.png\" alt=\"\" width=\"111\" height=\"111\"><\/a><a href=\"http:\/\/www.podcast1.com.br\/canal.php?pagina=2&amp;codigo_canal=1834\" target=\"_blank\" rel=\"noopener\"><img loading=\"lazy\" decoding=\"async\" src=\"..\/files\/2013\/07\/podcast-logo-150x150.jpg\" alt=\"\" width=\"115\" height=\"115\"><\/a><\/p>\n<p><span style=\"font-family: Verdana,sans-serif\"><span style=\"font-size: medium\"><br \/>\n<\/span><\/span><\/p>\n","protected":false},"excerpt":{"rendered":"<p>Irm\u00e3 Dulce: o Anjo Bom da Bahia! Puxa: n\u00f3s temos muita gente maravilhosa nesse Brasil!&nbsp; Entre eles, Jesus \u00e9 o maior! Irm\u00e3 Dulce, foi o anjo bom da Bahia que ajudou tantas crian\u00e7as abandonadas, idosos e doentes pobres a terem&#8230;<\/p>\n","protected":false},"author":4414,"featured_media":0,"comment_status":"open","ping_status":"open","sticky":false,"template":"","format":"standard","meta":{"_mi_skip_tracking":false,"_monsterinsights_sitenote_active":false,"_monsterinsights_sitenote_note":"","_monsterinsights_sitenote_category":0,"footnotes":""},"categories":[17140,157812],"tags":[131291,131290,37131,131289,131292],"_links":{"self":[{"href":"https:\/\/blog.cancaonova.com\/amigosdoceu\/wp-json\/wp\/v2\/posts\/3027"}],"collection":[{"href":"https:\/\/blog.cancaonova.com\/amigosdoceu\/wp-json\/wp\/v2\/posts"}],"about":[{"href":"https:\/\/blog.cancaonova.com\/amigosdoceu\/wp-json\/wp\/v2\/types\/post"}],"author":[{"embeddable":true,"href":"https:\/\/blog.cancaonova.com\/amigosdoceu\/wp-json\/wp\/v2\/users\/4414"}],"replies":[{"embeddable":true,"href":"https:\/\/blog.cancaonova.com\/amigosdoceu\/wp-json\/wp\/v2\/comments?post=3027"}],"version-history":[{"count":21,"href":"https:\/\/blog.cancaonova.com\/amigosdoceu\/wp-json\/wp\/v2\/posts\/3027\/revisions"}],"predecessor-version":[{"id":11797,"href":"https:\/\/blog.cancaonova.com\/amigosdoceu\/wp-json\/wp\/v2\/posts\/3027\/revisions\/11797"}],"wp:attachment":[{"href":"https:\/\/blog.cancaonova.com\/amigosdoceu\/wp-json\/wp\/v2\/media?parent=3027"}],"wp:term":[{"taxonomy":"category","embeddable":true,"href":"https:\/\/blog.cancaonova.com\/amigosdoceu\/wp-json\/wp\/v2\/categories?post=3027"},{"taxonomy":"post_tag","embeddable":true,"href":"https:\/\/blog.cancaonova.com\/amigosdoceu\/wp-json\/wp\/v2\/tags?post=3027"}],"curies":[{"name":"wp","href":"https:\/\/api.w.org\/{rel}","templated":true}]}}