{"id":4976,"date":"2014-04-01T07:00:22","date_gmt":"2014-04-01T09:00:22","guid":{"rendered":"http:\/\/blog.cancaonova.com\/amigosdoceu\/?p=4976"},"modified":"2014-05-22T17:01:13","modified_gmt":"2014-05-22T19:01:13","slug":"jose-de-anchieta","status":"publish","type":"post","link":"https:\/\/blog.cancaonova.com\/amigosdoceu\/jose-de-anchieta\/","title":{"rendered":"Jos\u00e9 de Anchieta"},"content":{"rendered":"<p><!-- p { margin-bottom: 0.21cm; }a:link {  } --><\/p>\n<p style=\"text-align: justify\"><span style=\"font-family: Verdana,sans-serif\"><span style=\"font-size: medium\"><span style=\"color: #ff0000\"><strong>S\u00e3o Jos\u00e9 de Anchieta: da Hist\u00f3ria para o C\u00e9u!<\/strong><\/span> <\/span><\/span><\/p>\n<p style=\"text-align: justify\"><span style=\"color: #000000\"><span style=\"font-family: Arial,sans-serif\"><span style=\"font-size: xx-small\"><strong><span style=\"font-size: x-small\"><a href=\"http:\/\/blog.cancaonova.com\/amigosdoceu\/files\/2012\/06\/beato-Jos\u00e9-de-Anchieta-_-tia-Adelita.jpg\"><img loading=\"lazy\" decoding=\"async\" class=\"aligncenter size-full wp-image-7886\" alt=\"\" src=\"http:\/\/blog.cancaonova.com\/amigosdoceu\/files\/2012\/06\/beato-Jos\u00e9-de-Anchieta-_-tia-Adelita.jpg\" width=\"640\" height=\"441\" \/><\/a><br \/>\n<\/span><\/strong><\/span><\/span><\/span><\/p>\n<p style=\"text-align: justify\"><a href=\"http:\/\/blog.cancaonova.com\/amigosdoceu\/files\/2012\/05\/jose-de-anchieta.png\"><img loading=\"lazy\" decoding=\"async\" class=\"alignright size-full wp-image-4977\" alt=\"\" src=\"http:\/\/blog.cancaonova.com\/amigosdoceu\/files\/2012\/05\/jose-de-anchieta.png\" width=\"256\" height=\"442\" \/><\/a><\/p>\n<p style=\"text-align: justify\"><span style=\"font-family: Verdana,sans-serif\"><span style=\"font-size: medium\">Finalmente nosso querido Jos\u00e9 de Anchieta passa a ser considerado &#8220;Santo&#8221;, canonizado pelo Papa Francisco dia 3 de abril de 2014&#8230; Viva!!!<\/span><\/span><\/p>\n<p style=\"text-align: justify\"><span style=\"font-family: Verdana,sans-serif\"><span style=\"font-size: medium\">Provavelmente voc\u00ea j\u00e1 ouviu falar dele: \u00e9 um her\u00f3i\u00a0 famoso na Hist\u00f3ria do Brasil. Isso por ser um dos fundadores da cidade de S\u00e3o Paulo e por ter promovido a paz entre os \u00edndios Tam\u00f4ios e Tupis. Mas&#8230; Porque esse carinha saiu das p\u00e1ginas do seu livro de hist\u00f3ria direto para o C\u00e9u???? <\/span><\/span><\/p>\n<p><span style=\"color: #ff0000\"><span style=\"font-size: medium\"><strong>CURIOSIDADES<\/strong><\/span><\/span><span style=\"color: #000000\"><span style=\"font-family: Arial,sans-serif\"><span style=\"font-size: xx-small\"><strong><span style=\"font-size: x-small\"><a href=\"http:\/\/blog.cancaonova.com\/amigosdoceu\/files\/2012\/05\/voo-das-araras.png\"><img loading=\"lazy\" decoding=\"async\" class=\"size-full wp-image-4980 alignleft\" alt=\"\" src=\"http:\/\/blog.cancaonova.com\/amigosdoceu\/files\/2012\/05\/voo-das-araras.png\" width=\"261\" height=\"52\" \/><\/a><\/span><\/strong><\/span><\/span><\/span><\/p>\n<p><span style=\"color: #ff0000\"><span style=\"font-size: medium\"><strong>Aventureiro<\/strong>&#8230;<\/span><\/span><\/p>\n<p style=\"text-align: left\"><a href=\"http:\/\/blog.cancaonova.com\/amigosdoceu\/files\/2012\/05\/caravela.png\"><img loading=\"lazy\" decoding=\"async\" class=\"alignleft size-full wp-image-4978\" alt=\"\" src=\"http:\/\/blog.cancaonova.com\/amigosdoceu\/files\/2012\/05\/caravela.png\" width=\"283\" height=\"480\" srcset=\"https:\/\/blog.cancaonova.com\/amigosdoceu\/files\/2012\/05\/caravela.png 283w, https:\/\/blog.cancaonova.com\/amigosdoceu\/files\/2012\/05\/caravela-176x300.png 176w\" sizes=\"(max-width: 283px) 100vw, 283px\" \/><\/a><\/p>\n<p style=\"text-align: justify\"><span style=\"font-family: Verdana,sans-serif\"><span style=\"font-size: medium\">Embarcou num navio em uma longa, viagem perigosa, sem volta. Nunca mais viu seus pais e amigos e isso com apenas 19 anos. E mais, ir para uma terra desconhecida selvagem, sem nenhum conforto. Foi o que fez um garoto, chamado Jos\u00e9 de Anchieta. <\/span><\/span><\/p>\n<p><strong><a href=\"http:\/\/blog.cancaonova.com\/amigosdoceu\/files\/2012\/05\/pine-indio.png\"><img loading=\"lazy\" decoding=\"async\" class=\"alignright size-full wp-image-4979\" alt=\"\" src=\"http:\/\/blog.cancaonova.com\/amigosdoceu\/files\/2012\/05\/pine-indio.png\" width=\"95\" height=\"311\" \/><\/a><\/strong><\/p>\n<p style=\"text-align: justify\"><span style=\"color: #ff0000\"><span style=\"font-size: medium\"><strong>Carinha Inteligente&#8230;<\/strong><\/span><\/span><\/p>\n<p style=\"text-align: justify\"><span style=\"font-family: Verdana,sans-serif\"><span style=\"font-size: medium\">Pouco tempo depois que chegou ao Brasil, j\u00e1 sabia falar o Tupi-guarani e ainda, escreveu uma gram\u00e1tica nessa l\u00edngua para ensinar seus colegas mission\u00e1rios.<\/span><\/span><\/p>\n<p style=\"text-align: justify\"><span style=\"color: #ff0000\"><span style=\"font-size: medium\"><strong>Legal!<\/strong><\/span><\/span><\/p>\n<p style=\"text-align: justify\"><span style=\"font-family: Verdana,sans-serif\"><span style=\"font-size: medium\">Ele foi um dos primeiros catequistas do Brasil. Suas aulas eram super divertidas, pois eles cantavam, faziam teatros, dan\u00e7avam, declamavam poesias&#8230;<\/span><\/span><\/p>\n<p style=\"text-align: justify\"><span style=\"color: #ff0000\"><span style=\"font-size: medium\"><strong>Vai Encarar?<\/strong><\/span><\/span><\/p>\n<p style=\"text-align: justify\"><span style=\"font-family: Verdana,sans-serif\"><span style=\"font-size: medium\">Para ser ordenado sacerdote, ele teve que andar pela praia, de S\u00e3o Paulo at\u00e9 a Bahia. J\u00e1 velhinho e com os p\u00e9s feridos e inchados, apoiando num peda\u00e7o de pau ou no lombo de um burro, ele fez o mesmo caminho, celebrando missas, casamentos, batizado em todas as aldeias que passava.<\/span><\/span><\/p>\n<p><span style=\"color: #ff0000\"><span style=\"font-size: medium\"><strong>N\u00e3o \u00e9 fraco n\u00e3o!<\/strong><\/span><\/span><\/p>\n<p style=\"text-align: justify\"><span style=\"font-family: Verdana,sans-serif\"><span style=\"font-size: medium\">Ressuscitava os mortos, curava os doentes, fazia milagres, levitava, sabia o que ia no cora\u00e7\u00e3o das pessoas, antes que falassem&#8230; Na verdade, n\u00e3o era ele que fazia essas coisas, esse poder vinha de Jesus que amava os \u00edndios e queria que eles o conhecessem.<\/span><\/span><\/p>\n<p><a href=\"http:\/\/blog.cancaonova.com\/amigosdoceu\/files\/2012\/05\/na-canoa.png\"><img loading=\"lazy\" decoding=\"async\" class=\"aligncenter size-full wp-image-4981\" alt=\"\" src=\"http:\/\/blog.cancaonova.com\/amigosdoceu\/files\/2012\/05\/na-canoa.png\" width=\"637\" height=\"149\" srcset=\"https:\/\/blog.cancaonova.com\/amigosdoceu\/files\/2012\/05\/na-canoa.png 480w, https:\/\/blog.cancaonova.com\/amigosdoceu\/files\/2012\/05\/na-canoa-300x70.png 300w\" sizes=\"(max-width: 637px) 100vw, 637px\" \/><\/a><\/p>\n<p style=\"text-align: justify\"><span style=\"font-family: Verdana,sans-serif\"><span style=\"font-size: medium\">E, se voc\u00ea acha que ser um dos primeiros mission\u00e1rios do Brasil moleza, olha a carta que ele escreveu para seu primo Santo In\u00e1cio de Loyola: <\/span><\/span><\/p>\n<p><a href=\"http:\/\/blog.cancaonova.com\/amigosdoceu\/files\/2012\/05\/carta-de-anchieta-a-santo-inacio.png\"><img loading=\"lazy\" decoding=\"async\" class=\"aligncenter size-full wp-image-4982\" alt=\"\" src=\"http:\/\/blog.cancaonova.com\/amigosdoceu\/files\/2012\/05\/carta-de-anchieta-a-santo-inacio.png\" width=\"599\" height=\"371\" srcset=\"https:\/\/blog.cancaonova.com\/amigosdoceu\/files\/2012\/05\/carta-de-anchieta-a-santo-inacio.png 640w, https:\/\/blog.cancaonova.com\/amigosdoceu\/files\/2012\/05\/carta-de-anchieta-a-santo-inacio-300x186.png 300w\" sizes=\"(max-width: 599px) 100vw, 599px\" \/><\/a><\/p>\n<p style=\"text-align: justify\"><span style=\"font-family: Verdana,sans-serif\"><span style=\"font-size: medium\">E, para completar, al\u00e9m de tudo isso, Jos\u00e9 de Anchieta tinha um excelente bom humor. Teve uma vez que ele estava em uma canoa entre portugueses e \u00edndios e&#8230; Bom, se voc\u00ea quiser \u00a0saber mais, essa hist\u00f3ria tamb\u00e9m est\u00e1 em meu livro&#8230;<\/span><\/span><\/p>\n<p style=\"text-align: center\"><a href=\"http:\/\/loja.cancaonova.com\/products\/19950-livro-aventureiros-guerreiros-e-outros-herois-santos-com-oculos-3d\" target=\"_blank\"><img loading=\"lazy\" decoding=\"async\" class=\"size-medium wp-image-4985  aligncenter\" alt=\"\" src=\"http:\/\/blog.cancaonova.com\/amigosdoceu\/files\/2012\/05\/capa-aventureiros-214x300.png\" width=\"214\" height=\"300\" srcset=\"https:\/\/blog.cancaonova.com\/amigosdoceu\/files\/2012\/05\/capa-aventureiros-214x300.png 214w, https:\/\/blog.cancaonova.com\/amigosdoceu\/files\/2012\/05\/capa-aventureiros.png 571w\" sizes=\"(max-width: 214px) 100vw, 214px\" \/><\/a><\/p>\n<p style=\"text-align: justify\"><a href=\"http:\/\/blog.cancaonova.com\/amigosdoceu\/files\/2012\/05\/pato.png\"><img loading=\"lazy\" decoding=\"async\" class=\"alignleft size-thumbnail wp-image-4986\" alt=\"\" src=\"http:\/\/blog.cancaonova.com\/amigosdoceu\/files\/2012\/05\/pato-150x150.png\" width=\"150\" height=\"150\" \/><\/a><span style=\"font-family: Verdana,sans-serif\"><span style=\"font-size: medium\">Tem tamb\u00e9m aquela de Anchieta e um pato&#8230; (Ehehehe&#8230;) Essa se voc\u00ea quiser conhecer, tem que assistir no <strong>Amigos do C\u00e9u<\/strong><\/span><\/span><\/p>\n<p><iframe loading=\"lazy\" title=\"Tia Adelita - Jos\u00c3\u00a9 de Anchieta Ap\u00c3\u00b3stolo do Brasil\" width=\"600\" height=\"450\" src=\"https:\/\/www.youtube.com\/embed\/b7x_zN0AWCA?feature=oembed&amp;rel=0\" frameborder=\"0\" allow=\"accelerometer; autoplay; clipboard-write; encrypted-media; gyroscope; picture-in-picture; web-share\" referrerpolicy=\"strict-origin-when-cross-origin\" allowfullscreen><\/iframe><\/p>\n<p>&nbsp;<\/p>\n<p>&nbsp;<\/p>\n<p>&nbsp;<\/p>\n<p>&nbsp;<\/p>\n<p style=\"text-align: justify\"><a href=\"http:\/\/blog.cancaonova.com\/amigosdoceu\/files\/2012\/05\/jose-de-anchieta-colorido.png\"><img loading=\"lazy\" decoding=\"async\" class=\"size-full wp-image-4988 alignright\" alt=\"\" src=\"http:\/\/blog.cancaonova.com\/amigosdoceu\/files\/2012\/05\/jose-de-anchieta-colorido.png\" width=\"235\" height=\"452\" srcset=\"https:\/\/blog.cancaonova.com\/amigosdoceu\/files\/2012\/05\/jose-de-anchieta-colorido.png 425w, https:\/\/blog.cancaonova.com\/amigosdoceu\/files\/2012\/05\/jose-de-anchieta-colorido-156x300.png 156w\" sizes=\"(max-width: 235px) 100vw, 235px\" \/><\/a><span style=\"font-family: Verdana,sans-serif\"><span style=\"font-size: medium\">A hist\u00f3ria \u00e9 muuuito legal, n\u00e3o \u00e9?! Tem at\u00e9 o game dela para colorir meu desenho online, \u00e9 s\u00f3 clicar no l\u00e1pis&#8230; <\/span><\/span><\/p>\n<p><a href=\"http:\/\/blog.cancaonova.com\/amigosdoceu\/2011\/11\/06\/bento-jose-de-anchieta\/\" target=\"_blank\"><img loading=\"lazy\" decoding=\"async\" class=\"size-medium wp-image-4798 alignleft\" alt=\"\" src=\"http:\/\/blog.cancaonova.com\/amigosdoceu\/files\/2012\/05\/botao-colorir-on-line3-300x217.png\" width=\"357\" height=\"257\" \/><\/a><\/p>\n<p style=\"text-align: justify\"><span style=\"font-family: Verdana,sans-serif\"><span style=\"font-size: medium\">Olha o desenho que eu pintei pra voc\u00ea&#8230; Gostou? <\/span><\/span><\/p>\n<p style=\"text-align: justify\">Agora voc\u00ea pode clicar no desenho a baixo\u00a0 para ampliar, imprimir e colorir&#8230;<\/p>\n<h4 style=\"text-align: justify\"><\/h4>\n<h4 style=\"text-align: justify\"><a href=\"http:\/\/blog.cancaonova.com\/amigosdoceu\/files\/2012\/06\/Beato-Jos\u00e9-de-Anchieta-colorir-_-tia-Adelita.jpg\"><img loading=\"lazy\" decoding=\"async\" class=\"size-full wp-image-7887 alignleft\" alt=\"\" src=\"http:\/\/blog.cancaonova.com\/amigosdoceu\/files\/2012\/06\/Beato-Jos\u00e9-de-Anchieta-colorir-_-tia-Adelita.jpg\" width=\"424\" height=\"312\" \/><\/a><a style=\"font-size: 1.2em;line-height: 1.5em\" href=\"http:\/\/www.youtube.com\/playlist?list=PL562872B285A3C385&amp;feature=plcp\" target=\"_blank\"><strong><br \/>\n<\/strong><\/a><\/h4>\n","protected":false},"excerpt":{"rendered":"<p>Jos\u00e9 de anchieta: curiosidades, hist\u00f3rias e desenho para colorir on line. <a href=\"https:\/\/blog.cancaonova.com\/amigosdoceu\/jose-de-anchieta\/\">Continue lendo <span class=\"meta-nav\">&rarr;<\/span><\/a><\/p>\n","protected":false},"author":4017,"featured_media":7886,"comment_status":"open","ping_status":"open","sticky":false,"template":"","format":"standard","meta":{"_mi_skip_tracking":false,"_monsterinsights_sitenote_active":false,"_monsterinsights_sitenote_note":"","_monsterinsights_sitenote_category":0,"footnotes":""},"categories":[157812,15793],"tags":[17108,129005,129003,64156,129004],"_links":{"self":[{"href":"https:\/\/blog.cancaonova.com\/amigosdoceu\/wp-json\/wp\/v2\/posts\/4976"}],"collection":[{"href":"https:\/\/blog.cancaonova.com\/amigosdoceu\/wp-json\/wp\/v2\/posts"}],"about":[{"href":"https:\/\/blog.cancaonova.com\/amigosdoceu\/wp-json\/wp\/v2\/types\/post"}],"author":[{"embeddable":true,"href":"https:\/\/blog.cancaonova.com\/amigosdoceu\/wp-json\/wp\/v2\/users\/4017"}],"replies":[{"embeddable":true,"href":"https:\/\/blog.cancaonova.com\/amigosdoceu\/wp-json\/wp\/v2\/comments?post=4976"}],"version-history":[{"count":29,"href":"https:\/\/blog.cancaonova.com\/amigosdoceu\/wp-json\/wp\/v2\/posts\/4976\/revisions"}],"predecessor-version":[{"id":10605,"href":"https:\/\/blog.cancaonova.com\/amigosdoceu\/wp-json\/wp\/v2\/posts\/4976\/revisions\/10605"}],"wp:featuredmedia":[{"embeddable":true,"href":"https:\/\/blog.cancaonova.com\/amigosdoceu\/wp-json\/wp\/v2\/media\/7886"}],"wp:attachment":[{"href":"https:\/\/blog.cancaonova.com\/amigosdoceu\/wp-json\/wp\/v2\/media?parent=4976"}],"wp:term":[{"taxonomy":"category","embeddable":true,"href":"https:\/\/blog.cancaonova.com\/amigosdoceu\/wp-json\/wp\/v2\/categories?post=4976"},{"taxonomy":"post_tag","embeddable":true,"href":"https:\/\/blog.cancaonova.com\/amigosdoceu\/wp-json\/wp\/v2\/tags?post=4976"}],"curies":[{"name":"wp","href":"https:\/\/api.w.org\/{rel}","templated":true}]}}