{"id":5262,"date":"2012-06-25T07:00:27","date_gmt":"2012-06-25T09:00:27","guid":{"rendered":"http:\/\/blog.cancaonova.com\/amigosdoceu\/?p=5262"},"modified":"2013-08-22T16:02:07","modified_gmt":"2013-08-22T18:02:07","slug":"nos-na-bahia-meu-rei","status":"publish","type":"post","link":"https:\/\/blog.cancaonova.com\/amigosdoceu\/nos-na-bahia-meu-rei\/","title":{"rendered":"N\u00f3s na Bahia, Meu Rei!"},"content":{"rendered":"<p><strong>O Amigos do C\u00e9u no Memorial da Irm\u00e3 Dulce? QUE LEGAL!!!<\/strong><\/p>\n<p><span style=\"font-family: Arial,sans-serif\"><span style=\"font-size: medium\">O programa &#8220;Amigos do C\u00e9u&#8221; com tia Adelita e seu pincelzinho Pin\u00e9 que conta a hist\u00f3ria de Irm\u00e3 Dulce menina vai ser incorporado ao acervo do Memorial Irm\u00e3 Dulce. Assista o programa e pinte on line o desenho.<\/span><\/span><\/p>\n<p><strong><a href=\"http:\/\/blog.cancaonova.com\/amigosdoceu\/files\/2012\/06\/irma_dulce_com_criancas.png\"><img loading=\"lazy\" decoding=\"async\" class=\"size-full wp-image-5268    aligncenter\" src=\"http:\/\/blog.cancaonova.com\/amigosdoceu\/files\/2012\/06\/irma_dulce_com_criancas.png\" alt=\"\" width=\"294\" height=\"196\" srcset=\"https:\/\/blog.cancaonova.com\/amigosdoceu\/files\/2012\/06\/irma_dulce_com_criancas.png 465w, https:\/\/blog.cancaonova.com\/amigosdoceu\/files\/2012\/06\/irma_dulce_com_criancas-300x200.png 300w\" sizes=\"(max-width: 294px) 100vw, 294px\" \/><\/a><\/strong><\/p>\n<p style=\"text-align: right\"><strong><a href=\"http:\/\/blog.cancaonova.com\/amigosdoceu\/files\/2012\/06\/irma-dulce.png\"><!--more--><br \/>\n<\/a><\/strong><\/p>\n<div id=\"attachment_5264\" style=\"width: 169px\" class=\"wp-caption alignright\"><a href=\"http:\/\/blog.cancaonova.com\/amigosdoceu\/files\/2012\/06\/moldura-rosinhas-Irm\u00e3-Dulce-beb\u00ea.png\"><img loading=\"lazy\" decoding=\"async\" aria-describedby=\"caption-attachment-5264\" class=\"size-medium wp-image-5264\" src=\"http:\/\/blog.cancaonova.com\/amigosdoceu\/files\/2012\/06\/moldura-rosinhas-Irm\u00e3-Dulce-beb\u00ea-223x300.png\" alt=\"\" width=\"159\" height=\"213\" srcset=\"https:\/\/blog.cancaonova.com\/amigosdoceu\/files\/2012\/06\/moldura-rosinhas-Irm\u00e3-Dulce-beb\u00ea-223x300.png 223w, https:\/\/blog.cancaonova.com\/amigosdoceu\/files\/2012\/06\/moldura-rosinhas-Irm\u00e3-Dulce-beb\u00ea.png 447w\" sizes=\"(max-width: 159px) 100vw, 159px\" \/><\/a><p id=\"caption-attachment-5264\" class=\"wp-caption-text\">Irm\u00e3 Dulce beb\u00ea<\/p><\/div>\n<p style=\"text-align: right\">\n<p style=\"text-align: justify\"><strong><a href=\"http:\/\/blog.cancaonova.com\/amigosdoceu\/files\/2012\/06\/pine-atabaque.png\"><img loading=\"lazy\" decoding=\"async\" class=\"size-full wp-image-5263 alignleft\" src=\"http:\/\/blog.cancaonova.com\/amigosdoceu\/files\/2012\/06\/pine-atabaque.png\" alt=\"\" width=\"162\" height=\"324\" \/><\/a><\/strong><\/p>\n<p style=\"text-align: right\">\n<p style=\"text-align: justify\"><strong>Que<\/strong><strong> not\u00edcia maravilhosa!<\/strong><\/p>\n<p style=\"text-align: justify\">Eu e o meu amiguinho Pin\u00e9 estamos super felizes,, o nosso programa &#8220;Amigos do C\u00e9u&#8221; que conta a hist\u00f3ria de Irm\u00e3 Dulce menina vai ser incorporado ao acervo do<strong> Memorial Irm\u00e3 Dulce.<\/strong><\/p>\n<p style=\"text-align: justify\">\n<p style=\"text-align: justify\">E mais: ser\u00e1 exibido para crian\u00e7as de col\u00e9gios cat\u00f3licos de  Salvador que visitam o Memorial. Isso \u00e9 muito importante para n\u00f3s porque amamos a irm\u00e3 Dulce e assim mais crian\u00e7as v\u00e3o conhecer a hist\u00f3ria dessa bahianinha t\u00e3o querida.<\/p>\n<p style=\"text-align: justify\">\n<div id=\"attachment_5266\" style=\"width: 227px\" class=\"wp-caption alignleft\"><a href=\"http:\/\/blog.cancaonova.com\/amigosdoceu\/files\/2012\/06\/moldura-rosinhas-Irm\u00e3-Dulce-menina1.png\"><img loading=\"lazy\" decoding=\"async\" aria-describedby=\"caption-attachment-5266\" class=\"size-full wp-image-5266\" src=\"http:\/\/blog.cancaonova.com\/amigosdoceu\/files\/2012\/06\/moldura-rosinhas-Irm\u00e3-Dulce-menina1.png\" alt=\"\" width=\"217\" height=\"292\" srcset=\"https:\/\/blog.cancaonova.com\/amigosdoceu\/files\/2012\/06\/moldura-rosinhas-Irm\u00e3-Dulce-menina1.png 447w, https:\/\/blog.cancaonova.com\/amigosdoceu\/files\/2012\/06\/moldura-rosinhas-Irm\u00e3-Dulce-menina1-223x300.png 223w\" sizes=\"(max-width: 217px) 100vw, 217px\" \/><\/a><p id=\"caption-attachment-5266\" class=\"wp-caption-text\">Irm\u00e3 Dulce menina<\/p><\/div>\n<p style=\"text-align: justify\">Agora,\u00a0 voc\u00ea n\u00e3o precisa ir a Bahia para ver o programa\u00a0 &#8220;Amigos do C\u00e9u e conhecer a hist\u00f3ria de Irm\u00e3 Dulce menina. <strong>Clique no bot\u00e3o com o rostinho de Irm\u00e3 Dulce para abrir o video&#8230;<\/strong>.<\/p>\n<p style=\"text-align: left\"><a href=\"http:\/\/blog.cancaonova.com\/amigosdoceu\/2011\/09\/14\/irma-dulce\/\" target=\"_blank\"><img loading=\"lazy\" decoding=\"async\" class=\"aligncenter size-full wp-image-5271\" src=\"http:\/\/blog.cancaonova.com\/amigosdoceu\/files\/2012\/06\/irma-dulce-botao.png\" alt=\"\" width=\"181\" height=\"181\" srcset=\"https:\/\/blog.cancaonova.com\/amigosdoceu\/files\/2012\/06\/irma-dulce-botao.png 394w, https:\/\/blog.cancaonova.com\/amigosdoceu\/files\/2012\/06\/irma-dulce-botao-150x150.png 150w, https:\/\/blog.cancaonova.com\/amigosdoceu\/files\/2012\/06\/irma-dulce-botao-300x300.png 300w\" sizes=\"(max-width: 181px) 100vw, 181px\" \/><\/a><\/p>\n<p style=\"text-align: left\">\n<p style=\"text-align: left\">\n<p style=\"text-align: left\">E voc\u00ea pode Colorir online o desenho que fiz dela no programa. <strong>Clique nos l\u00e1pis para abrir o game<\/strong>.<\/p>\n<p style=\"text-align: left\"><a href=\"http:\/\/blog.cancaonova.com\/amigosdoceu\/files\/2011\/09\/irma-dulce.swf\" target=\"_blank\"><img loading=\"lazy\" decoding=\"async\" class=\"aligncenter size-full wp-image-4798\" src=\"http:\/\/blog.cancaonova.com\/amigosdoceu\/files\/2012\/05\/botao-colorir-on-line3.png\" alt=\"\" width=\"224\" height=\"162\" srcset=\"https:\/\/blog.cancaonova.com\/amigosdoceu\/files\/2012\/05\/botao-colorir-on-line3.png 500w, https:\/\/blog.cancaonova.com\/amigosdoceu\/files\/2012\/05\/botao-colorir-on-line3-300x217.png 300w\" sizes=\"(max-width: 224px) 100vw, 224px\" \/><\/a><\/p>\n","protected":false},"excerpt":{"rendered":"<p>O Amigos do C\u00e9u no Memorial da Irm\u00e3 Dulce? QUE LEGAL!!! O programa &#8220;Amigos do C\u00e9u&#8221; com tia Adelita e seu pincelzinho Pin\u00e9 que conta a hist\u00f3ria de Irm\u00e3 Dulce menina vai ser incorporado ao acervo do Memorial Irm\u00e3 Dulce&#8230;.<\/p>\n","protected":false},"author":4017,"featured_media":0,"comment_status":"open","ping_status":"open","sticky":false,"template":"","format":"standard","meta":{"_mi_skip_tracking":false,"_monsterinsights_sitenote_active":false,"_monsterinsights_sitenote_note":"","_monsterinsights_sitenote_category":0,"footnotes":""},"categories":[17140,157812,1281],"tags":[30629,15161,3,37131,131186],"_links":{"self":[{"href":"https:\/\/blog.cancaonova.com\/amigosdoceu\/wp-json\/wp\/v2\/posts\/5262"}],"collection":[{"href":"https:\/\/blog.cancaonova.com\/amigosdoceu\/wp-json\/wp\/v2\/posts"}],"about":[{"href":"https:\/\/blog.cancaonova.com\/amigosdoceu\/wp-json\/wp\/v2\/types\/post"}],"author":[{"embeddable":true,"href":"https:\/\/blog.cancaonova.com\/amigosdoceu\/wp-json\/wp\/v2\/users\/4017"}],"replies":[{"embeddable":true,"href":"https:\/\/blog.cancaonova.com\/amigosdoceu\/wp-json\/wp\/v2\/comments?post=5262"}],"version-history":[{"count":23,"href":"https:\/\/blog.cancaonova.com\/amigosdoceu\/wp-json\/wp\/v2\/posts\/5262\/revisions"}],"predecessor-version":[{"id":9595,"href":"https:\/\/blog.cancaonova.com\/amigosdoceu\/wp-json\/wp\/v2\/posts\/5262\/revisions\/9595"}],"wp:attachment":[{"href":"https:\/\/blog.cancaonova.com\/amigosdoceu\/wp-json\/wp\/v2\/media?parent=5262"}],"wp:term":[{"taxonomy":"category","embeddable":true,"href":"https:\/\/blog.cancaonova.com\/amigosdoceu\/wp-json\/wp\/v2\/categories?post=5262"},{"taxonomy":"post_tag","embeddable":true,"href":"https:\/\/blog.cancaonova.com\/amigosdoceu\/wp-json\/wp\/v2\/tags?post=5262"}],"curies":[{"name":"wp","href":"https:\/\/api.w.org\/{rel}","templated":true}]}}