{"id":6330,"date":"2012-08-11T07:00:48","date_gmt":"2012-08-11T09:00:48","guid":{"rendered":"http:\/\/blog.cancaonova.com\/amigosdoceu\/?p=6330"},"modified":"2013-08-20T10:06:31","modified_gmt":"2013-08-20T12:06:31","slug":"santa-clara-de-assis","status":"publish","type":"post","link":"https:\/\/blog.cancaonova.com\/amigosdoceu\/santa-clara-de-assis\/","title":{"rendered":"Santa Clara de Assis"},"content":{"rendered":"<p style=\"text-align: justify\"><span style=\"font-size: medium\"><span style=\"font-family: Verdana,sans-serif\"><span style=\"color: #ff0000\"><strong>Clara, a linda dama pobre de Assis.<\/strong><\/span><br \/>\n<\/span><\/span><\/p>\n<p style=\"text-align: justify\"><span style=\"font-size: medium\"><span style=\"font-family: Verdana,sans-serif\"><a href=\"http:\/\/blog.cancaonova.com\/amigosdoceu\/files\/2012\/08\/santa-clara-1.png\"><img loading=\"lazy\" decoding=\"async\" class=\"alignleft size-full wp-image-6331\" src=\"http:\/\/blog.cancaonova.com\/amigosdoceu\/files\/2012\/08\/santa-clara-1.png\" alt=\"\" width=\"208\" height=\"311\" \/><\/a>Clara viveu na \u00e9poca de Romeu e Julieta, dos cavaleiros e princesas nas torres. <\/span><\/span><\/p>\n<p style=\"text-align: justify\"><span style=\"font-size: medium\"><span style=\"font-family: Verdana,sans-serif\">E \u00e9poca do grande <strong>S\u00e3o Francisco de Assis (<a href=\"http:\/\/blog.cancaonova.com\/amigosdoceu\/2012\/12\/17\/o-presepio-de-sao-francisco\/\" target=\"_blank\">uma linda hist\u00f3ria dele clicando aqui<\/a>)<\/strong>: o jovem que deixou sua fortuna e foi servir de enfermeiro dos leprosos, os pobres mais pobres de Assis. Quando Francisco come\u00e7ou sua miss\u00e3o <a href=\"http:\/\/blog.cancaonova.com\/amigosdoceu\/2012\/10\/04\/sao-francisco-de-assis\/\" target=\"_blank\"><strong>(outra hist\u00f3ria dele clicando aqui)<\/strong><\/a>, Clara era ainda uma menina, mas decidiu: <em><strong><span style=\"color: #333399\">Quero ser como ele!<\/span><\/strong><\/em><br \/>\n<\/span><\/span><\/p>\n<p style=\"text-align: justify\"><span style=\"font-size: medium\"><span style=\"font-family: Verdana,sans-serif\">Clara era de uma fam\u00edlia nobre e mais rica que a do Francisco. E era linda, com longos cabelos loiros e olhos azuis. Um poeta escreveu dela: <\/span><span style=\"color: #333399\"><em><strong>&#8220;Clara de nome, mais clara de vida e clar\u00edssima de virtudes!&#8221; <\/strong><\/em><\/span><\/span><\/p>\n<p style=\"text-align: justify\"><span style=\"font-size: medium\"><span style=\"color: #333399\"><span style=\"color: #000000\"><a href=\"http:\/\/blog.cancaonova.com\/amigosdoceu\/files\/2012\/08\/lirios.png\"><img loading=\"lazy\" decoding=\"async\" class=\"alignright size-full wp-image-6333\" src=\"http:\/\/blog.cancaonova.com\/amigosdoceu\/files\/2012\/08\/lirios.png\" alt=\"\" width=\"193\" height=\"151\" \/><\/a>Seu pai decidiu: <\/span><span style=\"color: #333399\"><em><strong>Clara deve casar-se com um pr\u00edncipe digno de nossa fortuna&#8230;<\/strong><\/em>&#8221; <\/span><\/span><\/span><\/p>\n<p style=\"text-align: justify\"><span style=\"font-size: medium\"><span style=\"color: #333399\"><span style=\"color: #000000\">X\u00ed\u00ed\u00ed&#8230; Como Clara escapou dessa? Quer saber?<\/span><\/span><\/span><\/p>\n<p style=\"text-align: justify\"><span style=\"font-size: medium\"><span style=\"color: #000000\"><span style=\"font-family: Verdana,sans-serif\">Quer conhecer essa e outras hist\u00f3rias de Santa Clara? \u00c9 s\u00f3 assistir ao<strong> <span style=\"color: #333399\"><a href=\"http:\/\/www.youtube.com\/playlist?list=PL562872B285A3C385&amp;feature=plcp\" target=\"_blank\">&#8220;Amigos do C\u00e9u&#8221;<\/a> &#8211; <\/span><\/strong>Clara de Assis com Tia Adelita (eu) e Pin\u00e9&#8230;<\/span><\/span><em><strong><span style=\"color: #000000\"><span style=\"font-family: Verdana,sans-serif\"><br \/>\n<\/span><\/span><\/strong><\/em><\/span><\/p>\n<p><object classid=\"d27cdb6e-ae6d-11cf-96b8-444553540000\" width=\"544\" height=\"408\"><param name=\"allowFullScreen\" value=\"true\" \/><param name=\"allowscriptaccess\" value=\"always\" \/><param name=\"src\" value=\"http:\/\/www.youtube.com\/v\/xPRImXod_p8?version=3&amp;hl=pt_BR&amp;rel=0\" \/><param name=\"allowfullscreen\" value=\"true\" \/><embed type=\"application\/x-shockwave-flash\" width=\"544\" height=\"408\" src=\"http:\/\/www.youtube.com\/v\/xPRImXod_p8?version=3&amp;hl=pt_BR&amp;rel=0\" allowscriptaccess=\"always\" allowfullscreen=\"true\"><\/embed><\/object><\/p>\n<p style=\"text-align: justify\"><span style=\"color: #ff0000\"><span style=\"color: #000000\"><span style=\"font-size: medium\">Clara tinha uma irm\u00e3 menor que a seguiu para o convento, <\/span><strong><span style=\"font-size: medium\">Santa In\u00eas<\/span><\/strong><\/span><span style=\"font-size: medium\"><span style=\"color: #000000\">, <\/span><span style=\"color: #000000\">saiba como foi a hist\u00f3ria<\/span><\/span><span style=\"color: #000000\"><strong><span style=\"font-size: medium\"> (<a href=\"http:\/\/blog.cancaonova.com\/amigosdoceu\/2012\/11\/16\/santas-irmas-clara-e-ines\/\" target=\"_blank\">clicando aqui)<\/a>.<\/span><\/strong><\/span><\/span><\/p>\n<p style=\"text-align: justify\"><span style=\"color: #ff0000\"><strong><span style=\"font-size: medium\">Por que Santa Clara \u00e9 a padroeira da televis\u00e3o?<\/span><\/strong><\/span><\/p>\n<p style=\"text-align: justify\"><span style=\"color: #000000\"><span style=\"font-family: Verdana,sans-serif\"><span style=\"font-size: medium\"><a href=\"http:\/\/blog.cancaonova.com\/amigosdoceu\/files\/2012\/08\/santa-clara-2.png\"><img loading=\"lazy\" decoding=\"async\" class=\"alignright size-full wp-image-6332\" src=\"http:\/\/blog.cancaonova.com\/amigosdoceu\/files\/2012\/08\/santa-clara-2.png\" alt=\"\" width=\"250\" height=\"577\" \/><\/a>Santa  Clara \u00e9 a padroeira da televis\u00e3o porque ela viu a primeira transmiss\u00e3o  ao vivo da hist\u00f3ria e isso no ano 1253&#8230; Milagre!!!!!! <\/span><\/span><\/span><\/p>\n<p style=\"text-align: justify\"><span style=\"font-family: Verdana,sans-serif\"><span style=\"font-size: medium\"><span style=\"color: #0f0c07\">\u00c9 que ela estava doente e queria participar da missa de Natal, mas n\u00e3o tinha como. Ent\u00e3o, ela queixou-se ao Menino Jesus: &#8220;<em><strong><span style=\"font-family: Verdana,sans-serif\">Senhor Meu Deus,<\/span><\/strong><\/em><\/span><em><strong><span style=\"color: #0f0c07\"><span style=\"font-family: Verdana,sans-serif\"> deixaram-me aqui sozinha\u201d. <\/span><\/span><\/strong><\/em><span style=\"font-family: Verdana,sans-serif\"> <\/span><\/span><\/span><\/p>\n<p style=\"text-align: justify\"><span style=\"color: #000000\"><span style=\"font-family: Verdana,sans-serif\"><span style=\"font-size: medium\">E come\u00e7ou a ouvir os cantos e sinos da Igreja e apareceu, projetada na  parede do quarto, tudo o que estava acontecendo na missa. Irado!!! Dia 21 de agosto de 1958, Santa Clara foi proclamada Padroeira da  Televis\u00e3o pelo papa Pio XII&#8230;<\/span><\/span><\/span><\/p>\n<p style=\"text-align: justify\"><span style=\"color: #000000\"><span style=\"font-family: Verdana,sans-serif\"><span style=\"font-size: medium\">A hist\u00f3ria de Santa Clara est\u00e1 no meu novo livro, que estou escrevendo: <strong>&#8220;Lindas e Santas&#8221;<\/strong><\/span><\/span><\/span><\/p>\n<p style=\"text-align: justify\"><span style=\"color: #000000\"><span style=\"font-family: Verdana,sans-serif\"><span style=\"font-size: medium\"><strong><br \/>\n<\/strong><\/span><\/span><\/span><\/p>\n<p style=\"text-align: justify\"><span style=\"color: #000000\"><span style=\"font-family: Verdana,sans-serif\"><span style=\"font-size: medium\">Quer colorir a Santa Clara que eu desenhei? \u00c9 s\u00f3 voc\u00ea clicar nela para ampliar e imprimir&#8230;<br \/>\n<\/span><\/span><\/span><\/p>\n<p style=\"text-align: justify\"><span style=\"color: #000000\"><span style=\"font-family: Verdana,sans-serif\"><span style=\"font-size: medium\"><a href=\"http:\/\/blog.cancaonova.com\/amigosdoceu\/files\/2012\/08\/santa-clara-para-colorir.png\"><img loading=\"lazy\" decoding=\"async\" class=\"alignleft size-full wp-image-6334\" src=\"http:\/\/blog.cancaonova.com\/amigosdoceu\/files\/2012\/08\/santa-clara-para-colorir.png\" alt=\"\" width=\"227\" height=\"519\" \/><\/a><br \/>\n<\/span><\/span><\/span><\/p>\n<p style=\"text-align: justify\"><span style=\"color: #0f0c07\"><span style=\"font-family: Verdana,sans-serif\"><span style=\"font-size: medium\">Quer assistir mais hist\u00f3rias minhas na Internet?<\/span><\/span><\/span><\/p>\n<p><a href=\"https:\/\/www.facebook.com\/amigosdoceu\" target=\"_blank\"><strong><span style=\"color: #0f0c07\"><span style=\"font-family: Verdana,sans-serif\"><span style=\"font-size: medium\">. facebook<\/span><\/span><\/span><\/strong><\/a><\/p>\n<p><a href=\"http:\/\/www.youtube.com\/playlist?list=PL562872B285A3C385&amp;feature=plcp\" target=\"_blank\"><strong><span style=\"color: #0f0c07\"><span style=\"font-family: Verdana,sans-serif\"><span style=\"font-size: medium\">. youtube<\/span><\/span><\/span><\/strong><\/a><span style=\"color: #000000\"><span style=\"font-family: Verdana,sans-serif\"><span style=\"font-size: medium\"> <\/span><\/span><\/span><\/p>\n<p><span style=\"color: #000000\"><span style=\"font-family: Verdana,sans-serif\"><span style=\"font-size: medium\">Fica Com Deus e n\u00e3o esque\u00e7a meu recadinho. Tia Adelita.<br \/>\n<\/span><\/span><\/span><\/p>\n","protected":false},"excerpt":{"rendered":"<p>Clara, a linda dama pobre de Assis. Clara viveu na \u00e9poca de Romeu e Julieta, dos cavaleiros e princesas nas torres. E \u00e9poca do grande S\u00e3o Francisco de Assis (uma linda hist\u00f3ria dele clicando aqui): o jovem que deixou sua&#8230;<\/p>\n","protected":false},"author":4017,"featured_media":0,"comment_status":"open","ping_status":"open","sticky":false,"template":"","format":"standard","meta":{"_mi_skip_tracking":false,"_monsterinsights_sitenote_active":false,"_monsterinsights_sitenote_note":"","_monsterinsights_sitenote_category":0,"footnotes":""},"categories":[15793],"tags":[124706,131319,28286,131320,21184,791],"_links":{"self":[{"href":"https:\/\/blog.cancaonova.com\/amigosdoceu\/wp-json\/wp\/v2\/posts\/6330"}],"collection":[{"href":"https:\/\/blog.cancaonova.com\/amigosdoceu\/wp-json\/wp\/v2\/posts"}],"about":[{"href":"https:\/\/blog.cancaonova.com\/amigosdoceu\/wp-json\/wp\/v2\/types\/post"}],"author":[{"embeddable":true,"href":"https:\/\/blog.cancaonova.com\/amigosdoceu\/wp-json\/wp\/v2\/users\/4017"}],"replies":[{"embeddable":true,"href":"https:\/\/blog.cancaonova.com\/amigosdoceu\/wp-json\/wp\/v2\/comments?post=6330"}],"version-history":[{"count":6,"href":"https:\/\/blog.cancaonova.com\/amigosdoceu\/wp-json\/wp\/v2\/posts\/6330\/revisions"}],"predecessor-version":[{"id":8867,"href":"https:\/\/blog.cancaonova.com\/amigosdoceu\/wp-json\/wp\/v2\/posts\/6330\/revisions\/8867"}],"wp:attachment":[{"href":"https:\/\/blog.cancaonova.com\/amigosdoceu\/wp-json\/wp\/v2\/media?parent=6330"}],"wp:term":[{"taxonomy":"category","embeddable":true,"href":"https:\/\/blog.cancaonova.com\/amigosdoceu\/wp-json\/wp\/v2\/categories?post=6330"},{"taxonomy":"post_tag","embeddable":true,"href":"https:\/\/blog.cancaonova.com\/amigosdoceu\/wp-json\/wp\/v2\/tags?post=6330"}],"curies":[{"name":"wp","href":"https:\/\/api.w.org\/{rel}","templated":true}]}}