{"id":6360,"date":"2012-08-14T07:00:50","date_gmt":"2012-08-14T09:00:50","guid":{"rendered":"http:\/\/blog.cancaonova.com\/amigosdoceu\/?p=6360"},"modified":"2018-03-29T17:25:48","modified_gmt":"2018-03-29T19:25:48","slug":"sao-tarcisio","status":"publish","type":"post","link":"https:\/\/blog.cancaonova.com\/amigosdoceu\/sao-tarcisio\/","title":{"rendered":"S\u00e3o Tarc\u00edsio"},"content":{"rendered":"<p><span style=\"font-family: Verdana,sans-serif\"><span style=\"font-size: medium\"><strong><a href=\"http:\/\/blog.cancaonova.com\/amigosdoceu\/files\/2012\/08\/sao-Tarcisio-Tia-Adelita.jpg\"><img loading=\"lazy\" decoding=\"async\" class=\"alignright size-full wp-image-8743\" src=\"http:\/\/blog.cancaonova.com\/amigosdoceu\/files\/2012\/08\/sao-Tarcisio-Tia-Adelita.jpg\" alt=\"\" width=\"219\" height=\"454\" srcset=\"https:\/\/blog.cancaonova.com\/amigosdoceu\/files\/2012\/08\/sao-Tarcisio-Tia-Adelita.jpg 386w, https:\/\/blog.cancaonova.com\/amigosdoceu\/files\/2012\/08\/sao-Tarcisio-Tia-Adelita-144x300.jpg 144w\" sizes=\"(max-width: 219px) 100vw, 219px\" \/><\/a>S\u00e3o Tarc\u00edsio, o m\u00e1rtir da Eucaristia.<\/strong><\/span><\/span><\/p>\n<p style=\"text-align: justify\"><span style=\"font-family: Verdana,sans-serif\"><span style=\"font-size: medium\">Estamos nas ruas da Roma Antiga e alguns meninos correm brincando despreocupados, entre eles, Tarc\u00edsio. At\u00e9 que&#8230; Tib\u00fam! Cai num buraco! Tudo fica escuro! Onde ele caiu?<\/span><\/span><\/p>\n<p>&nbsp;<\/p>\n<p style=\"text-align: justify\"><span style=\"font-family: Verdana,sans-serif\"><span style=\"font-size: medium\">Tarc\u00edsio levantou e procurou uma sa\u00edda. Viu uma luz no fim do corredor, foi at\u00e9 l\u00e1. Havia uma linda pintura na parede. Era a de um bom pastor, com sua ovelha no colo. <\/span><\/span><\/p>\n<p>&nbsp;<\/p>\n<p style=\"text-align: center\">&nbsp;<\/p>\n<p style=\"text-align: center\">&nbsp;<\/p>\n<p style=\"text-align: justify\"><span style=\"font-family: Verdana,sans-serif\"><span style=\"font-size: medium\"><strong><a href=\"http:\/\/blog.cancaonova.com\/amigosdoceu\/files\/2012\/08\/sao-tarcisio.png\"><img loading=\"lazy\" decoding=\"async\" class=\"size-full wp-image-6362 alignleft\" src=\"http:\/\/blog.cancaonova.com\/amigosdoceu\/files\/2012\/08\/sao-tarcisio.png\" alt=\"\" width=\"156\" height=\"225\"><\/a><\/strong><\/span><\/span><span style=\"font-family: Verdana,sans-serif\"><span style=\"font-size: medium\">Tarc\u00edsio ouviu vozes&#8230; O que aconteceu??? Descubra assistindo ao programa <strong>\u201cAmigos do C\u00e9u: S\u00e3o Tarc\u00edsio, o m\u00e1rtir da Eucaristia\u201d<\/strong><\/span><\/span><\/p>\n<p><iframe loading=\"lazy\" title=\"Amigos do C\u00c3\u00a9u - S\u00c3\u00a3o Tarc\u00c3\u00adsio padroeiro dos coroinhas\" width=\"600\" height=\"450\" src=\"https:\/\/www.youtube.com\/embed\/JHK86NBknMk?start=1&amp;feature=oembed&amp;rel=0\" frameborder=\"0\" allow=\"accelerometer; autoplay; clipboard-write; encrypted-media; gyroscope; picture-in-picture; web-share\" referrerpolicy=\"strict-origin-when-cross-origin\" allowfullscreen><\/iframe><\/p>\n<p><span style=\"font-family: Verdana,sans-serif\"><span style=\"font-size: medium\"><a href=\"http:\/\/blog.cancaonova.com\/amigosdoceu\/files\/2012\/08\/Pintura-do-Bom-Pastor-da-Catacumba.png\"><img loading=\"lazy\" decoding=\"async\" class=\"size-thumbnail wp-image-6364 alignleft\" src=\"http:\/\/blog.cancaonova.com\/amigosdoceu\/files\/2012\/08\/Pintura-do-Bom-Pastor-da-Catacumba-150x150.png\" alt=\"\" width=\"172\" height=\"172\" srcset=\"https:\/\/blog.cancaonova.com\/amigosdoceu\/files\/2012\/08\/Pintura-do-Bom-Pastor-da-Catacumba-150x150.png 150w, https:\/\/blog.cancaonova.com\/amigosdoceu\/files\/2012\/08\/Pintura-do-Bom-Pastor-da-Catacumba.png 270w\" sizes=\"(max-width: 172px) 100vw, 172px\" \/><\/a><\/span><\/span><\/p>\n<p style=\"text-align: justify\"><span style=\"font-family: Verdana,sans-serif\"><span style=\"font-size: medium\">Voc\u00ea gostou dessa hist\u00f3ria? Descobriu porque Tarc\u00edsio \u00e9 o<strong> Padroeiro dos Coroinhas?<\/strong> Olha o que o Pin\u00e9 disse quando eu contei essa hist\u00f3ria pra ele&#8230;<strong><br \/>\n<\/strong><\/span><\/span><\/p>\n<p>&nbsp;<\/p>\n<p><strong><br \/>\n<\/strong><\/p>\n<p style=\"text-align: justify\"><span style=\"font-family: Verdana,sans-serif\"><span style=\"font-size: medium\"><strong><a href=\"http:\/\/blog.cancaonova.com\/amigosdoceu\/files\/2012\/08\/sao-tarcisioio-2.png\"><img loading=\"lazy\" decoding=\"async\" class=\"alignright size-full wp-image-6363\" src=\"http:\/\/blog.cancaonova.com\/amigosdoceu\/files\/2012\/08\/sao-tarcisioio-2.png\" alt=\"\" width=\"97\" height=\"306\" srcset=\"https:\/\/blog.cancaonova.com\/amigosdoceu\/files\/2012\/08\/sao-tarcisioio-2.png 146w, https:\/\/blog.cancaonova.com\/amigosdoceu\/files\/2012\/08\/sao-tarcisioio-2-95x300.png 95w\" sizes=\"(max-width: 97px) 100vw, 97px\" \/><\/a><\/strong><\/span><\/span><span style=\"font-family: Verdana,sans-serif\"><span style=\"font-size: medium\"><strong>Querido S\u00e3o Tarc\u00edsio<\/strong>, pe\u00e7a a seu amigo Jesus, por todas as crian\u00e7as e adolescentes, o mesmo amor que voc\u00ea teve por Jesus na Eucaristia aqui na terra. S\u00e3o Tarc\u00edsio, rogai por n\u00f3s. Am\u00e9m.<\/span><\/span><\/p>\n<p style=\"text-align: justify\"><span style=\"font-family: Verdana,sans-serif\"><span style=\"font-size: medium\">Quer colorir meus desenhos de S\u00e3o Tarcisio? \u00c9 s\u00f3 clicar neles para ampliar e imprimir&#8230;<br \/>\n<\/span><\/span><\/p>\n<p style=\"text-align: justify\"><span style=\"font-family: Verdana,sans-serif\"><span style=\"font-size: medium\"><a href=\"http:\/\/blog.cancaonova.com\/amigosdoceu\/files\/2012\/08\/sao-tarcisio-para-colorir.png\"><img loading=\"lazy\" decoding=\"async\" class=\"size-full wp-image-6365 alignleft\" src=\"http:\/\/blog.cancaonova.com\/amigosdoceu\/files\/2012\/08\/sao-tarcisio-para-colorir.png\" alt=\"\" width=\"215\" height=\"292\" srcset=\"https:\/\/blog.cancaonova.com\/amigosdoceu\/files\/2012\/08\/sao-tarcisio-para-colorir.png 400w, https:\/\/blog.cancaonova.com\/amigosdoceu\/files\/2012\/08\/sao-tarcisio-para-colorir-220x300.png 220w\" sizes=\"(max-width: 215px) 100vw, 215px\" \/><\/a><\/span><\/span><\/p>\n<p><a href=\"http:\/\/blog.cancaonova.com\/amigosdoceu\/files\/2012\/08\/sao-Tarcisio-colorir-Tia-Adelita.jpg\"><img loading=\"lazy\" decoding=\"async\" class=\"alignright size-full wp-image-8744\" src=\"http:\/\/blog.cancaonova.com\/amigosdoceu\/files\/2012\/08\/sao-Tarcisio-colorir-Tia-Adelita.jpg\" alt=\"\" width=\"210\" height=\"436\" srcset=\"https:\/\/blog.cancaonova.com\/amigosdoceu\/files\/2012\/08\/sao-Tarcisio-colorir-Tia-Adelita.jpg 386w, https:\/\/blog.cancaonova.com\/amigosdoceu\/files\/2012\/08\/sao-Tarcisio-colorir-Tia-Adelita-144x300.jpg 144w\" sizes=\"(max-width: 210px) 100vw, 210px\" \/><\/a><\/p>\n<p><em><strong><a href=\"http:\/\/blog.cancaonova.com\/amigosdoceu\/files\/2008\/11\/capa-aventureiros.jpg\"><img loading=\"lazy\" decoding=\"async\" class=\"alignleft\" src=\"http:\/\/blog.cancaonova.com\/amigosdoceu\/files\/2008\/11\/capa-aventureiros-217x300.jpg\" alt=\"\" width=\"217\" height=\"300\"><\/a><\/strong><\/em><\/p>\n<p>Essa hist\u00f3ria est\u00e1 no meu novo livro<\/p>\n<p><em><strong>&#8220;Aventureiros, Guerreiros e Outros Her\u00f3is Santos&#8221; <\/strong><\/em><strong><a href=\"http:\/\/loja.cancaonova.com\/products\/19950-livro-aventureiros-guerreiros-e-outros-herois-santos-com-oculos-3d\" target=\"_blank\" rel=\"noopener\">(clique aqui para adquirir)<\/a><\/strong><\/p>\n<p>Voc\u00ea curtiu esse post? Deixe o seu recadinho&#8230; Com carinho, tia Adelita.<\/p>\n","protected":false},"excerpt":{"rendered":"<p>S\u00e3o Tarc\u00edsio, o m\u00e1rtir da Eucaristia. Estamos nas ruas da Roma Antiga e alguns meninos correm brincando despreocupados, entre eles, Tarc\u00edsio. At\u00e9 que&#8230; Tib\u00fam! Cai num buraco! Tudo fica escuro! Onde ele caiu? &nbsp; Tarc\u00edsio levantou e procurou uma sa\u00edda&#8230;.<\/p>\n","protected":false},"author":4017,"featured_media":0,"comment_status":"open","ping_status":"open","sticky":false,"template":"","format":"standard","meta":{"_mi_skip_tracking":false,"_monsterinsights_sitenote_active":false,"_monsterinsights_sitenote_note":"","_monsterinsights_sitenote_category":0,"footnotes":""},"categories":[15793],"tags":[131325,131326,131324],"_links":{"self":[{"href":"https:\/\/blog.cancaonova.com\/amigosdoceu\/wp-json\/wp\/v2\/posts\/6360"}],"collection":[{"href":"https:\/\/blog.cancaonova.com\/amigosdoceu\/wp-json\/wp\/v2\/posts"}],"about":[{"href":"https:\/\/blog.cancaonova.com\/amigosdoceu\/wp-json\/wp\/v2\/types\/post"}],"author":[{"embeddable":true,"href":"https:\/\/blog.cancaonova.com\/amigosdoceu\/wp-json\/wp\/v2\/users\/4017"}],"replies":[{"embeddable":true,"href":"https:\/\/blog.cancaonova.com\/amigosdoceu\/wp-json\/wp\/v2\/comments?post=6360"}],"version-history":[{"count":9,"href":"https:\/\/blog.cancaonova.com\/amigosdoceu\/wp-json\/wp\/v2\/posts\/6360\/revisions"}],"predecessor-version":[{"id":11512,"href":"https:\/\/blog.cancaonova.com\/amigosdoceu\/wp-json\/wp\/v2\/posts\/6360\/revisions\/11512"}],"wp:attachment":[{"href":"https:\/\/blog.cancaonova.com\/amigosdoceu\/wp-json\/wp\/v2\/media?parent=6360"}],"wp:term":[{"taxonomy":"category","embeddable":true,"href":"https:\/\/blog.cancaonova.com\/amigosdoceu\/wp-json\/wp\/v2\/categories?post=6360"},{"taxonomy":"post_tag","embeddable":true,"href":"https:\/\/blog.cancaonova.com\/amigosdoceu\/wp-json\/wp\/v2\/tags?post=6360"}],"curies":[{"name":"wp","href":"https:\/\/api.w.org\/{rel}","templated":true}]}}