{"id":6820,"date":"2012-10-05T10:35:48","date_gmt":"2012-10-05T12:35:48","guid":{"rendered":"http:\/\/blog.cancaonova.com\/amigosdoceu\/?p=6820"},"modified":"2022-06-22T10:03:45","modified_gmt":"2022-06-22T12:03:45","slug":"santa-faustina","status":"publish","type":"post","link":"https:\/\/blog.cancaonova.com\/amigosdoceu\/santa-faustina\/","title":{"rendered":"Santa Faustina"},"content":{"rendered":"<p align=\"CENTER\"><span style=\"font-family: Verdana,sans-serif\"><strong><span style=\"color: #545454\"><span style=\"font-size: medium\"><b>Uma Grande Festa da Miseric\u00f3rdia <\/b><\/span><\/span><\/strong><\/span><\/p>\n<p align=\"JUSTIFY\"><span style=\"font-family: Verdana,sans-serif\"><span style=\"font-size: medium\"><span style=\"color: #000000\"><a href=\"http:\/\/blog.cancaonova.com\/amigosdoceu\/files\/2012\/10\/Faustina-tia-Adelita.png\"><img loading=\"lazy\" decoding=\"async\" class=\"alignright size-full wp-image-6826\" src=\"http:\/\/blog.cancaonova.com\/amigosdoceu\/files\/2012\/10\/Faustina-tia-Adelita.png\" alt=\"\" width=\"370\" height=\"372\" \/><\/a><\/span><\/span><\/span><span style=\"font-family: Verdana,sans-serif\"><strong><span style=\"color: #000000\"><span style=\"font-size: medium\">Voc\u00ea j\u00e1 brincou de &#8220;o que quer ser quando crescer&#8221;?<\/span><\/span><\/strong><\/span><\/p>\n<p align=\"JUSTIFY\"><span style=\"color: #000000\"><span style=\"font-family: Verdana,sans-serif\"><span style=\"font-size: medium\">A gente acaba brincando daquilo que acha mais legal: bailarina, professora, m\u00e9dico, super her\u00f3i\u2026 <\/span><\/span><\/span><\/p>\n<p align=\"JUSTIFY\"><span style=\"color: #000000\"><span style=\"font-family: Verdana,sans-serif\"><span style=\"font-size: medium\">Conversando com meus amigos padres, descobri que muitos deles brincavam de celebrar a Missa quando eram meninos.<\/span><\/span><\/span><\/p>\n<p align=\"JUSTIFY\"><span style=\"color: #000000\"><span style=\"font-family: Verdana,sans-serif\"><span style=\"font-size: medium\">Helena, por exemplo, colocava um pijama na cabe\u00e7a e brincava que era freira e acabou mesmo uma religiosa\u2026 E quem \u00e9 Helena? Nada mais, nada menos que Santa Faustina, aquela garota polonesa que viu Jesus Misericordioso.<\/span><\/span><\/span><\/p>\n<p style=\"text-align: justify\"><span style=\"font-family: Verdana,sans-serif\"><span style=\"font-size: medium\"><span style=\"color: #000000\">Quer conhecer a hist\u00f3ria dela? Assista o <strong>&#8220;Amigos do C\u00e9u: Santa Faustina&#8221;<\/strong>&#8230;<\/span><\/span><\/span><\/p>\n<p><iframe loading=\"lazy\" title=\"Tia Adelita - Santa Faustina e Jesus da Miseric\u00c3\u00b3rdia\" width=\"600\" height=\"450\" src=\"https:\/\/www.youtube.com\/embed\/VEDdsHGn8I8?feature=oembed&amp;rel=0\" frameborder=\"0\" allow=\"accelerometer; autoplay; clipboard-write; encrypted-media; gyroscope; picture-in-picture; web-share\" referrerpolicy=\"strict-origin-when-cross-origin\" allowfullscreen><\/iframe><\/p>\n<p style=\"text-align: justify\"><span style=\"font-family: Verdana,sans-serif\"><span style=\"font-size: medium\"><span style=\"color: #000000\"><strong>Que tal voc\u00ea desenhar Jesus Misericordioso?<\/strong><\/span><\/span><\/span><\/p>\n<div id=\"attachment_6828\" style=\"width: 256px\" class=\"wp-caption alignleft\"><a href=\"http:\/\/blog.cancaonova.com\/amigosdoceu\/files\/2012\/10\/imagen-1f44d469.jpg\"><img loading=\"lazy\" decoding=\"async\" aria-describedby=\"caption-attachment-6828\" class=\"size-full wp-image-6828\" src=\"http:\/\/blog.cancaonova.com\/amigosdoceu\/files\/2012\/10\/imagen-1f44d469.jpg\" alt=\"\" width=\"246\" height=\"363\" \/><\/a><p id=\"caption-attachment-6828\" class=\"wp-caption-text\">Faustina e o primeiro quadro que foi pintado.<\/p><\/div>\n<p align=\"JUSTIFY\"><span style=\"font-family: Verdana,sans-serif\"><span style=\"color: #000000\"><span style=\"font-size: medium\">N\u00e3o sabe desenhar? Jesus disse que isso n\u00e3o \u00e9 problema\u2026<\/span><\/span><\/span><\/p>\n<p align=\"JUSTIFY\"><span style=\"color: #000000\"><span style=\"font-family: Verdana,sans-serif\"><span style=\"font-size: medium\">Quando Jesus apareceu a Irm\u00e3 Fautina, disse:<\/span><\/span><\/span><strong><span style=\"color: #000000\"><span style=\"font-family: Verdana,sans-serif\"><span style=\"font-size: medium\"><i><b>\u201cPinta uma imagem de acordo com o modelo que est\u00e1s vendo, com a inscri\u00e7\u00e3o: \u2018Jesus, eu confio em V\u00f3s\u2019.\u201d<\/b><\/i><\/span><\/span><\/span><\/strong><\/p>\n<p align=\"JUSTIFY\"><span style=\"color: #000000\"><span style=\"font-family: Verdana,sans-serif\"><span style=\"font-size: medium\">Foi ent\u00e3o que aconteceu uma hist\u00f3ria engra\u00e7ada\u2026<\/span><\/span><\/span><\/p>\n<p align=\"JUSTIFY\"><span style=\"color: #000000\"><span style=\"font-family: Verdana,sans-serif\"><span style=\"font-size: medium\">Quando o pintor trouxe o quadro para Irm\u00e3 Faustina ver, ele tinha pintado do jeitinho que ela pediu, mas quem disse que Faustina gostou?! \u00c9 que pintor nenhum nesse mundo consegue fazer Jesus bonito como Ele \u00e9 realmente, por mais talentoso que seja. Fautina foi se queixar com Jesus: <\/span><\/span><\/span><strong><span style=\"color: #000000\"><span style=\"font-family: Verdana,sans-serif\"><span style=\"font-size: medium\">E agora Senhor? <\/span><\/span><\/span><\/strong><span style=\"color: #000000\"><span style=\"font-family: Verdana,sans-serif\"><span style=\"font-size: medium\">\u2013 Mas Jesus explicou pra ela:<\/span><\/span><\/span><strong><span style=\"color: #000000\"><span style=\"font-family: Verdana,sans-serif\"><span style=\"font-size: medium\"><i><b>\u201cN\u00e3o importa o talento do pintor, mas o amor com que pintou o quadro&#8230;\u201d <\/b><\/i><\/span><\/span><\/span><\/strong><\/p>\n<p align=\"JUSTIFY\"><strong><span style=\"color: #000000\"><span style=\"font-family: Verdana,sans-serif\"><span style=\"font-size: medium\">Mas Jesus disse que no quadro deveriam estar alguns elementos indispens\u00e1veis&#8230; <\/span><\/span><\/span><\/strong><\/p>\n<p><span style=\"color: #ff00ff\"><span style=\"font-size: medium\"><span style=\"color: #000000\"><strong><a href=\"http:\/\/blog.cancaonova.com\/amigosdoceu\/files\/2012\/10\/Jesus-misericordioso-tia-Adelita.jpg\"><img loading=\"lazy\" decoding=\"async\" class=\"wp-image-10642 alignright\" src=\"http:\/\/blog.cancaonova.com\/amigosdoceu\/files\/2012\/10\/Jesus-misericordioso-tia-Adelita.jpg\" alt=\"Jesus-misericordioso---tia-Adelita\" width=\"234\" height=\"344\" \/><\/a>Que elementos?<\/strong> <\/span><\/span><\/span><\/p>\n<p align=\"JUSTIFY\"><span style=\"color: #000000\"><span style=\"font-family: Verdana,sans-serif\"><span style=\"font-size: medium\"><b>. Uma das m\u00e3os de Jesus erguida para a b\u00ean\u00e7\u00e3o, e a outra sobre sobre o peito;<\/b><\/span><\/span><\/span><\/p>\n<p align=\"JUSTIFY\"><span style=\"color: #2c2b2b\"><span style=\"font-family: Verdana,sans-serif\"><span style=\"font-size: medium\"><b><span style=\"color: #000000\">. Da t\u00fanica entreaberta sobre o peito, onde esta o cora\u00e7\u00e3o, saem dois grandes raios: um vermelho que significa o sangue que \u00e9 a vida das almas. E o outro branco, que significa a \u00e1gua que justifica as almas.<\/span><\/b><\/span><\/span><\/span><\/p>\n<p align=\"JUSTIFY\"><span style=\"color: #000000\"><span style=\"font-family: Verdana,sans-serif\"><span style=\"font-size: medium\">Jesus prometeu: <\/span><\/span><\/span><strong><span style=\"color: #000000\"><span style=\"font-family: Verdana,sans-serif\"><span style=\"font-size: medium\"><i><b>\u201cPor meio desta Imagem concederei muitas gra\u00e7as \u00e0s almas.\u201d<\/b><\/i><\/span><\/span><\/span><\/strong><\/p>\n<p align=\"JUSTIFY\"><span style=\"color: #000000\"><span style=\"font-family: Verdana,sans-serif\"><span style=\"font-size: medium\">E, mudando de assunto, Jesus tamb\u00e9m disse a Santa Faustina <\/span><\/span><\/span><span style=\"color: #545454\"><span style=\"font-family: Verdana,sans-serif\"><span style=\"font-size: medium\"><i><b>\u201cAmo a P<\/b><\/i><\/span><\/span><\/span><em><span style=\"color: #545454\"><span style=\"font-family: Verdana,sans-serif\"><span style=\"font-size: medium\"><i><b>ol\u00f4nia <\/b><\/i><\/span><\/span><\/span><\/em><span style=\"color: #545454\"><span style=\"font-family: Verdana,sans-serif\"><span style=\"font-size: medium\"><i><b>de maneira especial\u2026 Dela sair\u00e1 <\/b><\/i><\/span><\/span><\/span><em><span style=\"color: #545454\"><span style=\"font-family: Verdana,sans-serif\"><span style=\"font-size: medium\"><i><b>a centelha <\/b><\/i><\/span><\/span><\/span><\/em><span style=\"color: #545454\"><span style=\"font-family: Verdana,sans-serif\"><span style=\"font-size: medium\"><i><b>que preparar\u00e1 o mundo para a Minha Vinda derradeira.\u201d <\/b><\/i><\/span><\/span><\/span><\/p>\n<p align=\"JUSTIFY\"><span style=\"color: #545454\"><span style=\"font-family: Verdana,sans-serif\"><span style=\"font-size: medium\"><a href=\"http:\/\/blog.cancaonova.com\/amigosdoceu\/beato-joao-paulo-ii\/\" target=\"_blank\" rel=\"noopener\"><img loading=\"lazy\" decoding=\"async\" class=\" wp-image-5711 alignright\" src=\"http:\/\/blog.cancaonova.com\/amigosdoceu\/files\/2012\/06\/botao-j-paulo-II.png\" alt=\"botao-j-paulo-II\" width=\"128\" height=\"121\" \/><\/a><\/span><\/span><\/span><span style=\"color: #000000\"><span style=\"font-family: Verdana,sans-serif\"><span style=\"font-size: medium\"><b><a href=\"http:\/\/blog.cancaonova.com\/amigosdoceu\/files\/2012\/10\/sta-faustina-em-p\u00e9.jpg\"><img loading=\"lazy\" decoding=\"async\" class=\"alignleft wp-image-10641\" src=\"http:\/\/blog.cancaonova.com\/amigosdoceu\/files\/2012\/10\/sta-faustina-em-p\u00e9.jpg\" alt=\"sta faustina em p\u00e9\" width=\"234\" height=\"468\" srcset=\"https:\/\/blog.cancaonova.com\/amigosdoceu\/files\/2012\/10\/sta-faustina-em-p\u00e9.jpg 430w, https:\/\/blog.cancaonova.com\/amigosdoceu\/files\/2012\/10\/sta-faustina-em-p\u00e9-150x300.jpg 150w\" sizes=\"(max-width: 234px) 100vw, 234px\" \/><\/a><\/b><\/span><\/span><\/span><span style=\"color: #545454\"><span style=\"font-family: Verdana,sans-serif\"><span style=\"font-size: medium\">E n\u00e3o \u00e9 que o <a href=\"http:\/\/blog.cancaonova.com\/amigosdoceu\/beato-joao-paulo-ii\/\" target=\"_blank\" rel=\"noopener\"><strong>Papa Jo\u00e3o Paulo II<\/strong><\/a> veio da Pol\u00f4nia?! Ele foi o grande respons\u00e1vel para que todos os cat\u00f3licos tivesses o Catecismo de nossa Igreja em m\u00e3os e uma por\u00e7\u00e3o de outras iniciativas maravilhosas que nos aproximaram mais de Jesus e da Igreja! Pois \u00e9. Foi Jo\u00e3o Paulo II, o Papa que beatificou Santa Faustina e difundiu essa devo\u00e7\u00e3o pelo mundo e agora essa maravilha: ele mesmo ser\u00e1 canonizado na Festa da Miseric\u00f3rdia, juntamente com o Papa Jo\u00e3o XXIII. Uma grande Festa da Miseric\u00f3rdia na Pol\u00f4nia, em todo mundo e no C\u00e9u!<\/span><\/span><\/span><\/p>\n<p style=\"text-align: justify\"><span style=\"font-family: Verdana,sans-serif\"><span style=\"font-size: medium\"><span style=\"color: #000000\">Quer assistir o programa que gravei de Santa Faustina para a <strong>PLAY TV CN<\/strong>? \u00c9 bem legal&#8230;<\/span><\/span><\/span><\/p>\n<p><iframe loading=\"lazy\" title=\"Santa Faustina\" width=\"600\" height=\"338\" src=\"https:\/\/www.youtube.com\/embed\/H9wMlly6g7k?list=PLhgUw0IzhXNE7pCzoJDB7o6OUL_F-sQJg&amp;rel=0\" frameborder=\"0\" allow=\"accelerometer; autoplay; clipboard-write; encrypted-media; gyroscope; picture-in-picture; web-share\" referrerpolicy=\"strict-origin-when-cross-origin\" allowfullscreen><\/iframe><\/p>\n<p style=\"text-align: justify\"><span style=\"font-family: Verdana,sans-serif\"><span style=\"font-size: medium\"><span style=\"color: #000000\">E se voc\u00ea quizer pode colorir o meu desenho da irm\u00e3 Faustina, \u00e9 s\u00f3 clicar nele para ampliar e imprimir&#8230;<\/span><\/span><\/span><\/p>\n<p style=\"text-align: justify\"><span style=\"font-family: Verdana,sans-serif\"><span style=\"font-size: medium\"><span style=\"color: #000000\"><a href=\"http:\/\/blog.cancaonova.com\/amigosdoceu\/files\/2012\/10\/santa-faustina-tia-adelita-para-colorir.png\"><img loading=\"lazy\" decoding=\"async\" class=\"aligncenter size-full wp-image-6827\" src=\"http:\/\/blog.cancaonova.com\/amigosdoceu\/files\/2012\/10\/santa-faustina-tia-adelita-para-colorir.png\" alt=\"\" width=\"373\" height=\"376\" \/><\/a><br \/>\n<\/span><\/span><\/span><\/p>\n<h2>Quer ler o livro que a Tia Adelita escreveu &#8220;A Divina Miseric\u00f3rdia e a Hist\u00f3ria de Santa Faustina&#8221;? <a href=\"https:\/\/gloria.tv\/post\/64VfAtDEnikCAsNma3aTWKijz\">Clique<\/a> na capa do livro para abrir o livro&#8230;<\/h2>\n<p><a href=\"https:\/\/gloria.tv\/post\/64VfAtDEnikCAsNma3aTWKijz\" target=\"_blank\" rel=\"https:\/\/gloria.tv\/post\/64VfAtDEnikCAsNma3aTWKijz noopener\"><img loading=\"lazy\" decoding=\"async\" class=\"aligncenter wp-image-11450 size-full\" src=\"http:\/\/blog.cancaonova.com\/amigosdoceu\/files\/2018\/02\/divina.jpg\" alt=\"\" width=\"1200\" height=\"1200\" srcset=\"https:\/\/blog.cancaonova.com\/amigosdoceu\/files\/2018\/02\/divina.jpg 1200w, https:\/\/blog.cancaonova.com\/amigosdoceu\/files\/2018\/02\/divina-150x150.jpg 150w, https:\/\/blog.cancaonova.com\/amigosdoceu\/files\/2018\/02\/divina-300x300.jpg 300w, https:\/\/blog.cancaonova.com\/amigosdoceu\/files\/2018\/02\/divina-768x768.jpg 768w, https:\/\/blog.cancaonova.com\/amigosdoceu\/files\/2018\/02\/divina-144x144.jpg 144w\" sizes=\"(max-width: 1200px) 100vw, 1200px\" \/><\/a><\/p>\n<div style=\"width: 100%;height: 0;padding-bottom: 50.0%\"><\/div>\n","protected":false},"excerpt":{"rendered":"<p>Uma Grande Festa da Miseric\u00f3rdia Voc\u00ea j\u00e1 brincou de &#8220;o que quer ser quando crescer&#8221;? A gente acaba brincando daquilo que acha mais legal: bailarina, professora, m\u00e9dico, super her\u00f3i\u2026 Conversando com meus amigos padres, descobri que muitos deles brincavam de&#8230;<\/p>\n","protected":false},"author":4017,"featured_media":6826,"comment_status":"open","ping_status":"open","sticky":false,"template":"","format":"standard","meta":{"_mi_skip_tracking":false,"_monsterinsights_sitenote_active":false,"_monsterinsights_sitenote_note":"","_monsterinsights_sitenote_category":0,"footnotes":""},"categories":[15793],"tags":[19577,138490,18434,20220],"_links":{"self":[{"href":"https:\/\/blog.cancaonova.com\/amigosdoceu\/wp-json\/wp\/v2\/posts\/6820"}],"collection":[{"href":"https:\/\/blog.cancaonova.com\/amigosdoceu\/wp-json\/wp\/v2\/posts"}],"about":[{"href":"https:\/\/blog.cancaonova.com\/amigosdoceu\/wp-json\/wp\/v2\/types\/post"}],"author":[{"embeddable":true,"href":"https:\/\/blog.cancaonova.com\/amigosdoceu\/wp-json\/wp\/v2\/users\/4017"}],"replies":[{"embeddable":true,"href":"https:\/\/blog.cancaonova.com\/amigosdoceu\/wp-json\/wp\/v2\/comments?post=6820"}],"version-history":[{"count":23,"href":"https:\/\/blog.cancaonova.com\/amigosdoceu\/wp-json\/wp\/v2\/posts\/6820\/revisions"}],"predecessor-version":[{"id":12003,"href":"https:\/\/blog.cancaonova.com\/amigosdoceu\/wp-json\/wp\/v2\/posts\/6820\/revisions\/12003"}],"wp:featuredmedia":[{"embeddable":true,"href":"https:\/\/blog.cancaonova.com\/amigosdoceu\/wp-json\/wp\/v2\/media\/6826"}],"wp:attachment":[{"href":"https:\/\/blog.cancaonova.com\/amigosdoceu\/wp-json\/wp\/v2\/media?parent=6820"}],"wp:term":[{"taxonomy":"category","embeddable":true,"href":"https:\/\/blog.cancaonova.com\/amigosdoceu\/wp-json\/wp\/v2\/categories?post=6820"},{"taxonomy":"post_tag","embeddable":true,"href":"https:\/\/blog.cancaonova.com\/amigosdoceu\/wp-json\/wp\/v2\/tags?post=6820"}],"curies":[{"name":"wp","href":"https:\/\/api.w.org\/{rel}","templated":true}]}}