{"id":6830,"date":"2012-10-07T07:00:12","date_gmt":"2012-10-07T09:00:12","guid":{"rendered":"http:\/\/blog.cancaonova.com\/amigosdoceu\/?p=6830"},"modified":"2018-10-29T11:03:57","modified_gmt":"2018-10-29T13:03:57","slug":"nossa-senhora-do-rosario","status":"publish","type":"post","link":"https:\/\/blog.cancaonova.com\/amigosdoceu\/nossa-senhora-do-rosario\/","title":{"rendered":"Nossa Senhora do Ros\u00e1rio"},"content":{"rendered":"<p style=\"text-align: center\"><strong>Santo Ros\u00e1rio: uma Arma Poderosa!<a href=\"http:\/\/blog.cancaonova.com\/amigosdoceu\/files\/2012\/06\/nsa-sra-do-rosario-tia-adelita.jpg\"><img loading=\"lazy\" decoding=\"async\" class=\"alignright  wp-image-8331\" src=\"http:\/\/blog.cancaonova.com\/amigosdoceu\/files\/2012\/06\/nsa-sra-do-rosario-tia-adelita.jpg\" alt=\"\" width=\"255\" height=\"477\" srcset=\"https:\/\/blog.cancaonova.com\/amigosdoceu\/files\/2012\/06\/nsa-sra-do-rosario-tia-adelita.jpg 428w, https:\/\/blog.cancaonova.com\/amigosdoceu\/files\/2012\/06\/nsa-sra-do-rosario-tia-adelita-160x300.jpg 160w\" sizes=\"(max-width: 255px) 100vw, 255px\" \/><\/a><\/strong><\/p>\n<p style=\"text-align: justify\">O Papa<a href=\"https:\/\/loja.cancaonova.com\/catalogsearch\/result\/?cat=0&amp;q=na+trilha+de+um+vencedor\" target=\"_blank\" rel=\"noopener\"><strong> Jo\u00e3o Paulo II<\/strong><\/a>, um de nossos grandes her\u00f3is, disse:<em><strong> &#8220;<\/strong><strong><span style=\"font-family: Verdana,sans-serif\">Rezar o ros\u00e1rio pelos filhos e, mais ainda, com os filhos \u00e9 uma ajuda espiritual que n\u00e3o se deve subestimar.\u201d<\/span><\/strong><\/em><\/p>\n<p style=\"text-align: justify\">E Nossa Senhora tamb\u00e9m disse aos 3 pastorinhos,&nbsp; <a href=\"https:\/\/blog.cancaonova.com\/amigosdoceu\/irma-lucia\/\">L\u00facia<\/a>, <a href=\"https:\/\/blog.cancaonova.com\/amigosdoceu\/jacinta-e-francisco\/\">Jacinta e francisco<\/a>: <em><strong>&#8220;Rezem o ter\u00e7o todos os dias para alcan\u00e7ar a paz para o mundo&#8221; <\/strong>(<\/em><a href=\"http:\/\/blog.cancaonova.com\/amigosdoceu\/files\/2010\/02\/irma_lucia.swf\" target=\"_blank\" rel=\"noopener\"><strong>clique aqui<\/strong><\/a> para colorir on line a L\u00facia Menina)<em><strong><br \/>\n<\/strong><\/em><\/p>\n<p style=\"text-align: justify\">Quando Nossa Senhora apareceu aos <a href=\"https:\/\/blog.cancaonova.com\/amigosdoceu\/bonecos-de-papel\/\">3 pastorinhos<\/a>, ela tamb\u00e9m disse: <em><strong>&#8220;Eu sou a Senhora do Ros\u00e1rio.&#8221;<\/strong><\/em><\/p>\n<p style=\"text-align: justify\">Assista a Hist\u00f3ria de <strong>Nossa Senhora do Ros\u00e1rio <\/strong>que apareceu a <strong>S\u00e3o Domingos de Gusm\u00e3o<\/strong>, que eu conto na nossa<strong> Web TV<\/strong> <strong>CN<\/p>\n<p><\/strong><\/p>\n<p><iframe loading=\"lazy\" title=\"Nossa Senhora do Ros\u00c3\u00a1rio\" width=\"600\" height=\"338\" src=\"https:\/\/www.youtube.com\/embed\/E3ptzMcUG3Q?feature=oembed&amp;rel=0\" frameborder=\"0\" allow=\"accelerometer; autoplay; clipboard-write; encrypted-media; gyroscope; picture-in-picture; web-share\" referrerpolicy=\"strict-origin-when-cross-origin\" allowfullscreen><\/iframe><\/p>\n<p>Quer colorir o desenhodessa hist\u00f3ria? Clique nele para ampliar e imprimir&#8230;<br \/>\n<a href=\"http:\/\/blog.cancaonova.com\/amigosdoceu\/files\/2010\/10\/nossa-senhora-do-rosario.jpg\"><img loading=\"lazy\" decoding=\"async\" class=\"aligncenter size-full wp-image-2319\" src=\"http:\/\/blog.cancaonova.com\/amigosdoceu\/files\/2010\/10\/nossa_senhora-do-rosario.png\" alt=\"\" width=\"267\" height=\"331\"><\/a><\/p>\n<p style=\"text-align: justify\">Mais hist\u00edrinha para voc\u00ea assistir com os 3 Pastorinhos&#8230;<\/p>\n<p><iframe loading=\"lazy\" title=\"Amigos do C\u00c3\u00a9u - Jacinta, Francisco e a linda Senhora de F\u00c3\u00a1tima\" width=\"600\" height=\"450\" src=\"https:\/\/www.youtube.com\/embed\/5I8rwmUfopM?feature=oembed&amp;rel=0\" frameborder=\"0\" allow=\"accelerometer; autoplay; clipboard-write; encrypted-media; gyroscope; picture-in-picture; web-share\" referrerpolicy=\"strict-origin-when-cross-origin\" allowfullscreen><\/iframe><\/p>\n<p style=\"text-align: justify\">&nbsp;<\/p>\n<p><iframe loading=\"lazy\" title=\"Tia Adelita conta a hist\u00c3\u00b3ria do perfume, Nossa Senhora e os Pastorinhos de F\u00c3\u00a1tima\" width=\"600\" height=\"338\" src=\"https:\/\/www.youtube.com\/embed\/jYs8ca2-5Bo?feature=oembed&amp;rel=0\" frameborder=\"0\" allow=\"accelerometer; autoplay; clipboard-write; encrypted-media; gyroscope; picture-in-picture; web-share\" referrerpolicy=\"strict-origin-when-cross-origin\" allowfullscreen><\/iframe><\/p>\n<p style=\"text-align: justify\">Agora que voc\u00ea j\u00e1 sabe o valor do santo ter\u00e7o,&nbsp; que tal a gente usar essa <strong>&#8220;arma poderosa&#8221;<\/strong>?! Se cada um de n\u00f3s rezarmos um ter\u00e7o do Ros\u00e1rio, at\u00e9 mesmo um s\u00f3 mist\u00e9rio, no fim vamos oferecer a Nossa Senhora muitos Ros\u00e1rios por dia. Voc\u00eas topam?<\/p>\n<p style=\"text-align: justify\">Eu fiz um livro lindinho, com o texto da B\u00edblia para crian\u00e7as, com todos os 4 ter\u00e7os (na verdade teria que ser &#8220;quartos&#8221;&#8230; ehehe): <strong>O Ros\u00e1rio para Crian\u00e7as<\/strong> que vem com um tercinho (<a href=\"http:\/\/loja.cancaonova.com\/products\/9782-livro-rosario-para-criancas-com-terco-em-nylon\" target=\"_blank\" rel=\"noopener\"><strong>clique aqui para conhecer<\/strong><\/a>)<\/p>\n<h5 style=\"text-align: justify\">&nbsp;<\/h5>\n<p style=\"text-align: justify\">E se voc\u00ea quer <strong>colorir meu desenho de Nossa Senhora do Ros\u00e1rio<\/strong>, clica no desenho ao lado para ampliar e imprimir.<\/p>\n<p><a href=\"http:\/\/blog.cancaonova.com\/amigosdoceu\/files\/2012\/06\/nsa-sra-rosario-tia-adelita-colorir.jpg\"><img loading=\"lazy\" decoding=\"async\" class=\"size-full wp-image-8332 aligncenter\" src=\"http:\/\/blog.cancaonova.com\/amigosdoceu\/files\/2012\/06\/nsa-sra-rosario-tia-adelita-colorir.jpg\" alt=\"\" width=\"264\" height=\"493\" srcset=\"https:\/\/blog.cancaonova.com\/amigosdoceu\/files\/2012\/06\/nsa-sra-rosario-tia-adelita-colorir.jpg 264w, https:\/\/blog.cancaonova.com\/amigosdoceu\/files\/2012\/06\/nsa-sra-rosario-tia-adelita-colorir-160x300.jpg 160w\" sizes=\"(max-width: 264px) 100vw, 264px\" \/><\/a><\/p>\n<h5>&nbsp;<\/h5>\n<p><strong><br \/>\n<\/strong><\/p>\n","protected":false},"excerpt":{"rendered":"<p>Santo Ros\u00e1rio: uma Arma Poderosa! O Papa Jo\u00e3o Paulo II, um de nossos grandes her\u00f3is, disse: &#8220;Rezar o ros\u00e1rio pelos filhos e, mais ainda, com os filhos \u00e9 uma ajuda espiritual que n\u00e3o se deve subestimar.\u201d E Nossa Senhora tamb\u00e9m&#8230;<\/p>\n","protected":false},"author":4017,"featured_media":8331,"comment_status":"open","ping_status":"open","sticky":false,"template":"","format":"standard","meta":{"_mi_skip_tracking":false,"_monsterinsights_sitenote_active":false,"_monsterinsights_sitenote_note":"","_monsterinsights_sitenote_category":0,"footnotes":""},"categories":[156744],"tags":[129000,138494,7941,451,17271,138493,138492,17268],"_links":{"self":[{"href":"https:\/\/blog.cancaonova.com\/amigosdoceu\/wp-json\/wp\/v2\/posts\/6830"}],"collection":[{"href":"https:\/\/blog.cancaonova.com\/amigosdoceu\/wp-json\/wp\/v2\/posts"}],"about":[{"href":"https:\/\/blog.cancaonova.com\/amigosdoceu\/wp-json\/wp\/v2\/types\/post"}],"author":[{"embeddable":true,"href":"https:\/\/blog.cancaonova.com\/amigosdoceu\/wp-json\/wp\/v2\/users\/4017"}],"replies":[{"embeddable":true,"href":"https:\/\/blog.cancaonova.com\/amigosdoceu\/wp-json\/wp\/v2\/comments?post=6830"}],"version-history":[{"count":11,"href":"https:\/\/blog.cancaonova.com\/amigosdoceu\/wp-json\/wp\/v2\/posts\/6830\/revisions"}],"predecessor-version":[{"id":11573,"href":"https:\/\/blog.cancaonova.com\/amigosdoceu\/wp-json\/wp\/v2\/posts\/6830\/revisions\/11573"}],"wp:featuredmedia":[{"embeddable":true,"href":"https:\/\/blog.cancaonova.com\/amigosdoceu\/wp-json\/wp\/v2\/media\/8331"}],"wp:attachment":[{"href":"https:\/\/blog.cancaonova.com\/amigosdoceu\/wp-json\/wp\/v2\/media?parent=6830"}],"wp:term":[{"taxonomy":"category","embeddable":true,"href":"https:\/\/blog.cancaonova.com\/amigosdoceu\/wp-json\/wp\/v2\/categories?post=6830"},{"taxonomy":"post_tag","embeddable":true,"href":"https:\/\/blog.cancaonova.com\/amigosdoceu\/wp-json\/wp\/v2\/tags?post=6830"}],"curies":[{"name":"wp","href":"https:\/\/api.w.org\/{rel}","templated":true}]}}