{"id":7251,"date":"2012-12-04T07:00:47","date_gmt":"2012-12-04T09:00:47","guid":{"rendered":"http:\/\/blog.cancaonova.com\/amigosdoceu\/?p=7251"},"modified":"2013-08-19T17:23:06","modified_gmt":"2013-08-19T19:23:06","slug":"simbolos-natal-bolinhas-pinheirinho","status":"publish","type":"post","link":"https:\/\/blog.cancaonova.com\/amigosdoceu\/simbolos-natal-bolinhas-pinheirinho\/","title":{"rendered":"Os Enfeites de Natal"},"content":{"rendered":"<p><strong><span style=\"color: #000000\"><span style=\"font-family: Verdana,sans-serif\"><span style=\"font-size: medium\">Os S\u00edmbolos de Natal<br \/>\n<\/span><\/span><\/span><\/strong><\/p>\n<p style=\"text-align: justify\"><a href=\"http:\/\/blog.cancaonova.com\/amigosdoceu\/files\/2012\/12\/pinheirinho.png\"><img loading=\"lazy\" decoding=\"async\" class=\"alignright size-full wp-image-7255\" src=\"http:\/\/blog.cancaonova.com\/amigosdoceu\/files\/2012\/12\/pinheirinho.png\" alt=\"\" width=\"220\" height=\"297\" \/><\/a><img loading=\"lazy\" decoding=\"async\" class=\"size-full wp-image-7253 alignleft\" src=\"http:\/\/blog.cancaonova.com\/amigosdoceu\/files\/2012\/12\/c\u00e7as-e-pinheirinho.png\" alt=\"\" width=\"123\" height=\"108\" \/><strong><span style=\"color: #000000\"><span style=\"font-family: Verdana,sans-serif\"><span style=\"font-size: medium\">O Pinheirinho<\/span><\/span><\/span><\/strong><span style=\"color: #000000\"><span style=\"font-family: Verdana,sans-serif\"> <\/span><\/span><\/p>\n<p style=\"text-align: justify\"><span style=\"color: #000000\"><span style=\"font-family: Verdana,sans-serif\"><span style=\"font-size: medium\">O pinheirinho come\u00e7ou a ser enfeitado no Natal, nas casas e Igrejas, l\u00e1 por 1539 em Estrasburgo, que fica na Fran\u00e7a, na fronteira da Alemanha. Dal\u00ed, l\u00e1 pelos anos de 1671, se espalhou para a Inglaterra, Am\u00e9rica do Norte e as demais regi\u00f5es do mundo. <\/span><\/span><\/span><\/p>\n<p style=\"text-align: left\"><strong><span style=\"color: #000000\"><span style=\"font-family: Verdana,sans-serif\"><span style=\"font-size: medium\">E porque virou s\u00edm<\/span><\/span><\/span><\/strong><strong><span style=\"color: #000000\"><span style=\"font-family: Verdana,sans-serif\"><span style=\"font-size: medium\">bolo do Natal?<\/span><\/span><\/span><\/strong><\/p>\n<h2 style=\"text-align: justify\"><span style=\"color: #000000\"><span style=\"font-family: Verdana,sans-serif\"><span style=\"font-size: medium\">\u00c9 que o pinheiro vive muito e est\u00e1 sempre verde, mesmo durante um rigoroso inverno. Por isso \u00e9 s\u00edmbolo de fortaleza e de imortalidade. Jesus \u00e9 o tronco imortal, a fortaleza, a seguran\u00e7a e n\u00f3s os galhos, e todo galho que permanece ligado ao tronco n\u00e3o morre e estar\u00e1 sempre verdejante diante das tribula\u00e7\u00f5es.<\/span><\/span><\/span><\/h2>\n<h2><span style=\"color: #000000\"><span style=\"font-family: Verdana,sans-serif\"><span style=\"font-size: medium\"><strong><a href=\"http:\/\/blog.cancaonova.com\/amigosdoceu\/files\/2012\/12\/bolinha-de-natal.png\"><img loading=\"lazy\" decoding=\"async\" class=\"alignright size-full wp-image-7282\" src=\"http:\/\/blog.cancaonova.com\/amigosdoceu\/files\/2012\/12\/bolinha-de-natal.png\" alt=\"\" width=\"249\" height=\"249\" srcset=\"https:\/\/blog.cancaonova.com\/amigosdoceu\/files\/2012\/12\/bolinha-de-natal.png 300w, https:\/\/blog.cancaonova.com\/amigosdoceu\/files\/2012\/12\/bolinha-de-natal-150x150.png 150w\" sizes=\"(max-width: 249px) 100vw, 249px\" \/><\/a>As Bolinhas de Natal<\/strong><\/span><\/span><\/span><span style=\"font-family: Verdana,sans-serif\"><span style=\"font-size: medium\"> <\/span><\/span><\/h2>\n<h2 style=\"text-align: justify\"><span style=\"font-family: Verdana,sans-serif\"><span style=\"font-size: medium\"><span style=\"color: #000000\"><a href=\"http:\/\/blog.cancaonova.com\/amigosdoceu\/files\/2012\/12\/bolinha-de-natal.gif\"><img loading=\"lazy\" decoding=\"async\" class=\"alignleft size-full wp-image-7325\" src=\"http:\/\/blog.cancaonova.com\/amigosdoceu\/files\/2012\/12\/bolinha-de-natal.gif\" alt=\"\" width=\"124\" height=\"124\" \/><\/a>Os galhos ligados ao tronco da \u00e1rvore recebem a for\u00e7a da seiva (lembra na aula de ci\u00eancias) para dar frutos, assim, o crist\u00e3o ligado a Jesus recebem o Esp\u00edrito Santo para dar bons frutos tamb\u00e9m: os talentos, os dons, as boas a\u00e7\u00f5es, o amor, o perd\u00e3o, a esperan\u00e7a e a compreens\u00e3o. <strong>Tudo de bom!<\/strong><\/span><\/span><\/span><\/h2>\n<h2><span style=\"color: #000000\"><span style=\"font-family: Verdana,sans-serif\"><span style=\"font-size: medium\"><strong><strong><a href=\"http:\/\/blog.cancaonova.com\/amigosdoceu\/files\/2012\/12\/pe-jonas-menino-pinheirinho-_-tia-Adelita.png\"><img loading=\"lazy\" decoding=\"async\" class=\"alignleft size-full wp-image-7281\" src=\"http:\/\/blog.cancaonova.com\/amigosdoceu\/files\/2012\/12\/pe-jonas-menino-pinheirinho-_-tia-Adelita.png\" alt=\"\" width=\"361\" height=\"401\" \/><\/a><\/strong><\/strong><\/span><\/span><\/span><\/h2>\n<p style=\"text-align: justify\"><strong><span style=\"font-family: Verdana,sans-serif\"><span style=\"font-size: medium\"><span style=\"color: #000000\">Uma linda Hist\u00f3ria do Monsenhor Jonas quando era Menino&#8230;<\/span><\/span><\/span><\/strong><\/p>\n<p style=\"text-align: justify\"><span style=\"font-family: Verdana,sans-serif\"><span style=\"font-size: medium\"><span style=\"color: #000000\">Quando o Monsenhor Jonas Abib era menino, sonhava em ter uma \u00e1rvore de Natal, com bolinhas de verdade e um pres\u00e9pio, mas seus pais eram pobres para comprar. Ent\u00e3o ele guardava durante o ano, os papeis de bala e bombons que ganhava e enrolava<\/span><\/span><\/span><span style=\"font-family: Verdana,sans-serif\"><span style=\"font-size: medium\"><span style=\"color: #000000\"> lim\u00e3os<\/span><\/span><\/span><span style=\"font-family: Verdana,sans-serif\"><span style=\"font-size: medium\"><span style=\"color: #000000\"> com eles, e com esses enfeites montava seu pr\u00f3prio pinheirinho num galho de \u00e1rvore. Ele tamb\u00e9m recortava no papel\u00e3o as figuras do Pres\u00e9pio.\u00a0 Teve um Natal que um tio seu, vendo o capricho do menino, acabou dando de presente o pinheirinho e o pres\u00e9pio de Natal pra ele, mas c\u00e1 pra n\u00f3s: com certeza Jesus gostava mais dos que o Monsenhor Jonas fazia, voc\u00ea n\u00e3o acha?<br \/>\n<\/span><\/span><\/span><\/p>\n<p style=\"text-align: justify\"><span style=\"font-family: Verdana,sans-serif\"><span style=\"font-size: medium\"><span style=\"color: #000000\">Eu contei a hist\u00f3ria de um outro menino: <strong>&#8220;O pequeno pastorzinho&#8221;.<\/strong> Quem escreveu essa hist\u00f3ria foi um freizinho Franciscano chamado Jac\u00f3b, que a muito tempo foi para o C\u00e9u, ningu\u00e9m sabe se \u00e9 um conto de Natal, ou se aconteceu de verdade&#8230; Assista a\u00ed, \u00e9 muuuuuuuito muito linda&#8230;<\/span><\/span><\/span><\/p>\n<p><object classid=\"d27cdb6e-ae6d-11cf-96b8-444553540000\" width=\"640\" height=\"480\"><param name=\"allowFullScreen\" value=\"true\" \/><param name=\"allowscriptaccess\" value=\"always\" \/><param name=\"src\" value=\"http:\/\/www.youtube.com\/v\/OOHN_s9_f20?version=3&amp;hl=pt_BR&amp;rel=0\" \/><param name=\"allowfullscreen\" value=\"true\" \/><embed type=\"application\/x-shockwave-flash\" width=\"640\" height=\"480\" src=\"http:\/\/www.youtube.com\/v\/OOHN_s9_f20?version=3&amp;hl=pt_BR&amp;rel=0\" allowscriptaccess=\"always\" allowfullscreen=\"true\"><\/embed><\/object><\/p>\n<p><span style=\"font-family: Verdana,sans-serif\"><span style=\"font-size: medium\"><span style=\"color: #000000\"><a href=\"http:\/\/blog.cancaonova.com\/amigosdoceu\/files\/2012\/12\/pe-jonas-menino-pinheirinho-colorir-_-tia-Adelita.jpg\"><img loading=\"lazy\" decoding=\"async\" class=\"alignleft size-full wp-image-7283\" src=\"http:\/\/blog.cancaonova.com\/amigosdoceu\/files\/2012\/12\/pe-jonas-menino-pinheirinho-colorir-_-tia-Adelita.jpg\" alt=\"\" width=\"344\" height=\"367\" \/><\/a>Quer colorir o menino Jonas que eu desenhei? Legal! Clica na imagem para ampliar&#8230;<\/span><\/span><\/span><\/p>\n<h3><span style=\"font-family: Verdana,sans-serif\"><span style=\"font-size: medium\"><span style=\"color: #000000\">E mais: tem um card com esse desenho e uma frase do Monsehor Jonas Abib no <\/span><\/span><\/span><strong> <a href=\"https:\/\/www.facebook.com\/amigosdoceu\" target=\"_blank\">facebook<\/a><\/strong><\/h3>\n<p><span style=\"font-family: Verdana,sans-serif\"><span style=\"font-size: medium\"><span style=\"color: #000000\"> pra voc\u00ea compartilhar, n\u00e3o esque ce de curtir <\/span><\/span><\/span><a href=\"https:\/\/www.facebook.com\/amigosdoceu\" target=\"_blank\"><img loading=\"lazy\" decoding=\"async\" src=\"https:\/\/s-static.ak.facebook.com\/rsrc.php\/v2\/yE\/r\/s160T9ZRfKh.png\" alt=\"\" width=\"32\" height=\"28\" \/><\/a><strong> . <\/strong><\/p>\n<h4><strong>Voc\u00ea tamb\u00e9m me acha\u2026<\/strong><\/h4>\n<h4><strong>. <\/strong><a href=\"http:\/\/www.youtube.com\/playlist?list=PL562872B285A3C385&amp;feature=plcp\" target=\"_blank\"><strong>Youtube<\/strong><\/a><strong> <\/strong>\u2013 Minhas hist\u00f3rias em alta resolu\u00e7\u00e3o para usar na catequese.<\/h4>\n<h4><strong>. <\/strong><a href=\"http:\/\/www.webtvcn.com\/busca\/tia%20adelita\/page\/1\/\" target=\"_blank\"><strong>WEB TV CN<\/strong> <\/a>&#8211; Historinhas r\u00e1pidas.<\/h4>\n<h4><strong>. <\/strong><a href=\"http:\/\/www.podcast1.com.br\/canal.php?pagina=2&amp;codigo_canal=1834\" target=\"_blank\"><strong>Podcast<\/strong><\/a> \u2013 Hist\u00f3rias de ouvir, que gravei para a r\u00e1dio Can\u00e7\u00e3o Nova.<\/h4>\n<h4>. Tia Adelita no<a href=\"https:\/\/twitter.com\/Tia_Adelita\" target=\"_blank\"> <strong>twitter<\/strong><\/a><\/h4>\n<p>Eu achei umapor\u00e7\u00e3o de enfeites de Natal com papel, que a gente mesmo pode fazer<a href=\"http:\/\/cp.c-ij.com\/en\/contents\/3159\/list_15_2.html\" target=\"_blank\"><strong> (clique aqui para abrir o link)<\/strong><\/a><\/p>\n","protected":false},"excerpt":{"rendered":"<p>Os S\u00edmbolos de Natal O Pinheirinho O pinheirinho come\u00e7ou a ser enfeitado no Natal, nas casas e Igrejas, l\u00e1 por 1539 em Estrasburgo, que fica na Fran\u00e7a, na fronteira da Alemanha. Dal\u00ed, l\u00e1 pelos anos de 1671, se espalhou para&#8230;<\/p>\n","protected":false},"author":4017,"featured_media":0,"comment_status":"open","ping_status":"open","sticky":false,"template":"","format":"standard","meta":{"_mi_skip_tracking":false,"_monsterinsights_sitenote_active":false,"_monsterinsights_sitenote_note":"","_monsterinsights_sitenote_category":0,"footnotes":""},"categories":[1281,176511],"tags":[138569,17144,138568,138567],"_links":{"self":[{"href":"https:\/\/blog.cancaonova.com\/amigosdoceu\/wp-json\/wp\/v2\/posts\/7251"}],"collection":[{"href":"https:\/\/blog.cancaonova.com\/amigosdoceu\/wp-json\/wp\/v2\/posts"}],"about":[{"href":"https:\/\/blog.cancaonova.com\/amigosdoceu\/wp-json\/wp\/v2\/types\/post"}],"author":[{"embeddable":true,"href":"https:\/\/blog.cancaonova.com\/amigosdoceu\/wp-json\/wp\/v2\/users\/4017"}],"replies":[{"embeddable":true,"href":"https:\/\/blog.cancaonova.com\/amigosdoceu\/wp-json\/wp\/v2\/comments?post=7251"}],"version-history":[{"count":12,"href":"https:\/\/blog.cancaonova.com\/amigosdoceu\/wp-json\/wp\/v2\/posts\/7251\/revisions"}],"predecessor-version":[{"id":8827,"href":"https:\/\/blog.cancaonova.com\/amigosdoceu\/wp-json\/wp\/v2\/posts\/7251\/revisions\/8827"}],"wp:attachment":[{"href":"https:\/\/blog.cancaonova.com\/amigosdoceu\/wp-json\/wp\/v2\/media?parent=7251"}],"wp:term":[{"taxonomy":"category","embeddable":true,"href":"https:\/\/blog.cancaonova.com\/amigosdoceu\/wp-json\/wp\/v2\/categories?post=7251"},{"taxonomy":"post_tag","embeddable":true,"href":"https:\/\/blog.cancaonova.com\/amigosdoceu\/wp-json\/wp\/v2\/tags?post=7251"}],"curies":[{"name":"wp","href":"https:\/\/api.w.org\/{rel}","templated":true}]}}