{"id":7258,"date":"2012-12-06T07:00:17","date_gmt":"2012-12-06T09:00:17","guid":{"rendered":"http:\/\/blog.cancaonova.com\/amigosdoceu\/?p=7258"},"modified":"2018-11-21T11:14:55","modified_gmt":"2018-11-21T13:14:55","slug":"sao-nicolau","status":"publish","type":"post","link":"https:\/\/blog.cancaonova.com\/amigosdoceu\/sao-nicolau\/","title":{"rendered":"S\u00e3o Nicolau"},"content":{"rendered":"<p><span style=\"font-family: Verdana,sans-serif\"><span style=\"font-size: medium\"><span style=\"color: #ff0000\"><span style=\"font-family: Verdana,sans-serif\"><span style=\"font-size: medium\"><strong>Papai Noel Existe?<a href=\"http:\/\/blog.cancaonova.com\/amigosdoceu\/files\/2011\/12\/charadinha-nicolau7.png\"><img loading=\"lazy\" decoding=\"async\" class=\"aligncenter size-full wp-image-3254\" src=\"http:\/\/blog.cancaonova.com\/amigosdoceu\/files\/2011\/12\/charadinha-nicolau7.png\" alt=\"S\u00e3o Nicolau\" width=\"342\" height=\"334\" srcset=\"https:\/\/blog.cancaonova.com\/amigosdoceu\/files\/2011\/12\/charadinha-nicolau7.png 400w, https:\/\/blog.cancaonova.com\/amigosdoceu\/files\/2011\/12\/charadinha-nicolau7-300x293.png 300w\" sizes=\"(max-width: 342px) 100vw, 342px\" \/><\/a><\/strong><\/span><\/span><\/span><\/span><\/span><a href=\"http:\/\/blog.cancaonova.com\/amigosdoceu\/files\/2012\/12\/papai-noel-europeu.png\"><img loading=\"lazy\" decoding=\"async\" class=\"alignright size-full wp-image-7261\" src=\"http:\/\/blog.cancaonova.com\/amigosdoceu\/files\/2012\/12\/papai-noel-europeu.png\" alt=\"\" width=\"129\" height=\"193\"><\/a><\/p>\n<p><span style=\"font-family: Verdana,sans-serif\"><span style=\"font-size: medium\"><span style=\"color: #ff0000\"><span style=\"font-family: Verdana,sans-serif\"><span style=\"font-size: medium\"><strong><br \/>\n<\/strong><\/span><\/span><\/span><\/span><\/span><\/p>\n<p style=\"text-align: justify\"><span style=\"font-family: Verdana,sans-serif\"><span style=\"font-size: medium\"><a href=\"http:\/\/blog.cancaonova.com\/amigosdoceu\/files\/2012\/12\/papai-Noel-menino-_tia-Adelita.png\"><img loading=\"lazy\" decoding=\"async\" class=\"size-medium wp-image-7286 alignleft\" src=\"http:\/\/blog.cancaonova.com\/amigosdoceu\/files\/2012\/12\/papai-Noel-menino-_tia-Adelita-217x300.png\" alt=\"\" width=\"217\" height=\"300\" srcset=\"https:\/\/blog.cancaonova.com\/amigosdoceu\/files\/2012\/12\/papai-Noel-menino-_tia-Adelita-217x300.png 217w, https:\/\/blog.cancaonova.com\/amigosdoceu\/files\/2012\/12\/papai-Noel-menino-_tia-Adelita.png 581w\" sizes=\"(max-width: 217px) 100vw, 217px\" \/><\/a>Pasmem&#8230; Papai Noel existe de verdade e mora no C\u00e9u! Ele \u00e9 um santo da Igreja Cat\u00f3lica: s\u00e3o Nicolau. <\/span><\/span><\/p>\n<p><span style=\"font-family: Verdana,sans-serif\"><span style=\"font-size: medium\"><span style=\"color: #ff0000\"><strong>E porque ele aparece no Natal? <\/strong><\/span><\/span><\/span><\/p>\n<p style=\"text-align: justify\"><span style=\"font-family: Verdana,sans-serif\"><span style=\"font-size: medium\">Porque o dia de S\u00e3o Nicolau \u00e9 bem pertinho do Natal: 6 de dezembro. Foi na Alemanha que come\u00e7ou a tradi\u00e7\u00e3o das crian\u00e7as ganharem presentes e doces no dia de S\u00e3o Nicolau, mas logo se espalhou por todos os pa\u00edses da Europa.<br \/>\n<\/span><\/span><\/p>\n<p><span style=\"font-family: Verdana,sans-serif\"><span style=\"font-size: medium\"><span style=\"color: #ff0000\"><span style=\"font-family: Verdana,sans-serif\"><strong>E como \u201cNicolau\u201d virou \u201cNoel\u201d? <\/strong><\/span><\/span><\/span><\/span><\/p>\n<p style=\"text-align: justify\"><a href=\"http:\/\/blog.cancaonova.com\/amigosdoceu\/files\/2012\/12\/papai-noel-americano-2.png\"><img loading=\"lazy\" decoding=\"async\" class=\"alignright size-full wp-image-7259\" src=\"http:\/\/blog.cancaonova.com\/amigosdoceu\/files\/2012\/12\/papai-noel-americano-2.png\" alt=\"\" width=\"384\" height=\"329\" srcset=\"https:\/\/blog.cancaonova.com\/amigosdoceu\/files\/2012\/12\/papai-noel-americano-2.png 384w, https:\/\/blog.cancaonova.com\/amigosdoceu\/files\/2012\/12\/papai-noel-americano-2-300x257.png 300w\" sizes=\"(max-width: 384px) 100vw, 384px\" \/><\/a><span style=\"font-family: Verdana,sans-serif\"><span style=\"font-size: medium\">Foi nos Estados Unidos, em 1822. Um professor de Nova Yorque, Clemente Clark Moore, escreveu uma hist\u00f3ria em forma de poema para seus filhos chamado \u201cUma visita de S\u00e3o Nicolau\u201d. Nesse poema, ele inventou que Nicolau viajava num tren\u00f3 puxado por renas, entrava pela chamin\u00e9, etc. E, como nos Estados Unidos a maioria da popula\u00e7\u00e3o era protestante, o com\u00e9rcio n\u00e3o vendia doces e brinquedos n<\/span><\/span><span style=\"font-family: Verdana,sans-serif\"><span style=\"font-size: medium\">a \u00e9poca do Natal como na Europa, no dia de S\u00e3o Nicolau. Ent\u00e3o tiveram a id\u00e9ia de divulgar a hist\u00f3ria do poema de Thomas Nast e transform\u00e1-la numa lenda onde um bom velhinho que tem uma f\u00e1brica de presentes no P\u00f3lo Norte, no Natal entrega presentes para as crian\u00e7as, assim os pais comprariam presentes para n\u00e3o decepcionar as crian\u00e7as.<\/span><\/span><\/p>\n<p><a href=\"http:\/\/blog.cancaonova.com\/amigosdoceu\/files\/2012\/12\/papai-noel-europeu-2.png\"><img loading=\"lazy\" decoding=\"async\" class=\"alignleft size-full wp-image-7260\" src=\"http:\/\/blog.cancaonova.com\/amigosdoceu\/files\/2012\/12\/papai-noel-europeu-2.png\" alt=\"\" width=\"123\" height=\"228\"><\/a><\/p>\n<p><span style=\"font-size: medium\"><span style=\"color: #ff0000\"><span style=\"font-family: Verdana,sans-serif\"><strong>E a roupa de Papai Noel? O que tem a ver com S\u00e3o Nicolau?<\/strong><\/span><\/span> <\/span><\/p>\n<p style=\"text-align: justify\"><span style=\"font-family: Verdana,sans-serif\"><span style=\"font-size: medium\">N\u00e3o pegava bem o Noel americano, andar por ai com roupas de um santo cat\u00f3lico. Ent\u00e3o, para edi\u00e7\u00e3o especial de Natal de uma revista, o desenhista Thomas Nast, em 1886, aproveitou o visual gorducho de barbas brancas e roupas vermelhas do bispo, mas trocou suas vestes de bispo por uma bem quente, com boas botas e peles para andar na neve.<br \/>\nMas at\u00e9 hoje na Europa, as crian\u00e7as comemoram S\u00e3o Nicolau: com os paramentos eclesi\u00e1sticos de bispo, tendo, em vez do gorro vermelho, uma <\/span><\/span><\/p>\n<p><span style=\"font-family: Verdana,sans-serif\"><span style=\"font-size: medium\">mitra episcopal.<\/span><\/span><\/p>\n<p><span style=\"font-size: medium\"><span style=\"color: #ff0000\"><span style=\"font-family: Verdana,sans-serif\"><strong>E o nome \u201cPapai Noel\u201d? Como surgiu?<\/strong><\/span><\/span><\/span><\/p>\n<p style=\"text-align: justify\"><span style=\"font-family: Verdana,sans-serif\"><span style=\"font-size: medium\"> Noel faz referencia a palavra \u201cNatal\u201d.&nbsp; Mas em cada lugar do mundo ele \u00e9 chamado de um nome diferente.<br \/>\n<\/span><\/span><\/p>\n<p><span style=\"color: #ff0000\"><span style=\"font-family: Verdana,sans-serif\"><span style=\"font-size: medium\"><strong>A verdadeira hist\u00f3ria de Papai Noel<\/strong><\/span><\/span><\/span><\/p>\n<p><span style=\"color: #000000\"><span style=\"font-family: Verdana,sans-serif\"><span style=\"font-size: medium\">Para conhecer, voc\u00ea tem que assistir o Amigos do C\u00e9u&#8230; <\/span><\/span><\/span><\/p>\n<p><iframe loading=\"lazy\" title=\"Amigos do C\u00c3\u00a9u - S\u00c3\u00a3o Nicolau o verdadeiro Papai Noel\" width=\"600\" height=\"450\" src=\"https:\/\/www.youtube.com\/embed\/WSGgZLmpiWM?feature=oembed&amp;rel=0\" frameborder=\"0\" allow=\"accelerometer; autoplay; clipboard-write; encrypted-media; gyroscope; picture-in-picture; web-share\" referrerpolicy=\"strict-origin-when-cross-origin\" allowfullscreen><\/iframe><\/p>\n<p><span style=\"font-size: medium\"><span style=\"color: #ff0000\"><span style=\"font-family: Verdana,sans-serif\"><span style=\"font-size: medium\"><strong>E no Cantinho da Crian\u00e7a&#8230;<\/strong><\/span><\/span><\/span><\/span><\/p>\n<p><iframe loading=\"lazy\" title=\"Tia Adelita conta a verdadeira  hist\u00c3\u00b3ria do Papai Noel, Sa\u00cc\u0083o Nicolau\" width=\"600\" height=\"338\" src=\"https:\/\/www.youtube.com\/embed\/8kwJEl2OVq4?feature=oembed&amp;rel=0\" frameborder=\"0\" allow=\"accelerometer; autoplay; clipboard-write; encrypted-media; gyroscope; picture-in-picture; web-share\" referrerpolicy=\"strict-origin-when-cross-origin\" allowfullscreen><\/iframe><\/p>\n<p><span style=\"font-size: medium\"><span style=\"color: #ff0000\"><span style=\"font-family: Verdana,sans-serif\"><span style=\"font-size: medium\"><strong>\u00c9 errado ter Papai Noel nas nossas festas de Natal?<\/strong><\/span><\/span><\/span> <\/span><\/p>\n<p style=\"text-align: justify\"><span style=\"font-family: Verdana,sans-serif\"><span style=\"font-size: medium\"> Claro que n\u00e3o! Ainda mais agora que a gente sabe tudo sobre o verdadeiro Papai Noel. Tenho certeza que s\u00e3o Nicolau entende. S\u00e3o Nicolau, ou Papai Noel, como o chamamos, representa a bondade, a caridade, a partilha de nossa felicidade atrav\u00e9s dos presentes pelo nascimento do Menino Jesus. S\u00f3 perde o sentido quando as pessoas esquecem do aniversariante&#8230; Porque Nicolau \u00e9 um amigo de Jesus, e Jesus \u00e9 o verdadeiro dono da festa. S\u00e3o Nicolau&#8230; Rogai por n\u00f3s!<br \/>\n<a href=\"http:\/\/blog.cancaonova.com\/amigosdoceu\/files\/2011\/12\/resposta-nicolau1.png\"><img loading=\"lazy\" decoding=\"async\" class=\"aligncenter size-full wp-image-3321\" src=\"http:\/\/blog.cancaonova.com\/amigosdoceu\/files\/2011\/12\/resposta-nicolau1.png\" alt=\"S\u00e3o Nicolau o Papai Noel\" width=\"400\" height=\"391\" srcset=\"https:\/\/blog.cancaonova.com\/amigosdoceu\/files\/2011\/12\/resposta-nicolau1.png 400w, https:\/\/blog.cancaonova.com\/amigosdoceu\/files\/2011\/12\/resposta-nicolau1-300x293.png 300w\" sizes=\"(max-width: 400px) 100vw, 400px\" \/><\/a><br \/>\n<\/span><\/span><\/p>\n<p style=\"text-align: justify\"><span style=\"font-family: Verdana,sans-serif\"><span style=\"font-size: medium\"><a href=\"http:\/\/blog.cancaonova.com\/amigosdoceu\/files\/2012\/12\/papai-Noel-menino-colorir-_tia-Adelita.jpg\"><img loading=\"lazy\" decoding=\"async\" class=\"alignright size-full wp-image-7287\" src=\"http:\/\/blog.cancaonova.com\/amigosdoceu\/files\/2012\/12\/papai-Noel-menino-colorir-_tia-Adelita.jpg\" alt=\"\" width=\"352\" height=\"506\" srcset=\"https:\/\/blog.cancaonova.com\/amigosdoceu\/files\/2012\/12\/papai-Noel-menino-colorir-_tia-Adelita.jpg 557w, https:\/\/blog.cancaonova.com\/amigosdoceu\/files\/2012\/12\/papai-Noel-menino-colorir-_tia-Adelita-208x300.jpg 208w\" sizes=\"(max-width: 352px) 100vw, 352px\" \/><\/a>Quer colorir meu Papai Noel menino? Clica nele para ampliar e imprimir&#8230;<\/span><\/span><\/p>\n<h3 style=\"text-align: justify\">E mais: tem um card com esse desenho e uma frase de S\u00e3o Nicolau no <strong> <a href=\"https:\/\/www.facebook.com\/amigosdoceu\" target=\"_blank\" rel=\"noopener\">facebook<\/a><\/strong> pra voc\u00ea compartilhar, n\u00e3o esque ce de curtir <a href=\"https:\/\/www.facebook.com\/amigosdoceu\" target=\"_blank\" rel=\"noopener\"><img loading=\"lazy\" decoding=\"async\" src=\"https:\/\/s-static.ak.facebook.com\/rsrc.php\/v2\/yE\/r\/s160T9ZRfKh.png\" alt=\"\" width=\"32\" height=\"28\"><\/a><strong> . <\/strong><\/h3>\n<h4 style=\"text-align: justify\"><strong>Voc\u00ea tamb\u00e9m me acha\u2026<\/strong><\/h4>\n<h4 style=\"text-align: justify\"><strong>. <\/strong><a href=\"http:\/\/www.youtube.com\/playlist?list=PL562872B285A3C385&amp;feature=plcp\" target=\"_blank\" rel=\"noopener\"><strong>Youtube<\/strong><\/a> \u2013 Minhas hist\u00f3rias em alta resolu\u00e7\u00e3o para usar na catequese.<\/h4>\n<h4 style=\"text-align: justify\"><strong>. <\/strong><a href=\"http:\/\/www.webtvcn.com\/busca\/tia%20adelita\/page\/1\/\" target=\"_blank\" rel=\"noopener\"><strong>WEB TV CN<\/strong> <\/a>&#8211; Historinhas r\u00e1pidas.<\/h4>\n<h4 style=\"text-align: justify\"><strong>. <\/strong><a href=\"http:\/\/www.podcast1.com.br\/canal.php?pagina=2&amp;codigo_canal=1834\" target=\"_blank\" rel=\"noopener\"><strong>Podcast<\/strong><\/a> \u2013 Hist\u00f3rias de ouvir, que gravei para a r\u00e1dio Can\u00e7\u00e3o Nova.<\/h4>\n<h4 style=\"text-align: justify\">. Tia Adelita no <strong>twitter<\/strong><\/h4>\n","protected":false},"excerpt":{"rendered":"<p>Papai Noel Existe? Pasmem&#8230; Papai Noel existe de verdade e mora no C\u00e9u! Ele \u00e9 um santo da Igreja Cat\u00f3lica: s\u00e3o Nicolau. E porque ele aparece no Natal? Porque o dia de S\u00e3o Nicolau \u00e9 bem pertinho do Natal: 6&#8230;<\/p>\n","protected":false},"author":4017,"featured_media":10346,"comment_status":"open","ping_status":"open","sticky":false,"template":"","format":"standard","meta":{"_mi_skip_tracking":false,"_monsterinsights_sitenote_active":false,"_monsterinsights_sitenote_note":"","_monsterinsights_sitenote_category":0,"footnotes":""},"categories":[176511,15793],"tags":[31,36672,93905],"_links":{"self":[{"href":"https:\/\/blog.cancaonova.com\/amigosdoceu\/wp-json\/wp\/v2\/posts\/7258"}],"collection":[{"href":"https:\/\/blog.cancaonova.com\/amigosdoceu\/wp-json\/wp\/v2\/posts"}],"about":[{"href":"https:\/\/blog.cancaonova.com\/amigosdoceu\/wp-json\/wp\/v2\/types\/post"}],"author":[{"embeddable":true,"href":"https:\/\/blog.cancaonova.com\/amigosdoceu\/wp-json\/wp\/v2\/users\/4017"}],"replies":[{"embeddable":true,"href":"https:\/\/blog.cancaonova.com\/amigosdoceu\/wp-json\/wp\/v2\/comments?post=7258"}],"version-history":[{"count":16,"href":"https:\/\/blog.cancaonova.com\/amigosdoceu\/wp-json\/wp\/v2\/posts\/7258\/revisions"}],"predecessor-version":[{"id":11588,"href":"https:\/\/blog.cancaonova.com\/amigosdoceu\/wp-json\/wp\/v2\/posts\/7258\/revisions\/11588"}],"wp:featuredmedia":[{"embeddable":true,"href":"https:\/\/blog.cancaonova.com\/amigosdoceu\/wp-json\/wp\/v2\/media\/10346"}],"wp:attachment":[{"href":"https:\/\/blog.cancaonova.com\/amigosdoceu\/wp-json\/wp\/v2\/media?parent=7258"}],"wp:term":[{"taxonomy":"category","embeddable":true,"href":"https:\/\/blog.cancaonova.com\/amigosdoceu\/wp-json\/wp\/v2\/categories?post=7258"},{"taxonomy":"post_tag","embeddable":true,"href":"https:\/\/blog.cancaonova.com\/amigosdoceu\/wp-json\/wp\/v2\/tags?post=7258"}],"curies":[{"name":"wp","href":"https:\/\/api.w.org\/{rel}","templated":true}]}}