{"id":7309,"date":"2012-12-19T07:00:52","date_gmt":"2012-12-19T09:00:52","guid":{"rendered":"http:\/\/blog.cancaonova.com\/amigosdoceu\/?p=7309"},"modified":"2013-08-22T11:57:50","modified_gmt":"2013-08-22T13:57:50","slug":"o-natal-pelo-mundo","status":"publish","type":"post","link":"https:\/\/blog.cancaonova.com\/amigosdoceu\/o-natal-pelo-mundo\/","title":{"rendered":"O Natal pelo Mundo"},"content":{"rendered":"<p style=\"text-align: justify\"><em><strong><span style=\"color: #000000\"> <\/span><\/strong><\/em><span style=\"color: #000000\"><span style=\"font-family: Vrer\"><span style=\"font-size: medium\"> <\/span><\/span><\/span><\/p>\n<h3 style=\"text-align: justify\"><span style=\"color: #ff0000\"><em><strong>Jesus nasceu para Salvar toda a Humanidade <\/strong><\/em><\/span><\/h3>\n<p><em><strong><a href=\"http:\/\/blog.cancaonova.com\/amigosdoceu\/files\/2012\/12\/natal-pelo-mundo.png\"><img loading=\"lazy\" decoding=\"async\" class=\"aligncenter size-full wp-image-7399\" src=\"http:\/\/blog.cancaonova.com\/amigosdoceu\/files\/2012\/12\/natal-pelo-mundo.png\" alt=\"\" width=\"640\" height=\"408\" \/><\/a><br \/>\n<\/strong><\/em><\/p>\n<p style=\"text-align: justify\"><em><strong><span style=\"color: #000000\"> <\/span><\/strong><\/em><em><strong><span style=\"color: #000000\"><a href=\"http:\/\/blog.cancaonova.com\/amigosdoceu\/files\/2012\/11\/papa-bento-em-p\u00e9_tia-Adelita.png\"><img loading=\"lazy\" decoding=\"async\" class=\"alignright size-full wp-image-7116\" src=\"http:\/\/blog.cancaonova.com\/amigosdoceu\/files\/2012\/11\/papa-bento-em-p\u00e9_tia-Adelita.png\" alt=\"\" width=\"244\" height=\"504\" \/><\/a><\/span><\/strong><\/em><span style=\"color: #000000\"><span style=\"font-family: Vrer\"><span style=\"font-size: medium\"> O\u00a0 Papa Bento XVI disse:<\/span><\/span><\/span><\/p>\n<p style=\"text-align: justify\"><em><strong><span style=\"color: #000000\">\u201c<span style=\"font-family: Vrer\"><span style=\"font-size: medium\">Cristo nasceu para n\u00f3s! <\/span><\/span><\/span><\/strong><\/em><\/p>\n<p style=\"text-align: justify\"><em><strong><span style=\"color: #000000\"><span style=\"font-family: Vrer\"><span style=\"font-size: medium\">Gl\u00f3ria a Deus nas alturas e paz na terra aos homens do seu agrado. <\/span><\/span><\/span><\/strong><\/em><\/p>\n<p style=\"text-align: justify\"><em><strong><span style=\"color: #000000\"><span style=\"font-family: Vrer\"><span style=\"font-size: medium\"> A todos chegue o eco deste an\u00fancio de Bel\u00e9m, que a Igreja Cat\u00f3lica faz ressoar por todos os continentes, sem olhar a fronteiras nacionais, lingu\u00edsticas e culturais: O Filho da Virgem Maria nasceu para todos, \u00e9 o Salvador de todos!<\/span><\/span><\/span><\/strong><\/em><\/p>\n<p><em><strong> <\/strong><\/em><\/p>\n<p style=\"text-align: justify\"><a href=\"http:\/\/blog.cancaonova.com\/amigosdoceu\/files\/2012\/12\/PRESEPIO_MENINOJESUS2.png\"><img loading=\"lazy\" decoding=\"async\" class=\"size-full wp-image-7395  alignleft\" src=\"http:\/\/blog.cancaonova.com\/amigosdoceu\/files\/2012\/12\/PRESEPIO_MENINOJESUS2.png\" alt=\"\" width=\"350\" height=\"276\" srcset=\"https:\/\/blog.cancaonova.com\/amigosdoceu\/files\/2012\/12\/PRESEPIO_MENINOJESUS2.png 350w, https:\/\/blog.cancaonova.com\/amigosdoceu\/files\/2012\/12\/PRESEPIO_MENINOJESUS2-300x236.png 300w\" sizes=\"(max-width: 350px) 100vw, 350px\" \/><\/a><em><strong><span style=\"color: #000000\"><span style=\"font-family: Vrer\"><span style=\"font-size: medium\">Dirijamos o olhar para a Gruta de Bel\u00e9m: o Menino que contemplamos \u00e9 a nossa salva\u00e7\u00e3o. Ele trouxe ao mundo uma mensagem universal de reconcilia\u00e7\u00e3o e de paz&#8230; <\/span><\/span><\/span><\/strong><\/em><\/p>\n<p style=\"text-align: justify\"><em><strong><span style=\"color: #000000\"><span style=\"font-family: Vrer\"><span style=\"font-size: medium\">Esperan\u00e7a e salva\u00e7\u00e3o dos povos! <\/span><\/span><\/span><\/strong><\/em><\/p>\n<p style=\"text-align: justify\"><em><strong><span style=\"color: #000000\"><span style=\"font-family: Vrer\"><span style=\"font-size: medium\">Vinde salvar-nos, Senhor nosso Deus!\u201d<\/span><\/span><\/span><\/strong><\/em><\/p>\n<p style=\"text-align: justify\"><em><strong><span style=\"color: #000000\"><span style=\"font-family: Vrer\"><span style=\"font-size: medium\"> <\/span><\/span><\/span><\/strong><\/em><\/p>\n<p><span style=\"font-family: Verdana,sans-serif\"><span style=\"font-size: x-small\"><span style=\"font-family: Verdana,sans-serif\"><span style=\"font-size: medium\"><strong><span style=\"color: #ff0000\">Curiosidade<\/span><\/strong><\/span><\/span><\/span><\/span><\/p>\n<p><span style=\"font-family: Verdana,sans-serif\"><span style=\"font-size: x-small\"><span style=\"font-family: Verdana,sans-serif\"><span style=\"font-size: medium\"><strong><span style=\"color: #ff0000\"><span style=\"color: #000000\">Feliz Natal em alguns pa\u00edses do mundo <\/span><br \/>\n<\/span><\/strong><\/span><\/span><\/span><\/span><\/p>\n<p style=\"text-align: center\"><span style=\"font-size: medium\"><span style=\"font-size: x-small\"><span style=\"font-family: Verdana,sans-serif\"><span style=\"font-size: medium\"> <\/span><\/span><\/span><\/span><img decoding=\"async\" class=\"aligncenter\" src=\"..\/files\/2011\/11\/idiomas-pine.png\" alt=\"http:\/\/blog.cancaonova.com\/amigosdoceu\/files\/2011\/11\/idiomas-pine.png\" \/><\/p>\n<h1><span style=\"color: #ff0000\"><strong><span style=\"color: #000000\"><span style=\"font-size: small\"><span style=\"font-size: medium\">O Natal pelo Mundo<\/span><\/span><\/span><\/strong><\/span><\/h1>\n<p style=\"text-align: justify\"><img loading=\"lazy\" decoding=\"async\" class=\"alignright\" style=\"cursor: -moz-zoom-in\" src=\"..\/files\/\/var\/www\/blog.cancaonova.com\/wp-content\/blogs.dir\/2927\/files\/\/2008\/12\/o-natal-de-joao-paulo-ii.png\" alt=\"http:\/\/blog.cancaonova.com\/amigosdoceu\/files\/\/var\/www\/blog.cancaonova.com\/wp-content\/blogs.dir\/2927\/files\/\/2008\/12\/o-natal-de-joao-paulo-ii.png\" width=\"344\" height=\"1464\" \/><span style=\"font-family: Arial Unicode MS,sans-serif\"><span style=\"color: #000000\"><span style=\"font-family: Verdana,sans-serif\"><span style=\"font-size: small\"><span style=\"font-family: Verdana,sans-serif\"><span style=\"font-size: medium\">Na<\/span><\/span><\/span><\/span><\/span><span style=\"color: #000000\"><span style=\"font-family: Verdana,sans-serif\"><span style=\"font-size: small\"><span style=\"font-family: Verdana,sans-serif\"><span style=\"font-size: medium\"><strong> Belgica, <\/strong><\/span><\/span><\/span><\/span><\/span><span style=\"color: #000000\"><span style=\"font-family: Verdana,sans-serif\"><span style=\"font-size: small\"><span style=\"font-family: Verdana,sans-serif\"><span style=\"font-size: medium\">as<\/span><\/span><\/span><\/span><\/span><span style=\"color: #000000\"><span style=\"font-family: Verdana,sans-serif\"><span style=\"font-size: small\"><span style=\"font-family: Verdana,sans-serif\"><span style=\"font-size: medium\"><strong> <\/strong><\/span><\/span><\/span><\/span><\/span><span style=\"color: #000000\"><span style=\"font-family: Verdana,sans-serif\"><span style=\"font-size: medium\">crian\u00e7as <\/span><\/span><\/span><span style=\"color: #000000\"><span style=\"font-family: Verdana,sans-serif\"><span style=\"font-size: medium\">recebem os presentes de S\u00e3o Nicolau em 6 de dezembro, data na qual nas regi\u00f5es alpinas h\u00e1 tradicionalmente uma antecipa\u00e7\u00e3o em forma de sacos com nozes, frutas secas, laranjas e doces. <\/span><\/span><\/span><\/span><\/p>\n<p style=\"text-align: justify\"><span style=\"font-family: Arial Unicode MS,sans-serif\"><span style=\"color: #000000\"><span style=\"font-family: Verdana,sans-serif\"><span style=\"font-size: medium\">O Menino Jesus \u00e9 chamado \u201cJezuska\u201d na <\/span><\/span><\/span><span style=\"color: #000000\"><span style=\"font-family: Verdana,sans-serif\"><span style=\"font-size: medium\"><strong>Hungria<\/strong><\/span><\/span><\/span><span style=\"color: #000000\"><span style=\"font-family: Verdana,sans-serif\"><span style=\"font-size: medium\"> e \u201cGes\u00fa Bambino\u201d na <\/span><\/span><\/span><span style=\"color: #000000\"><span style=\"font-family: Verdana,sans-serif\"><span style=\"font-size: medium\"><strong>It\u00e1lia<\/strong><\/span><\/span><\/span><span style=\"color: #000000\"><span style=\"font-family: Verdana,sans-serif\"><span style=\"font-size: medium\"> &#8211; que traz os presentes e os deixa, em 24 de dezembro, debaixo da \u00e1rvore decorada segundo os costumes de cada pa\u00eds. <\/span><\/span><\/span><\/span><\/p>\n<p style=\"text-align: justify\"><span style=\"font-family: Arial Unicode MS,sans-serif\"><span style=\"color: #000000\"><span style=\"font-family: Verdana,sans-serif\"><span style=\"font-size: medium\">Na <\/span><\/span><\/span><span style=\"color: #000000\"><span style=\"font-family: Verdana,sans-serif\"><span style=\"font-size: medium\"><strong>Austr\u00e1lia<\/strong><\/span><\/span><\/span><span style=\"color: #000000\"><span style=\"font-family: Verdana,sans-serif\"><span style=\"font-size: medium\">, as \u00e1rvores de Natal podem ser palmeiras por falta de p<\/span><\/span><\/span><\/span><span style=\"font-family: Arial Unicode MS,sans-serif\"><span style=\"color: #000000\"><span style=\"font-family: Verdana,sans-serif\"><span style=\"font-size: medium\">inheiros, mas nos <\/span><\/span><\/span><span style=\"color: #000000\"><span style=\"font-family: Verdana,sans-serif\"><span style=\"font-size: medium\"><strong>pa\u00edses n\u00f3rdicos<\/strong><\/span><\/span><\/span><span style=\"color: #000000\"><span style=\"font-family: Verdana,sans-serif\"><span style=\"font-size: medium\"> a \u00e1rvore \u00e9 o pinheiro e nunca falta neve. <\/span><\/span><\/span><\/span><\/p>\n<p style=\"text-align: justify\"><span style=\"font-family: Arial Unicode MS,sans-serif\"><span style=\"color: #000000\"><span style=\"font-family: Verdana,sans-serif\"><span style=\"font-size: medium\">O Papai Noel \u00e9 chamado  de \u201cJulemanden\u201d na <\/span><\/span><\/span><span style=\"color: #000000\"><span style=\"font-family: Verdana,sans-serif\"><span style=\"font-size: medium\"><strong>Dinamarca<\/strong><\/span><\/span><\/span><span style=\"color: #000000\"><span style=\"font-family: Verdana,sans-serif\"><span style=\"font-size: medium\">, \u201cJoulopukki\u201d na <\/span><\/span><\/span><span style=\"color: #000000\"><span style=\"font-family: Verdana,sans-serif\"><span style=\"font-size: medium\"><strong>Finl\u00e2ndia<\/strong><\/span><\/span><\/span><span style=\"color: #000000\"><span style=\"font-family: Verdana,sans-serif\"><span style=\"font-size: medium\">, e \u201cJultomten\u201d na <\/span><\/span><\/span><span style=\"color: #000000\"><span style=\"font-family: Verdana,sans-serif\"><span style=\"font-size: medium\"><strong>Su\u00e9cia<\/strong><\/span><\/span><\/span><span style=\"color: #000000\"><span style=\"font-family: Verdana,sans-serif\"><span style=\"font-size: medium\">.<\/span><\/span><\/span><\/span><\/p>\n<p style=\"text-align: justify\"><span style=\"font-family: Arial Unicode MS,sans-serif\"><span style=\"color: #000000\"><span style=\"font-family: Verdana,sans-serif\"><span style=\"font-size: medium\">A can\u00e7\u00e3o mais famosa do mundo, <\/span><\/span><\/span><span style=\"color: #000000\"><span style=\"font-family: Verdana,sans-serif\"><span style=\"font-size: medium\"><em>Noite Feliz<\/em><\/span><\/span><\/span><span style=\"color: #000000\"><span style=\"font-family: Verdana,sans-serif\"><span style=\"font-size: medium\">, foi criada na \u00c1ustria, onde \u00e9 costume as fam\u00edlias cantarem a Can\u00e7\u00e3o, em seus lares acompanhados por viol\u00e3o ou por piano. <\/span><\/span><\/span><\/span><\/p>\n<p style=\"text-align: justify\"><span style=\"font-family: Arial Unicode MS,sans-serif\"><span style=\"color: #000000\"><span style=\"font-family: Verdana,sans-serif\"><span style=\"font-size: medium\">A \u00e1rvore, cheia de luzes e, as vezes, tamb\u00e9m de doces, apresenta enfeites t\u00edpicos, na<\/span><\/span><\/span><span style=\"color: #000000\"><span style=\"font-family: Verdana,sans-serif\"><span style=\"font-size: medium\"><strong> \u00c1ustria <\/strong><\/span><\/span><\/span><span style=\"color: #000000\"><span style=\"font-family: Verdana,sans-serif\"><span style=\"font-size: medium\">e<\/span><\/span><\/span><span style=\"color: #000000\"><span style=\"font-family: Verdana,sans-serif\"><span style=\"font-size: medium\"><strong> Alemanha<\/strong><\/span><\/span><\/span><span style=\"color: #000000\"><span style=\"font-family: Verdana,sans-serif\"><span style=\"font-size: medium\">. As<\/span><\/span><\/span><span style=\"color: #000000\"><span style=\"font-family: Verdana,sans-serif\"><span style=\"font-size: medium\"> bolas s\u00e3o de cristal de diversas cores na <\/span><\/span><\/span><span style=\"color: #000000\"><span style=\"font-family: Verdana,sans-serif\"><span style=\"font-size: medium\"><strong>Hungria<\/strong><\/span><\/span><\/span><span style=\"color: #000000\"><span style=\"font-family: Verdana,sans-serif\"><span style=\"font-size: medium\"> e nos <\/span><\/span><\/span><span style=\"color: #000000\"><span style=\"font-family: Verdana,sans-serif\"><span style=\"font-size: medium\"><strong>Alpes <\/strong><\/span><\/span><\/span><span style=\"color: #000000\"><span style=\"font-family: Verdana,sans-serif\"><span style=\"font-size: medium\">de massa de especiarias. <\/span><\/span><\/span><\/span><\/p>\n<p style=\"text-align: justify\"><span style=\"color: #000000\"><span style=\"font-family: Verdana,sans-serif\"><span style=\"font-size: medium\">Os costumes tamb\u00e9m se diferenciam quanto ao jantar de 24 de dezembro. Na <strong>Hungria<\/strong>, a noite do dia 24 \u00e9 ainda de jejum e o peru recheado com nozes ou a carpa n\u00e3o \u00e9 servida at\u00e9 o dia 25.<\/span><\/span><\/span><\/p>\n<p style=\"text-align: justify\"><span style=\"color: #000000\"><span style=\"font-family: Verdana,sans-serif\"><span style=\"font-size: medium\">Na <strong>Pol\u00f4nia,<\/strong> ao surgir a primeira estrela, doces s\u00e3o partidos e oferecidos aos membros da fam\u00edlia, depois s\u00e3o servidas diversas sopas e pratos de peixe, compotas feitas de frutas secas, bolos de mel e enrolados feitos com papoula. <\/span><\/span><\/span><\/p>\n<p style=\"text-align: justify\"><em><strong><span style=\"color: #000000\"><span style=\"font-family: Vrer\"><span style=\"font-size: medium\"> <\/span><\/span><\/span><\/strong><\/em><\/p>\n<p style=\"text-align: justify\"><span style=\"font-size: medium\"> <\/span><\/p>\n<p style=\"text-align: justify\"><span style=\"color: #000000\"><span style=\"font-family: Vrer\"><span style=\"font-size: medium\">Na Pol\u00f4nia, assim <\/span><\/span><\/span><span style=\"color: #000000\"><span style=\"font-family: Vrer\"><span style=\"font-size: medium\">o <a href=\"http:\/\/blog.cancaonova.com\/amigosdoceu\/2012\/10\/20\/beato-joao-paulo-ii\/\" target=\"_blank\"><strong>Beato Jo\u00e3o Paulo II<\/strong><\/a> celebrava o Natal, quando menino&#8230; <\/span><\/span><\/span><\/p>\n<p style=\"text-align: justify\">\n<p style=\"text-align: justify\">\n<p style=\"text-align: justify\">\n<p style=\"text-align: justify\">\n<p style=\"text-align: justify\">\n<p style=\"text-align: justify\">\n<p style=\"text-align: justify\">\n<p style=\"text-align: justify\">\n<p style=\"text-align: justify\">\n<p style=\"text-align: justify\">\n<p style=\"text-align: justify\"><span style=\"color: #000000\"><span style=\"font-family: Vrer\"><span style=\"font-size: medium\">O mais bonto, \u00e9 que \u00e9 Jesus que nos une e, por Ele, todos somos irm\u00e3os de uma mesma fam\u00edlia! Quer colorir o menino Jesus? Clica na figura para ampliar:<\/span><\/span><\/span><\/p>\n<h4><a href=\"https:\/\/twitter.com\/Tia_Adelita\" target=\"_blank\"><span style=\"color: #000000\"><span style=\"font-family: Vrer\"><span style=\"font-size: medium\"> <\/span><\/span><\/span><\/a><a href=\"http:\/\/blog.cancaonova.com\/amigosdoceu\/files\/2012\/12\/menino-Jesus-colorir_adelita.jpg\"><img loading=\"lazy\" decoding=\"async\" class=\"alignright size-full wp-image-7400\" src=\"http:\/\/blog.cancaonova.com\/amigosdoceu\/files\/2012\/12\/menino-Jesus-colorir_adelita.jpg\" alt=\"\" width=\"420\" height=\"276\" \/><\/a><\/h4>\n<p style=\"text-align: justify\">\n<p style=\"text-align: justify\">\n<p style=\"text-align: justify\">\n<p style=\"text-align: justify\">\n<p style=\"text-align: justify\">\n<p style=\"text-align: justify\">\n<h3><strong><a href=\"https:\/\/www.facebook.com\/amigosdoceu\" target=\"_blank\"><\/a><\/strong><\/h3>\n<p style=\"text-align: justify\">\n<p style=\"text-align: justify\">\n<p><a href=\"http:\/\/blog.cancaonova.com\/amigosdoceu\/files\/2010\/12\/natal.png\"><img loading=\"lazy\" decoding=\"async\" class=\"aligncenter size-full wp-image-2438\" src=\"http:\/\/blog.cancaonova.com\/amigosdoceu\/files\/2010\/12\/natal.png\" alt=\"\" width=\"383\" height=\"526\" \/><\/a><a href=\"http:\/\/blog.cancaonova.com\/amigosdoceu\/files\/2010\/12\/natal.png\"><\/a><\/p>\n","protected":false},"excerpt":{"rendered":"<p>Jesus nasceu para Salvar toda a Humanidade O\u00a0 Papa Bento XVI disse: \u201cCristo nasceu para n\u00f3s! Gl\u00f3ria a Deus nas alturas e paz na terra aos homens do seu agrado. A todos chegue o eco deste an\u00fancio de Bel\u00e9m, que&#8230;<\/p>\n","protected":false},"author":4017,"featured_media":0,"comment_status":"open","ping_status":"open","sticky":false,"template":"","format":"standard","meta":{"_mi_skip_tracking":false,"_monsterinsights_sitenote_active":false,"_monsterinsights_sitenote_note":"","_monsterinsights_sitenote_category":0,"footnotes":""},"categories":[1281,176511],"tags":[50642,138583,31,176836],"_links":{"self":[{"href":"https:\/\/blog.cancaonova.com\/amigosdoceu\/wp-json\/wp\/v2\/posts\/7309"}],"collection":[{"href":"https:\/\/blog.cancaonova.com\/amigosdoceu\/wp-json\/wp\/v2\/posts"}],"about":[{"href":"https:\/\/blog.cancaonova.com\/amigosdoceu\/wp-json\/wp\/v2\/types\/post"}],"author":[{"embeddable":true,"href":"https:\/\/blog.cancaonova.com\/amigosdoceu\/wp-json\/wp\/v2\/users\/4017"}],"replies":[{"embeddable":true,"href":"https:\/\/blog.cancaonova.com\/amigosdoceu\/wp-json\/wp\/v2\/comments?post=7309"}],"version-history":[{"count":10,"href":"https:\/\/blog.cancaonova.com\/amigosdoceu\/wp-json\/wp\/v2\/posts\/7309\/revisions"}],"predecessor-version":[{"id":9313,"href":"https:\/\/blog.cancaonova.com\/amigosdoceu\/wp-json\/wp\/v2\/posts\/7309\/revisions\/9313"}],"wp:attachment":[{"href":"https:\/\/blog.cancaonova.com\/amigosdoceu\/wp-json\/wp\/v2\/media?parent=7309"}],"wp:term":[{"taxonomy":"category","embeddable":true,"href":"https:\/\/blog.cancaonova.com\/amigosdoceu\/wp-json\/wp\/v2\/categories?post=7309"},{"taxonomy":"post_tag","embeddable":true,"href":"https:\/\/blog.cancaonova.com\/amigosdoceu\/wp-json\/wp\/v2\/tags?post=7309"}],"curies":[{"name":"wp","href":"https:\/\/api.w.org\/{rel}","templated":true}]}}