{"id":7440,"date":"2012-12-27T07:00:57","date_gmt":"2012-12-27T09:00:57","guid":{"rendered":"http:\/\/blog.cancaonova.com\/amigosdoceu\/?p=7440"},"modified":"2018-11-21T15:48:42","modified_gmt":"2018-11-21T17:48:42","slug":"sagrada-familia","status":"publish","type":"post","link":"https:\/\/blog.cancaonova.com\/amigosdoceu\/sagrada-familia\/","title":{"rendered":"Sagrada Fam\u00edlia"},"content":{"rendered":"<p style=\"text-align: center\"><span style=\"font-family: Verdana,sans-serif\"><span style=\"font-size: medium\"><strong>Jesus, Maria e Jos\u00e9, minha fam\u00edlia vossa \u00e9!<\/strong><\/span><\/span><\/p>\n<p style=\"text-align: center\"><a href=\"http:\/\/blog.cancaonova.com\/amigosdoceu\/files\/2012\/12\/sagrada-familia-_tia-Adelita.jpg\"><img loading=\"lazy\" decoding=\"async\" class=\"wp-image-7448 aligncenter\" src=\"http:\/\/blog.cancaonova.com\/amigosdoceu\/files\/2012\/12\/sagrada-familia-_tia-Adelita.jpg\" alt=\"\" width=\"410\" height=\"393\" srcset=\"https:\/\/blog.cancaonova.com\/amigosdoceu\/files\/2012\/12\/sagrada-familia-_tia-Adelita.jpg 800w, https:\/\/blog.cancaonova.com\/amigosdoceu\/files\/2012\/12\/sagrada-familia-_tia-Adelita-300x287.jpg 300w\" sizes=\"(max-width: 410px) 100vw, 410px\" \/><\/a><\/p>\n<p style=\"text-align: justify\"><span style=\"font-family: Verdana,sans-serif\"><span style=\"font-size: medium\">Est\u00e1<\/span><\/span><span style=\"font-family: Verdana,sans-serif\"><span style=\"font-size: medium\"> na B\u00edblia:<em><strong>\u201cO anjo Gabriel foi enviado por Deus a uma cidade da G<\/strong><\/em><\/span><\/span><span style=\"font-family: Verdana,sans-serif\"><span style=\"font-size: medium\"><em><strong>alil\u00e9ia, chamada Nazar\u00e9, a uma virgem desposada com um homem que se chamava Jos\u00e9, da casa de Davi e o nome da virgem era Maria.\u201d <\/strong><\/em>(Lucas 1, 26-27)<\/span><\/span><\/p>\n<p style=\"text-align: center\"><span style=\"font-family: Verdana,sans-serif\"><span style=\"font-size: medium\"><strong>\u00c9 a Sagrada Fam\u00edlia&#8230; <\/strong><\/span><\/span><\/p>\n<p style=\"text-align: center\"><span style=\"font-family: Verdana,sans-serif\"><span style=\"font-size: medium\">Na hist\u00f3ria de S\u00e3o Jos\u00e9, d\u00e1 pra conhecer mais de como vivia a Sagrada Fam\u00edlia&#8230;<br \/>\n<\/span><\/span><\/p>\n<p><iframe loading=\"lazy\" title=\"Amigos do C\u00c3\u00a9u - S\u00c3\u00a3o Jos\u00c3\u00a9 pai adotivo de Jesus\" width=\"600\" height=\"450\" src=\"https:\/\/www.youtube.com\/embed\/Wzz0DyVy3M8?feature=oembed&amp;rel=0\" frameborder=\"0\" allow=\"accelerometer; autoplay; clipboard-write; encrypted-media; gyroscope; picture-in-picture; web-share\" referrerpolicy=\"strict-origin-when-cross-origin\" allowfullscreen><\/iframe><\/p>\n<p><strong>Sabia que Jesus tamb\u00e9m teve av\u00f3s?<a href=\"http:\/\/blog.cancaonova.com\/amigosdoceu\/sao-joaquim-e-santa-ana\/\" target=\"_blank\" rel=\"noopener\"> (clique aqui para ver a hist\u00f3ria)<\/a><br \/>\n<\/strong><\/p>\n<p><a href=\"http:\/\/blog.cancaonova.com\/amigosdoceu\/files\/2012\/07\/postal-santos-joaquim-e-ana_tia-Adelita.jpg\"><img loading=\"lazy\" decoding=\"async\" class=\" wp-image-8510 aligncenter\" src=\"http:\/\/blog.cancaonova.com\/amigosdoceu\/files\/2012\/07\/postal-santos-joaquim-e-ana_tia-Adelita.jpg\" alt=\"\" width=\"350\" height=\"354\" srcset=\"https:\/\/blog.cancaonova.com\/amigosdoceu\/files\/2012\/07\/postal-santos-joaquim-e-ana_tia-Adelita.jpg 439w, https:\/\/blog.cancaonova.com\/amigosdoceu\/files\/2012\/07\/postal-santos-joaquim-e-ana_tia-Adelita-296x300.jpg 296w\" sizes=\"(max-width: 350px) 100vw, 350px\" \/><\/a><\/p>\n<p><span style=\"font-family: Verdana,sans-serif\"><span style=\"font-size: medium\">Quer colorir a Sagrada Fam\u00edlia que eu desenhei? Legal! Clica na Imagem para ampliar e imprimir&#8230;<\/span><\/span><\/p>\n<p style=\"text-align: justify\"><a href=\"http:\/\/blog.cancaonova.com\/amigosdoceu\/files\/2012\/12\/sagrada-familia-colorir-_tia-Adelita.jpg\"><img loading=\"lazy\" decoding=\"async\" class=\"aligncenter size-full wp-image-7449\" src=\"http:\/\/blog.cancaonova.com\/amigosdoceu\/files\/2012\/12\/sagrada-familia-colorir-_tia-Adelita.jpg\" alt=\"\" width=\"504\" height=\"474\"><\/a><span style=\"font-family: Verdana,sans-serif\"><span style=\"font-size: medium\">O Padre Zezinho tem uma m\u00fasica antiga que fala mais ou menos assim: <em><strong>Que bom seria se as m\u00e3es fossem como&nbsp; Maria, se os pais como Jos\u00e9 e a gente parecesse com Jesus de Nazar\u00e9&#8230; <\/strong><\/em><\/span><\/span><\/p>\n","protected":false},"excerpt":{"rendered":"<p>Jesus, Maria e Jos\u00e9, minha fam\u00edlia vossa \u00e9! Est\u00e1 na B\u00edblia:\u201cO anjo Gabriel foi enviado por Deus a uma cidade da Galil\u00e9ia, chamada Nazar\u00e9, a uma virgem desposada com um homem que se chamava Jos\u00e9, da casa de Davi e&#8230;<\/p>\n","protected":false},"author":4017,"featured_media":10566,"comment_status":"open","ping_status":"open","sticky":false,"template":"","format":"standard","meta":{"_mi_skip_tracking":false,"_monsterinsights_sitenote_active":false,"_monsterinsights_sitenote_note":"","_monsterinsights_sitenote_category":0,"footnotes":""},"categories":[176811],"tags":[138590,221,17435,231],"_links":{"self":[{"href":"https:\/\/blog.cancaonova.com\/amigosdoceu\/wp-json\/wp\/v2\/posts\/7440"}],"collection":[{"href":"https:\/\/blog.cancaonova.com\/amigosdoceu\/wp-json\/wp\/v2\/posts"}],"about":[{"href":"https:\/\/blog.cancaonova.com\/amigosdoceu\/wp-json\/wp\/v2\/types\/post"}],"author":[{"embeddable":true,"href":"https:\/\/blog.cancaonova.com\/amigosdoceu\/wp-json\/wp\/v2\/users\/4017"}],"replies":[{"embeddable":true,"href":"https:\/\/blog.cancaonova.com\/amigosdoceu\/wp-json\/wp\/v2\/comments?post=7440"}],"version-history":[{"count":14,"href":"https:\/\/blog.cancaonova.com\/amigosdoceu\/wp-json\/wp\/v2\/posts\/7440\/revisions"}],"predecessor-version":[{"id":11606,"href":"https:\/\/blog.cancaonova.com\/amigosdoceu\/wp-json\/wp\/v2\/posts\/7440\/revisions\/11606"}],"wp:featuredmedia":[{"embeddable":true,"href":"https:\/\/blog.cancaonova.com\/amigosdoceu\/wp-json\/wp\/v2\/media\/10566"}],"wp:attachment":[{"href":"https:\/\/blog.cancaonova.com\/amigosdoceu\/wp-json\/wp\/v2\/media?parent=7440"}],"wp:term":[{"taxonomy":"category","embeddable":true,"href":"https:\/\/blog.cancaonova.com\/amigosdoceu\/wp-json\/wp\/v2\/categories?post=7440"},{"taxonomy":"post_tag","embeddable":true,"href":"https:\/\/blog.cancaonova.com\/amigosdoceu\/wp-json\/wp\/v2\/tags?post=7440"}],"curies":[{"name":"wp","href":"https:\/\/api.w.org\/{rel}","templated":true}]}}