{"id":7659,"date":"2013-02-07T07:00:26","date_gmt":"2013-02-07T09:00:26","guid":{"rendered":"http:\/\/blog.cancaonova.com\/amigosdoceu\/?p=7659"},"modified":"2020-02-21T22:19:09","modified_gmt":"2020-02-22T00:19:09","slug":"e-o-carnaval","status":"publish","type":"post","link":"https:\/\/blog.cancaonova.com\/amigosdoceu\/e-o-carnaval\/","title":{"rendered":"E o Carnaval?"},"content":{"rendered":"<p style=\"text-align: justify\"><span style=\"color: #ff0000\"><span style=\"font-size: medium\"><strong>Quem \u00e9 de Deus pode brincar o Carnaval? <\/strong><\/span><\/span><\/p>\n<p style=\"text-align: justify\"><span style=\"font-family: Verdana,sans-serif\"><span style=\"font-size: medium\">Voc\u00ea j\u00e1 fez essa pergunta? <\/span><\/span><\/p>\n<p style=\"text-align: justify\"><span style=\"font-family: Verdana,sans-serif\"><span style=\"font-size: medium\"><a href=\"http:\/\/blog.cancaonova.com\/amigosdoceu\/files\/2012\/08\/santa_Hildegard.png\"><img loading=\"lazy\" decoding=\"async\" class=\"size-full wp-image-6931 alignleft\" src=\"http:\/\/blog.cancaonova.com\/amigosdoceu\/files\/2012\/08\/santa_Hildegard.png\" alt=\"\" width=\"184\" height=\"268\" srcset=\"https:\/\/blog.cancaonova.com\/amigosdoceu\/files\/2012\/08\/santa_Hildegard.png 550w, https:\/\/blog.cancaonova.com\/amigosdoceu\/files\/2012\/08\/santa_Hildegard-206x300.png 206w\" sizes=\"(max-width: 184px) 100vw, 184px\" \/><\/a><\/span><\/span><span style=\"font-family: Verdana,sans-serif\"><span style=\"font-size: medium\"><strong>O carnaval<\/strong> \u00e9 uma festa popular que come\u00e7ou l\u00e1 na antig\u00fcidade, na Gr\u00e9cia e Roma Antiga.<\/span><\/span><\/p>\n<p style=\"text-align: justify\"><span style=\"font-family: Verdana,sans-serif\"><span style=\"font-size: medium\">Como<strong> o cristianismo nasceu<\/strong> por aqueles lados e os crist\u00e3os romanos gostavam de uma festa (lembra da romaninha Santa Cec\u00edlia, a padroeira da m\u00fasica?!), n\u00e3o acabaram com festas como o carnaval, s\u00f3 deram uma \u201cmudadinha\u201d nelas&#8230;<\/span><\/span><\/p>\n<p style=\"text-align: justify\"><span style=\"font-family: Verdana,sans-serif\"><span style=\"font-size: medium\">Ao longo dos c\u00e9culos, <strong>os crist\u00e3os<\/strong> substitu\u00edram o que era pecado nas festas, tipo as bebedeiras,&nbsp; por torneios esportivos, festivais de teatro. Acabaram com as homenagens aos deuses e substitu\u00edram pelos festejos do Natal, Ano Novo, Reis, etc. <\/span><\/span><\/p>\n<p style=\"text-align: justify\"><span style=\"font-family: Verdana,sans-serif\"><span style=\"font-size: medium\">\u00cai&#8230; o carnaval que a gente v\u00ea por a\u00ed t\u00e1 mais pra festa pag\u00e3&#8230; Voc\u00ea n\u00e3o acha?! Cad\u00ea n\u00f3s crist\u00e3os pra fazer a diferen\u00e7a? <\/span><\/span><\/p>\n<p style=\"text-align: justify\"><span style=\"font-family: Verdana,sans-serif\"><span style=\"font-size: medium\"><strong>Os Amigos de Jesus podem brincar o Carnaval?<\/strong><\/span><\/span><\/p>\n<p style=\"text-align: justify\"><span style=\"font-family: Verdana,sans-serif\"><span style=\"font-size: medium\"><a href=\"http:\/\/blog.cancaonova.com\/amigosdoceu\/files\/2012\/06\/pine-atabaque.png\"><img loading=\"lazy\" decoding=\"async\" class=\"alignright size-full wp-image-5263\" src=\"http:\/\/blog.cancaonova.com\/amigosdoceu\/files\/2012\/06\/pine-atabaque.png\" alt=\"\" width=\"213\" height=\"427\" srcset=\"https:\/\/blog.cancaonova.com\/amigosdoceu\/files\/2012\/06\/pine-atabaque.png 283w, https:\/\/blog.cancaonova.com\/amigosdoceu\/files\/2012\/06\/pine-atabaque-149x300.png 149w\" sizes=\"(max-width: 213px) 100vw, 213px\" \/><\/a><\/span><\/span><span style=\"font-family: Verdana,sans-serif\"><span style=\"font-size: medium\">Depende de como&#8230; Voc\u00ea sabe o que magoa Jesus no carnaval? Ver as pessoas que Ele ama tanto, prejudicando a sa\u00fade com bebidas e as drogas. Ou manchando a alma com o pecado. <\/span><\/span><\/p>\n<p><span style=\"font-family: Verdana,sans-serif\"><span style=\"font-size: medium\">Maaaaaaaas&#8230; cantar, dan\u00e7ar, fazer festa a gente pode! Porque <strong>nosso Deus \u00e9 feliz e nos quer felizes.<\/strong><\/span><\/span><\/p>\n<p style=\"text-align: justify\"><span style=\"font-family: Verdana,sans-serif\"><span style=\"font-size: medium\"><strong><a href=\"http:\/\/blog.cancaonova.com\/amigosdoceu\/2012\/12\/10\/felipe-neri-e-os-comediantes\/\" target=\"_blank\" rel=\"noopener\">S\u00e3o Felipe Neri<\/a> <\/strong>disse: <\/span><\/span><strong>\u201c<span style=\"font-family: Verdana,sans-serif\"><span style=\"font-size: medium\"><em>Devemos combater a tristeza, n\u00e3o a alegria.&nbsp; Longede mim, o pecado e a tristeza!\u201d<\/em><\/span><\/span><\/strong><\/p>\n<p style=\"text-align: left\"><span style=\"font-family: Verdana,sans-serif\"><span style=\"font-size: medium\">Existem muitas festas, como nos retiros de Carnaval (aqui na Can\u00e7\u00e3o Nova a gente sempre faz), com muita alegria, que podemos participar. <strong>Cabe a cada um, conforme a sua consci\u00eancia, escolher de que lado da festa quer estar. N\u00e3o basta ser crist\u00e3o, \u00e9 preciso testemunhar!<br \/>\n<\/strong><\/span><\/span><\/p>\n<div id=\"attachment_6726\" style=\"width: 212px\" class=\"wp-caption alignleft\"><a href=\"http:\/\/blog.cancaonova.com\/amigosdoceu\/files\/2012\/09\/Cecy-Cony.jpg\"><img loading=\"lazy\" decoding=\"async\" aria-describedby=\"caption-attachment-6726\" class=\"size-full wp-image-6726\" src=\"http:\/\/blog.cancaonova.com\/amigosdoceu\/files\/2012\/09\/Cecy-Cony.jpg\" alt=\"\" width=\"202\" height=\"258\"><\/a><p id=\"caption-attachment-6726\" class=\"wp-caption-text\">Cecy Cony<\/p><\/div>\n<p style=\"text-align: justify\"><span style=\"font-family: Verdana,sans-serif\"><span style=\"font-size: medium\"><strong>Curiosidade<\/strong><\/span><\/span><\/p>\n<p style=\"text-align: justify\"><span style=\"font-family: Verdana,sans-serif\"><span style=\"font-size: medium\">A palavra \u201c<\/span><\/span><span style=\"font-family: Verdana,sans-serif\"><span style=\"font-size: medium\"><strong>carnaval<\/strong><\/span><\/span><span style=\"font-family: Verdana,sans-serif\"><span style=\"font-size: medium\">\u201d, express\u00e3o do latim &#8220;<\/span><\/span><span style=\"font-family: Verdana,sans-serif\"><span style=\"font-size: medium\"><strong>carnem levare<\/strong><\/span><\/span><span style=\"font-family: Verdana,sans-serif\"><span style=\"font-size: medium\">&#8221; significa \u201c<\/span><\/span><span style=\"font-family: Verdana,sans-serif\"><span style=\"font-size: medium\"><strong>adeus, carne<\/strong><\/span><\/span><span style=\"font-family: Verdana,sans-serif\"><span style=\"font-size: medium\">!\u201d, j\u00e1 que a festa acontece antes da <strong>quaresma<\/strong>, que \u00e9 tempo de jejum e penit\u00eancia, tempo onde ficamos sem comer carne e oferecemos o sacrif\u00edcio. Pra n\u00f3s isso pode ser moleza, mas para os romanos daquele tempo acho que n\u00e3o, rendeu at\u00e9 o nome da festa. <\/span><\/span><\/p>\n<p style=\"text-align: justify\"><span style=\"font-family: Verdana,sans-serif\"><span style=\"font-size: medium\">Eu conhe\u00e7o muitas pessoas que na quare<\/span><\/span><span style=\"font-family: Verdana,sans-serif\"><span style=\"font-size: medium\"><a href=\"http:\/\/blog.cancaonova.com\/amigosdoceu\/files\/2013\/02\/Cecy-Cony-_-tia-Adelita.png\"><img loading=\"lazy\" decoding=\"async\" class=\"alignright size-full wp-image-7662\" src=\"http:\/\/blog.cancaonova.com\/amigosdoceu\/files\/2013\/02\/Cecy-Cony-_-tia-Adelita.png\" alt=\"\" width=\"169\" height=\"312\" srcset=\"https:\/\/blog.cancaonova.com\/amigosdoceu\/files\/2013\/02\/Cecy-Cony-_-tia-Adelita.png 434w, https:\/\/blog.cancaonova.com\/amigosdoceu\/files\/2013\/02\/Cecy-Cony-_-tia-Adelita-162x300.png 162w\" sizes=\"(max-width: 169px) 100vw, 169px\" \/><\/a><\/span><\/span><span style=\"font-family: Verdana,sans-serif\"><span style=\"font-size: medium\">sma deixam de comer chocolates, beber refrigerante e \u00e9 legal, porque fazem um sacrif\u00edcio sem sacrificarem a sua sa\u00fade. (Pra mim que n\u00e3o ligo muito pra essas coisas, j\u00e1 n\u00e3o seria sacrif\u00edcio&#8230; Tenho que achar algo que me custe deixar de lado durante toda a quaresma). Voltando \u00e0 pergunta&#8230;<br \/>\n<\/span><\/span><\/p>\n<p style=\"text-align: justify\"><span style=\"font-family: Verdana,sans-serif\"><span style=\"font-size: medium\">Algumas amiguinhas do C\u00e9u brasileiras brincavam o Carnaval, tipo a carioca <a href=\"http:\/\/blog.cancaonova.com\/amigosdoceu\/2012\/11\/09\/odetinha\/\" target=\"_blank\" rel=\"noopener\"><strong>Odetinha<\/strong><\/a>. Tem tamb\u00e9m a gauchinha <strong>Cecy Cony<\/strong>&#8230; Voc\u00ea acredita que foi em um carnaval que Cecy conheceu seu <a href=\"http:\/\/blog.cancaonova.com\/amigosdoceu\/2012\/10\/02\/o-santo-anjo-da-guarda\/\" target=\"_blank\" rel=\"noopener\"><strong>Anjo da Guarda<\/strong><\/a>?! Verdade!!!&nbsp; Assista a Hist\u00f3ria&#8230;<\/span><\/span><\/p>\n<p><iframe loading=\"lazy\" title=\"Cecy Cony, a brasileirinha que falava com seu Anjo da Guarda\" width=\"600\" height=\"338\" src=\"https:\/\/www.youtube.com\/embed\/joFrDCZgrYg?feature=oembed&amp;rel=0\" frameborder=\"0\" allow=\"accelerometer; autoplay; clipboard-write; encrypted-media; gyroscope; picture-in-picture; web-share\" referrerpolicy=\"strict-origin-when-cross-origin\" allowfullscreen><\/iframe><\/p>\n<p style=\"text-align: justify\"><span style=\"font-family: Verdana,sans-serif\"><span style=\"font-size: medium\">Gostou? Voc\u00ea pode colorir a Cecy Cony que eu desenhei, \u00e9 s\u00f3 clicar no desenho para ampliar e imprimir<br \/>\n<\/span><\/span><\/p>\n<p style=\"text-align: justify\"><span style=\"font-family: Verdana,sans-serif\"><span style=\"font-size: medium\">Quer colorir online o desenho que eu fiz contando a hist\u00f3ria? <\/span><\/span><a href=\"..\/files\/\/var\/www\/blog.cancaonova.com\/wp-content\/blogs.dir\/2927\/files\/\/2010\/04\/cecy_cony.swf\" target=\"_blank\" rel=\"noopener\"><strong> (Clique aqui para abrir o joguinho)<\/strong><\/a><\/p>\n<p style=\"text-align: justify\">&nbsp;<\/p>\n","protected":false},"excerpt":{"rendered":"<p>Quem \u00e9 de Deus pode brincar o Carnaval? Voc\u00ea j\u00e1 fez essa pergunta? O carnaval \u00e9 uma festa popular que come\u00e7ou l\u00e1 na antig\u00fcidade, na Gr\u00e9cia e Roma Antiga. Como o cristianismo nasceu por aqueles lados e os crist\u00e3os romanos&#8230;<\/p>\n","protected":false},"author":4017,"featured_media":0,"comment_status":"open","ping_status":"open","sticky":false,"template":"","format":"standard","meta":{"_mi_skip_tracking":false,"_monsterinsights_sitenote_active":false,"_monsterinsights_sitenote_note":"","_monsterinsights_sitenote_category":0,"footnotes":""},"categories":[176511],"tags":[441,138456,138533,561,128993],"_links":{"self":[{"href":"https:\/\/blog.cancaonova.com\/amigosdoceu\/wp-json\/wp\/v2\/posts\/7659"}],"collection":[{"href":"https:\/\/blog.cancaonova.com\/amigosdoceu\/wp-json\/wp\/v2\/posts"}],"about":[{"href":"https:\/\/blog.cancaonova.com\/amigosdoceu\/wp-json\/wp\/v2\/types\/post"}],"author":[{"embeddable":true,"href":"https:\/\/blog.cancaonova.com\/amigosdoceu\/wp-json\/wp\/v2\/users\/4017"}],"replies":[{"embeddable":true,"href":"https:\/\/blog.cancaonova.com\/amigosdoceu\/wp-json\/wp\/v2\/comments?post=7659"}],"version-history":[{"count":10,"href":"https:\/\/blog.cancaonova.com\/amigosdoceu\/wp-json\/wp\/v2\/posts\/7659\/revisions"}],"predecessor-version":[{"id":11776,"href":"https:\/\/blog.cancaonova.com\/amigosdoceu\/wp-json\/wp\/v2\/posts\/7659\/revisions\/11776"}],"wp:attachment":[{"href":"https:\/\/blog.cancaonova.com\/amigosdoceu\/wp-json\/wp\/v2\/media?parent=7659"}],"wp:term":[{"taxonomy":"category","embeddable":true,"href":"https:\/\/blog.cancaonova.com\/amigosdoceu\/wp-json\/wp\/v2\/categories?post=7659"},{"taxonomy":"post_tag","embeddable":true,"href":"https:\/\/blog.cancaonova.com\/amigosdoceu\/wp-json\/wp\/v2\/tags?post=7659"}],"curies":[{"name":"wp","href":"https:\/\/api.w.org\/{rel}","templated":true}]}}