{"id":7818,"date":"2013-03-25T07:00:32","date_gmt":"2013-03-25T09:00:32","guid":{"rendered":"http:\/\/blog.cancaonova.com\/amigosdoceu\/?p=7818"},"modified":"2023-12-22T02:55:17","modified_gmt":"2023-12-22T04:55:17","slug":"anunciacao","status":"publish","type":"post","link":"https:\/\/blog.cancaonova.com\/amigosdoceu\/anunciacao\/","title":{"rendered":"Anuncia\u00e7\u00e3o"},"content":{"rendered":"<p>Voc\u00ea conhece a <strong>B\u00edblia para Crian\u00e7as da Canc\u00e3o Nova<\/strong>? Esse texto, eu tirei de l\u00e1&#8230;<\/p>\n<p><strong><a href=\"http:\/\/blog.cancaonova.com\/amigosdoceu\/files\/2013\/03\/sao-gabriel-anuncia\u00e7\u00e3o-_-tia-adelita.jpg\"><img loading=\"lazy\" decoding=\"async\" class=\"alignleft size-full wp-image-7821\" src=\"http:\/\/blog.cancaonova.com\/amigosdoceu\/files\/2013\/03\/sao-gabriel-anuncia\u00e7\u00e3o-_-tia-adelita.jpg\" alt=\"\" width=\"283\" height=\"474\" srcset=\"https:\/\/blog.cancaonova.com\/amigosdoceu\/files\/2013\/03\/sao-gabriel-anuncia\u00e7\u00e3o-_-tia-adelita.jpg 478w, https:\/\/blog.cancaonova.com\/amigosdoceu\/files\/2013\/03\/sao-gabriel-anuncia\u00e7\u00e3o-_-tia-adelita-179x300.jpg 179w\" sizes=\"(max-width: 283px) 100vw, 283px\" \/><\/a><\/strong><\/p>\n<p style=\"text-align: justify;\"><span style=\"color: #ff0000;\"><strong><span style=\"color: #000000;\"><span style=\"font-size: small;\"><span style=\"color: #731270;\">O Anjo anuncia o<span style=\"font-size: small;\"><span style=\"font-size: medium;\"> nascimento de Jesus <\/span><\/span><\/span><span style=\"font-size: medium;\">(Lc 1,26-38)<\/span><\/span><\/span><\/strong><\/span><\/p>\n<p style=\"text-align: justify;\"><span style=\"color: #000000;\"><span style=\"font-family: Verdana,sans-serif;\"><span style=\"font-size: medium;\">O anjo Gabriel foi enviado por Deus a uma cidade da Galil\u00e9ia chamada Nazar\u00e9, para falar com uma virgem que era noiva de Jos\u00e9, um carpinteiro, descendente do rei Davi. O nome da virgem era Maria. Entrando onde Maria estava, o anjo disse:<\/span><\/span><\/span><\/p>\n<p lang=\"pt-BR\" style=\"text-align: justify;\"><em><strong><span style=\"color: #000000;\">\u201c<span style=\"font-family: Verdana,sans-serif;\"><span style=\"font-size: medium;\">Ave cheia de gra\u00e7a, o Senhor est\u00e1 com voc\u00ea \u201d <\/span><\/span><\/span><\/strong><\/em><\/p>\n<p lang=\"pt-BR\" style=\"text-align: justify;\"><span style=\"color: #000000;\"><span style=\"font-family: Verdana,sans-serif;\"><span style=\"font-size: medium;\">Ela assustou-se e p\u00f4s-se a pensar o que significariam essas palavras. Disse-lhe ent\u00e3o o anjo: <\/span><\/span><\/span><\/p>\n<p lang=\"pt-BR\" style=\"text-align: justify;\"><em><strong><span style=\"color: #000000;\">\u201c<span style=\"font-family: Verdana,sans-serif;\"><span style=\"font-size: medium;\">N\u00e3o tenha medo, Maria&#8230;\u201d <\/span><\/span><\/span><\/strong><\/em><\/p>\n<p lang=\"pt-BR\" style=\"text-align: justify;\"><span style=\"color: #000000;\"><span style=\"font-family: Verdana,sans-serif;\"><span style=\"font-size: medium;\">E o anjo lhe contou que ela havia sido escolhida para ser a m\u00e3e do Filho de Deus. Ela n\u00e3o entendeu como ficaria gr\u00e1vida, porque n\u00e3o era casada, mas o anjo explicou:<\/span><\/span><\/span><\/p>\n<p lang=\"pt-BR\" style=\"text-align: justify;\"><span style=\"color: #000000;\"><em><strong>\u201c<\/strong><\/em><span style=\"font-family: Verdana,sans-serif;\"><span style=\"font-size: medium;\"><em><strong>O Esp\u00edrito Santo vir\u00e1 sobre voc\u00ea e a for\u00e7a do Alt\u00edssimo a envolver\u00e1 com a sua sombra&#8230;\u201d <\/strong><\/em><\/span><\/span><\/span><\/p>\n<p lang=\"pt-BR\" style=\"text-align: justify;\"><span style=\"color: #000000;\"><span style=\"font-family: Verdana,sans-serif;\"><span style=\"font-size: medium;\">O anjo tamb\u00e9m contou sobre Isabel que, mesmo velha, j\u00e1 estava no sexto m\u00eas de gravidez: <\/span><\/span><\/span><\/p>\n<p lang=\"pt-BR\" style=\"text-align: justify;\"><em><strong><span style=\"color: #000000;\">\u201c<span style=\"font-family: Verdana,sans-serif;\"><span style=\"font-size: medium;\">A Deus nenhuma coisa \u00e9 imposs\u00edvel.\u201d <\/span><\/span><\/span><\/strong><\/em><\/p>\n<p lang=\"pt-BR\" style=\"text-align: justify;\"><span style=\"color: #000000;\"><span style=\"font-family: Verdana,sans-serif;\"><span style=\"font-size: medium;\">Ent\u00e3o Maria disse:<\/span><\/span><\/span><\/p>\n<p lang=\"pt-BR\" style=\"text-align: justify;\"><span style=\"color: #000000;\"><em><strong>\u201c<\/strong><\/em><span style=\"font-family: Verdana,sans-serif;\"><span style=\"font-size: medium;\"><em><strong>Eis aqui a serva do Senhor, fa\u00e7a-se em mim segundo a Sua palavra.\u201d<\/strong><\/em> <\/span><\/span><\/span><\/p>\n<p lang=\"pt-BR\" style=\"text-align: justify;\"><span style=\"color: #000000;\"><span style=\"font-family: Verdana,sans-serif;\"><span style=\"font-size: medium;\">E o anjo afastou-se dela.<\/span><\/span><\/span><\/p>\n<h3 style=\"text-align: justify;\"><strong>Essa linda hist\u00f3ria est\u00e1 na <\/strong><a href=\"http:\/\/loja.cancaonova.com\/products\/9683-livro-biblia-para-criancas\" target=\"_blank\" rel=\"noopener\"><strong>B\u00edblia para Crian\u00e7as da Can\u00e7\u00e3o Nova (clique aqui para abrir)<\/strong><\/a><\/h3>\n<p lang=\"pt-BR\"><span style=\"color: #000000;\"><span style=\"font-family: Verdana,sans-serif;\"><span style=\"font-size: medium;\"><span style=\"color: #000000;\"><span style=\"font-family: Verdana,sans-serif;\">O pessoal aqui da can\u00e7\u00e3o Nova, fez uma anima\u00e7\u00e3o com as ilustra\u00e7\u00f5es da nossa B\u00edblia, a voz \u00e9 da Tia Tininha&#8230; Vale a pena assistir..<\/span><\/span> <\/span><\/span><\/span><\/p>\n<p><object width=\"640\" height=\"480\" classid=\"d27cdb6e-ae6d-11cf-96b8-444553540000\"><param name=\"allowFullScreen\" value=\"true\" \/><param name=\"allowscriptaccess\" value=\"always\" \/><param name=\"src\" value=\"http:\/\/www.youtube.com\/v\/NLnOzuaRNco?hl=pt_BR&amp;version=3&amp;rel=0\" \/><param name=\"allowfullscreen\" value=\"true\" \/><embed type=\"application\/x-shockwave-flash\" width=\"640\" height=\"480\" src=\"http:\/\/www.youtube.com\/v\/NLnOzuaRNco?hl=pt_BR&amp;version=3&amp;rel=0\" allowscriptaccess=\"always\" allowfullscreen=\"allowfullscreen\" \/><\/object><\/p>\n<p lang=\"pt-BR\" style=\"text-align: justify;\"><span style=\"color: #800080;\"><span style=\"color: #000000;\"><span style=\"font-size: medium;\">No dia da Anuncia\u00e7\u00e3o de Nossa Senhora, come\u00e7amos a <\/span><\/span><strong><span style=\"color: #000000;\"><span style=\"font-size: medium;\">Novena em honra aos seus nove meses de gravidez <\/span><\/span><\/strong><span style=\"color: #000000;\"><span style=\"font-size: medium;\">que termina no Natal<\/span><\/span><strong><span style=\"color: #000000;\"><span style=\"font-size: medium;\">. Quer fazer? (<a href=\"http:\/\/blog.cancaonova.com\/amigosdoceu\/2013\/03\/25\/novena-gravidez-nsa-sra\/\" target=\"_blank\" rel=\"noopener\">Clique aqui para abrir)<\/a><br \/>\n<\/span><\/span><\/strong><\/span><\/p>\n<h3 style=\"text-align: justify;\"><strong><strong><a href=\"..\/files\/2012\/08\/biblia-crian%C3%A7as-can%C3%A7ao-nova.jpg\"><img loading=\"lazy\" decoding=\"async\" class=\"alignleft\" src=\"..\/files\/2012\/08\/biblia-crian%C3%A7as-can%C3%A7ao-nova.jpg\" alt=\"\" width=\"234\" height=\"213\" \/><\/a><\/strong><\/strong><\/h3>\n<p lang=\"pt-BR\" style=\"text-align: justify;\"><span style=\"color: #800080;\"><strong><span style=\"color: #000000;\"><span style=\"font-size: medium;\">Curiosidade: Como fizemos essa B\u00edblia&#8230;<\/span><\/span><\/strong><\/span><\/p>\n<p lang=\"pt-BR\" style=\"text-align: justify;\"><span style=\"color: #000000;\"><span style=\"font-family: Verdana,sans-serif;\"><span style=\"font-size: medium;\">T\u00ednhamos pouco tempo e fizemos um mutir\u00e3o. Eu coordenei o trabalho e adaptei o Novo Testamento. O Antigo Testamento foi minha amiga do Cantinho dos Anjos de S\u00e3o Jos\u00e9, a Mariane. Os desenhos s\u00e3o do Reinaldo, a pintura do Thiago e do Ti\u00e3o que trabalham aqui comigo. Levamos 11 meses trabalhando nela.<\/span><\/span><\/span><\/p>\n<p><span style=\"color: #000000;\"><span style=\"font-family: Verdana,sans-serif;\"><span style=\"font-size: medium;\">Obrigada por curtir meu blog, deixe um recadinho e fique com Deus. Tia Adelita.<\/span><\/span><\/span><\/p>\n<h4 style=\"text-align: justify;\">E mais: tem um card com esse desenho e uma frase dos Santos no <strong> <a href=\"https:\/\/www.facebook.com\/amigosdoceu\" target=\"_blank\" rel=\"noopener\">facebook<\/a><\/strong> pra voc\u00ea compartilhar, n\u00e3o esque ce de curtir <a href=\"https:\/\/www.facebook.com\/amigosdoceu\" target=\"_blank\" rel=\"noopener\"><img loading=\"lazy\" decoding=\"async\" src=\"https:\/\/s-static.ak.facebook.com\/rsrc.php\/v2\/yE\/r\/s160T9ZRfKh.png\" alt=\"\" width=\"32\" height=\"28\" \/><\/a><\/h4>\n<h4 style=\"text-align: justify;\"><strong><a href=\"http:\/\/blog.cancaonova.com\/amigosdoceu\/files\/2013\/03\/Nsa-Sra-anuncia\u00e7\u00e3o-_-tia-Adelita.jpg\"><img loading=\"lazy\" decoding=\"async\" class=\"alignright size-full wp-image-7822\" src=\"http:\/\/blog.cancaonova.com\/amigosdoceu\/files\/2013\/03\/Nsa-Sra-anuncia\u00e7\u00e3o-_-tia-Adelita.jpg\" alt=\"\" width=\"269\" height=\"355\" srcset=\"https:\/\/blog.cancaonova.com\/amigosdoceu\/files\/2013\/03\/Nsa-Sra-anuncia\u00e7\u00e3o-_-tia-Adelita.jpg 608w, https:\/\/blog.cancaonova.com\/amigosdoceu\/files\/2013\/03\/Nsa-Sra-anuncia\u00e7\u00e3o-_-tia-Adelita-228x300.jpg 228w\" sizes=\"(max-width: 269px) 100vw, 269px\" \/><\/a>Voc\u00ea tamb\u00e9m me acha\u2026<\/strong><\/h4>\n<h4 style=\"text-align: justify;\"><strong>. <\/strong><a href=\"http:\/\/www.youtube.com\/playlist?list=PL562872B285A3C385&amp;feature=plcp\" target=\"_blank\" rel=\"noopener\"><strong>Youtube<\/strong><\/a> \u2013 Minhas hist\u00f3rias em alta resolu\u00e7\u00e3o para usar na catequese.<\/h4>\n<h4 style=\"text-align: justify;\"><strong>. <\/strong><a href=\"http:\/\/www.webtvcn.com\/busca\/tia%20adelita\/page\/1\/\" target=\"_blank\" rel=\"noopener\"><strong>WEB TV CN<\/strong> <\/a>&#8211; Historinhas r\u00e1pidas.<\/h4>\n<h4 style=\"text-align: justify;\"><strong>. <\/strong><a href=\"http:\/\/www.podcast1.com.br\/canal.php?pagina=2&amp;codigo_canal=1834\" target=\"_blank\" rel=\"noopener\"><strong>Podcast<\/strong><\/a> \u2013 Hist\u00f3rias de ouvir, que gravei para a r\u00e1dio Can\u00e7\u00e3o Nova.<\/h4>\n<h4 style=\"text-align: justify;\">. Tia Adelita no<a href=\"https:\/\/twitter.com\/Tia_Adelita\" target=\"_blank\" rel=\"noopener\"> <strong>twitter<\/strong><\/a><\/h4>\n<p><a href=\"http:\/\/blog.cancaonova.com\/amigosdoceu\/files\/2013\/03\/Anuncia\u00e7\u00e3o-colorir-_-tia-Adelita.jpg\"><img loading=\"lazy\" decoding=\"async\" class=\"alignleft size-full wp-image-7823\" src=\"http:\/\/blog.cancaonova.com\/amigosdoceu\/files\/2013\/03\/Anuncia\u00e7\u00e3o-colorir-_-tia-Adelita.jpg\" alt=\"\" width=\"514\" height=\"435\" \/><\/a><\/p>\n<h3>Quer montar um quebra cabe\u00e7as online com essa hist\u00f3ria e os desenhos da nossa B\u00edblia? <a href=\"http:\/\/www.swfcabin.com\/open\/1363278356\" target=\"_blank\" rel=\"noopener\">(clique aqui para jogar)<\/a>&#8230;<\/h3>\n","protected":false},"excerpt":{"rendered":"<p>Voc\u00ea conhece a B\u00edblia para Crian\u00e7as da Canc\u00e3o Nova? Esse texto, eu tirei de l\u00e1&#8230; O Anjo anuncia o nascimento de Jesus (Lc 1,26-38) O anjo Gabriel foi enviado por Deus a uma cidade da Galil\u00e9ia chamada Nazar\u00e9, para falar&#8230;<\/p>\n","protected":false},"author":4017,"featured_media":10815,"comment_status":"open","ping_status":"open","sticky":false,"template":"","format":"standard","meta":{"_mi_skip_tracking":false,"_monsterinsights_sitenote_active":false,"_monsterinsights_sitenote_note":"","_monsterinsights_sitenote_category":0,"footnotes":""},"categories":[156744,146067,176511],"tags":[146063,131355,15641],"_links":{"self":[{"href":"https:\/\/blog.cancaonova.com\/amigosdoceu\/wp-json\/wp\/v2\/posts\/7818"}],"collection":[{"href":"https:\/\/blog.cancaonova.com\/amigosdoceu\/wp-json\/wp\/v2\/posts"}],"about":[{"href":"https:\/\/blog.cancaonova.com\/amigosdoceu\/wp-json\/wp\/v2\/types\/post"}],"author":[{"embeddable":true,"href":"https:\/\/blog.cancaonova.com\/amigosdoceu\/wp-json\/wp\/v2\/users\/4017"}],"replies":[{"embeddable":true,"href":"https:\/\/blog.cancaonova.com\/amigosdoceu\/wp-json\/wp\/v2\/comments?post=7818"}],"version-history":[{"count":11,"href":"https:\/\/blog.cancaonova.com\/amigosdoceu\/wp-json\/wp\/v2\/posts\/7818\/revisions"}],"predecessor-version":[{"id":8800,"href":"https:\/\/blog.cancaonova.com\/amigosdoceu\/wp-json\/wp\/v2\/posts\/7818\/revisions\/8800"}],"wp:featuredmedia":[{"embeddable":true,"href":"https:\/\/blog.cancaonova.com\/amigosdoceu\/wp-json\/wp\/v2\/media\/10815"}],"wp:attachment":[{"href":"https:\/\/blog.cancaonova.com\/amigosdoceu\/wp-json\/wp\/v2\/media?parent=7818"}],"wp:term":[{"taxonomy":"category","embeddable":true,"href":"https:\/\/blog.cancaonova.com\/amigosdoceu\/wp-json\/wp\/v2\/categories?post=7818"},{"taxonomy":"post_tag","embeddable":true,"href":"https:\/\/blog.cancaonova.com\/amigosdoceu\/wp-json\/wp\/v2\/tags?post=7818"}],"curies":[{"name":"wp","href":"https:\/\/api.w.org\/{rel}","templated":true}]}}