{"id":7991,"date":"2013-03-28T13:30:59","date_gmt":"2013-03-28T15:30:59","guid":{"rendered":"http:\/\/blog.cancaonova.com\/amigosdoceu\/?p=7991"},"modified":"2018-03-26T11:40:09","modified_gmt":"2018-03-26T13:40:09","slug":"simbolos-da-pascoa","status":"publish","type":"post","link":"https:\/\/blog.cancaonova.com\/amigosdoceu\/simbolos-da-pascoa\/","title":{"rendered":"S\u00edmbolos da P\u00e1scoa"},"content":{"rendered":"<p style=\"text-align: justify\"><span style=\"color: #b80047\"><span style=\"font-family: Verdana,sans-serif\"><span style=\"font-size: medium\"><strong>Coelho da P\u00e1scoa, que trazes pra Mim?<\/strong><\/span><\/span><\/span><\/p>\n<p><span style=\"color: #993300\"><strong><strong>P<\/strong>\u00e1scoa significa ressurrei\u00e7\u00e3o de Jesus.<\/strong><\/span><\/p>\n<p style=\"text-align: justify\"><span style=\"font-family: Verdana,sans-serif\"><span style=\"font-size: small\"><strong><a href=\"http:\/\/blog.cancaonova.com\/amigosdoceu\/files\/2013\/03\/passarinho.png\"><img loading=\"lazy\" decoding=\"async\" class=\"size-full wp-image-8032 alignleft\" src=\"http:\/\/blog.cancaonova.com\/amigosdoceu\/files\/2013\/03\/passarinho.png\" alt=\"\" width=\"241\" height=\"243\" srcset=\"https:\/\/blog.cancaonova.com\/amigosdoceu\/files\/2013\/03\/passarinho.png 423w, https:\/\/blog.cancaonova.com\/amigosdoceu\/files\/2013\/03\/passarinho-150x150.png 150w, https:\/\/blog.cancaonova.com\/amigosdoceu\/files\/2013\/03\/passarinho-297x300.png 297w\" sizes=\"(max-width: 241px) 100vw, 241px\" \/><\/a>S\u00e3o Jo\u00e3o Paulo II<a href=\"https:\/\/blog.cancaonova.com\/amigosdoceu\/hoje-e-dia-de-joao-paulo-ii\/\" target=\"_blank\" rel=\"noopener\"> (clique aqui para conhecer sua hist\u00f3ria)<\/a><\/strong>, quando menino, na P\u00e1scoa, trocava lindos ovos decorados aben\u00e7oados na Igreja, como qualquer fam\u00edlia polonesa. <\/span><\/span><\/p>\n<p style=\"text-align: justify\"><span style=\"color: #b80047\"><span style=\"font-family: Verdana,sans-serif\"><span style=\"font-size: small\"><strong>As flores<\/strong><\/span><\/span><\/span><\/p>\n<p style=\"text-align: justify\"><span style=\"color: #b80047\"><span style=\"font-family: Verdana,sans-serif\"><span style=\"font-size: small\"><strong><span style=\"color: #b80047\"><span style=\"font-family: Verdana,sans-serif\"><span style=\"font-size: small\"><strong><a href=\"http:\/\/blog.cancaonova.com\/amigosdoceu\/files\/2012\/05\/linha-pequenas-flores.png\"><img loading=\"lazy\" decoding=\"async\" class=\"size-full wp-image-4832 aligncenter\" src=\"http:\/\/blog.cancaonova.com\/amigosdoceu\/files\/2012\/05\/linha-pequenas-flores.png\" alt=\"\" width=\"392\" height=\"52\"><\/a><\/strong><\/span><\/span><\/span><\/strong><\/span><\/span><\/span><\/p>\n<p style=\"text-align: justify\"><span style=\"font-family: Verdana,sans-serif\"><span style=\"font-size: small\"><a href=\"http:\/\/blog.cancaonova.com\/amigosdoceu\/files\/2013\/03\/Jesus-ressuscitou-_tia-Adelita.jpg\"><img loading=\"lazy\" decoding=\"async\" class=\"alignright size-full wp-image-7985\" src=\"http:\/\/blog.cancaonova.com\/amigosdoceu\/files\/2013\/03\/Jesus-ressuscitou-_tia-Adelita.jpg\" alt=\"\" width=\"299\" height=\"410\"><\/a>A P\u00e1scoa na Europa \u00e9 na primavera, preste aten\u00e7\u00e3o \u00e0 Santa Missa de P\u00e1scoa, no domingo da Ressurrei\u00e7\u00e3o do Vaticano, eles enfeitam tudo com muitas flores. Depois de um branco (l\u00e1 neva) ou cinza ( o dia fica cinzento quando est\u00e1 muito frio, sem sol) inverno. Vem a alegria da primavera, cheia de esperan\u00e7a e vida, assim como nos sentimos com a ressurrei\u00e7\u00e3o de Jesus.<\/span><\/span><\/p>\n<p style=\"text-align: justify\"><span style=\"font-family: Verdana,sans-serif\"><span style=\"font-size: small\"><span style=\"color: #b80047\"><strong>Pomba<\/strong><\/span><\/span><\/span><\/p>\n<p style=\"text-align: justify\"><span style=\"font-family: Verdana,sans-serif\"><span style=\"font-size: small\">Este s\u00edmbolo representa a paz. Jesus, atrav\u00e9s de Seu sacrif\u00edcio na cruz, nos ajuda a construir um reino de paz e amor.<\/span><\/span><\/p>\n<p style=\"text-align: justify\"><span style=\"font-family: Verdana,sans-serif\"><span style=\"font-size: small\"><span style=\"color: #b80047\"><strong><a href=\"http:\/\/blog.cancaonova.com\/amigosdoceu\/files\/2013\/03\/sino.jpg\"><img loading=\"lazy\" decoding=\"async\" class=\"alignleft size-full wp-image-10587\" src=\"http:\/\/blog.cancaonova.com\/amigosdoceu\/files\/2013\/03\/sino.jpg\" alt=\"sino\" width=\"152\" height=\"152\" srcset=\"https:\/\/blog.cancaonova.com\/amigosdoceu\/files\/2013\/03\/sino.jpg 450w, https:\/\/blog.cancaonova.com\/amigosdoceu\/files\/2013\/03\/sino-150x150.jpg 150w, https:\/\/blog.cancaonova.com\/amigosdoceu\/files\/2013\/03\/sino-300x300.jpg 300w\" sizes=\"(max-width: 152px) 100vw, 152px\" \/><\/a><\/strong><\/span><\/span><\/span><span style=\"font-family: Verdana,sans-serif\"><span style=\"font-size: small\"><span style=\"color: #b80047\"><strong>Sinos<\/strong><\/span><br \/>\nNo domingo de P\u00e1scoa, os sinos de todas as igrejas come\u00e7am a tocar para anunciar a ressurrei\u00e7\u00e3o de Jesus em sua sinos festivos. Pode prestar aten\u00e7\u00e3o na hora que cantamos o \u201cAleluia\u201d nos sinos tocando.<br \/>\n<\/span><\/span><\/p>\n<p style=\"text-align: justify\"><span style=\"font-family: Verdana,sans-serif\"><span style=\"font-size: small\"><span style=\"color: #b80047\"><strong>Oliva<\/strong><\/span><br \/>\nAl\u00e9m de ser um s\u00edmbolo de paz, recorda a entrada de Jesus em Jerusal\u00e9m, quando uma multid\u00e3o o recebeu calorosamente com ramos nas m\u00e3os. Tamb\u00e9m foi no jardim das oliveiras que Jesus orou se preparando para seu mart\u00edrio.<\/span><\/span><\/p>\n<p style=\"text-align: justify\"><span style=\"font-family: Verdana,sans-serif\"><span style=\"font-size: small\"><span style=\"color: #b80047\"><strong><a href=\"http:\/\/blog.cancaonova.com\/amigosdoceu\/files\/2013\/03\/images.jpg\"><img loading=\"lazy\" decoding=\"async\" class=\"size-full wp-image-8028 alignright\" src=\"http:\/\/blog.cancaonova.com\/amigosdoceu\/files\/2013\/03\/images.jpg\" alt=\"\" width=\"208\" height=\"242\"><\/a><\/strong><\/span><\/span><\/span><\/p>\n<p style=\"text-align: justify\"><span style=\"font-family: Verdana,sans-serif\"><span style=\"font-size: small\"><span style=\"color: #b80047\"><strong><a href=\"http:\/\/blog.cancaonova.com\/amigosdoceu\/files\/2013\/03\/ovelhinha-2.png\"><img loading=\"lazy\" decoding=\"async\" class=\"size-full wp-image-8031 alignleft\" src=\"http:\/\/blog.cancaonova.com\/amigosdoceu\/files\/2013\/03\/ovelhinha-2.png\" alt=\"\" width=\"238\" height=\"246\" srcset=\"https:\/\/blog.cancaonova.com\/amigosdoceu\/files\/2013\/03\/ovelhinha-2.png 379w, https:\/\/blog.cancaonova.com\/amigosdoceu\/files\/2013\/03\/ovelhinha-2-290x300.png 290w\" sizes=\"(max-width: 238px) 100vw, 238px\" \/><\/a><\/strong><\/span><\/span><\/span><\/p>\n<p style=\"text-align: justify\"><span style=\"font-family: Verdana,sans-serif\"><span style=\"font-size: small\"><span style=\"color: #b80047\"><strong>Cordeiro<\/strong><\/span><br \/>\n<\/span><\/span><span style=\"font-family: Verdana,sans-serif\"><span style=\"font-size: small\">Este s\u00edmbolo est\u00e1 associado a Jesus, que sempre foi comparado a um cordeiro manso: ele deu a sua vida por n\u00f3s. No antigo testamento os cordeiros eram sacrificados, em expia\u00e7\u00e3o pelos pecados de quem os ofertava. Jesus se ofereceu por todos n\u00f3s.<\/span><\/span><\/p>\n<p style=\"text-align: justify\"><span style=\"font-family: Verdana,sans-serif\"><span style=\"font-size: small\"><span style=\"color: #b80047\"><strong>Luz<\/strong><\/span><br \/>\nO C\u00edrio Pascal simboliza a luz de Cristo que veio para iluminar o mundo. Por sua morte e ressurrei\u00e7\u00e3o venceu a escurid\u00e3o nos cora\u00e7\u00f5es dos homens.<\/span><\/span><\/p>\n<p style=\"text-align: justify\"><span style=\"font-family: Verdana,sans-serif\"><span style=\"font-size: small\"><span style=\"color: #b80047\"><strong><a href=\"http:\/\/blog.cancaonova.com\/amigosdoceu\/files\/2013\/03\/coelha-filhotes.jpg\"><img loading=\"lazy\" decoding=\"async\" class=\"alignleft size-full wp-image-10583\" src=\"http:\/\/blog.cancaonova.com\/amigosdoceu\/files\/2013\/03\/coelha-filhotes.jpg\" alt=\"coelha-filhotes\" width=\"318\" height=\"226\"><\/a><\/strong><\/span><\/span><\/span><span style=\"font-family: Verdana,sans-serif\"><span style=\"font-size: small\"><span style=\"color: #b80047\"><strong>O Coelho<\/strong><\/span><br \/>\nFoi escolhido por Santo Ambr\u00f3sio como um s\u00edmbolo da Ressurrei\u00e7\u00e3o, l\u00e1 nos comecinhos do cristianismo. Tanto o coelho como a lebre tem muitos filhotes, muuuitos mesmo, assim como somos muitos os filhos adotivos de Deus Pai, a partir da ressurrei\u00e7\u00e3o de Jesus. A lebre muda de cor de acordo com a temporada, Santo Ambr\u00f3sio comparou com a tristeza da morte, cinza, que muda para a alegria da vida, colorida.<br \/>\n<\/span><\/span><\/p>\n<p style=\"text-align: justify\"><span style=\"font-family: Verdana,sans-serif\"><span style=\"font-size: small\"><span style=\"color: #b80047\"><strong><a href=\"http:\/\/blog.cancaonova.com\/amigosdoceu\/files\/2013\/03\/coelho_papercraft.jpg\"><img loading=\"lazy\" decoding=\"async\" class=\"size-full wp-image-10582 alignright\" src=\"http:\/\/blog.cancaonova.com\/amigosdoceu\/files\/2013\/03\/coelho_papercraft.jpg\" alt=\"coelho_papercraft\" width=\"132\" height=\"132\" srcset=\"https:\/\/blog.cancaonova.com\/amigosdoceu\/files\/2013\/03\/coelho_papercraft.jpg 295w, https:\/\/blog.cancaonova.com\/amigosdoceu\/files\/2013\/03\/coelho_papercraft-150x150.jpg 150w\" sizes=\"(max-width: 132px) 100vw, 132px\" \/><\/a><\/strong><\/span><\/span><\/span><span style=\"color: #000000\"><span style=\"font-family: Verdana,sans-serif\"><span style=\"font-size: large\">Enquanto esperamos a P\u00e1scoa, que tal brincar com o coelhinho? ele \u00e9 um s\u00edmbolo da P\u00e1scoa&#8230; Aqui tem uma por\u00e7\u00e3o deles pra voc\u00ea se divertir: colorir, recortar, montar&#8230; Brincar! <\/span><\/span><\/span><a href=\"https:\/\/blog.cancaonova.com\/amigosdoceu\/enquanto-esperamos-a-pascoa\/\" target=\"_blank\" rel=\"noopener\"><strong>(clique aqui para abrir)<\/strong><\/a><\/p>\n<p>&nbsp;<\/p>\n<p style=\"text-align: justify\"><span style=\"font-family: Verdana,sans-serif\"><span style=\"font-size: small\"><br \/>\n<\/span><\/span><\/p>\n","protected":false},"excerpt":{"rendered":"<p>Coelho da P\u00e1scoa, que trazes pra Mim? P\u00e1scoa significa ressurrei\u00e7\u00e3o de Jesus. S\u00e3o Jo\u00e3o Paulo II (clique aqui para conhecer sua hist\u00f3ria), quando menino, na P\u00e1scoa, trocava lindos ovos decorados aben\u00e7oados na Igreja, como qualquer fam\u00edlia polonesa. As flores A&#8230;<\/p>\n","protected":false},"author":4017,"featured_media":8026,"comment_status":"open","ping_status":"open","sticky":false,"template":"","format":"standard","meta":{"_mi_skip_tracking":false,"_monsterinsights_sitenote_active":false,"_monsterinsights_sitenote_note":"","_monsterinsights_sitenote_category":0,"footnotes":""},"categories":[176511],"tags":[18448,18236],"_links":{"self":[{"href":"https:\/\/blog.cancaonova.com\/amigosdoceu\/wp-json\/wp\/v2\/posts\/7991"}],"collection":[{"href":"https:\/\/blog.cancaonova.com\/amigosdoceu\/wp-json\/wp\/v2\/posts"}],"about":[{"href":"https:\/\/blog.cancaonova.com\/amigosdoceu\/wp-json\/wp\/v2\/types\/post"}],"author":[{"embeddable":true,"href":"https:\/\/blog.cancaonova.com\/amigosdoceu\/wp-json\/wp\/v2\/users\/4017"}],"replies":[{"embeddable":true,"href":"https:\/\/blog.cancaonova.com\/amigosdoceu\/wp-json\/wp\/v2\/comments?post=7991"}],"version-history":[{"count":25,"href":"https:\/\/blog.cancaonova.com\/amigosdoceu\/wp-json\/wp\/v2\/posts\/7991\/revisions"}],"predecessor-version":[{"id":11504,"href":"https:\/\/blog.cancaonova.com\/amigosdoceu\/wp-json\/wp\/v2\/posts\/7991\/revisions\/11504"}],"wp:featuredmedia":[{"embeddable":true,"href":"https:\/\/blog.cancaonova.com\/amigosdoceu\/wp-json\/wp\/v2\/media\/8026"}],"wp:attachment":[{"href":"https:\/\/blog.cancaonova.com\/amigosdoceu\/wp-json\/wp\/v2\/media?parent=7991"}],"wp:term":[{"taxonomy":"category","embeddable":true,"href":"https:\/\/blog.cancaonova.com\/amigosdoceu\/wp-json\/wp\/v2\/categories?post=7991"},{"taxonomy":"post_tag","embeddable":true,"href":"https:\/\/blog.cancaonova.com\/amigosdoceu\/wp-json\/wp\/v2\/tags?post=7991"}],"curies":[{"name":"wp","href":"https:\/\/api.w.org\/{rel}","templated":true}]}}