{"id":4818,"date":"2012-10-15T15:06:00","date_gmt":"2012-10-15T18:06:00","guid":{"rendered":"http:\/\/blog.cancaonova.com\/aracaju\/?p=4818"},"modified":"2012-10-15T15:06:00","modified_gmt":"2012-10-15T18:06:00","slug":"noite-de-cura-interior","status":"publish","type":"post","link":"https:\/\/blog.cancaonova.com\/aracaju\/noite-de-cura-interior\/","title":{"rendered":"Noite de cura interior"},"content":{"rendered":"<p><strong>Noite de Cura interior com Reinalda Delgado da RCC aqui na Can\u00e7\u00e3o Nova de Aracaju<\/strong><\/p>\n<p><strong>Data: 18 de outubro (quinta-feira)<br \/>\n<\/strong><\/p>\n<p><strong>Hor\u00e1rio: 19h <\/strong><\/p>\n<p><strong>19 a 21 de outubro com a RCC de Sergipe, confira abaixo: <\/strong><\/p>\n<p><strong><a href=\"http:\/\/blog.cancaonova.com\/aracaju\/files\/2012\/10\/reinalda.jpg\"><img loading=\"lazy\" decoding=\"async\" class=\"alignleft size-full wp-image-4819\" src=\"http:\/\/blog.cancaonova.com\/aracaju\/files\/2012\/10\/reinalda.jpg\" alt=\"noite de cura interior \" width=\"437\" height=\"860\" \/><\/a><br \/>\n<\/strong><\/p>\n","protected":false},"excerpt":{"rendered":"<p>Noite de Cura interior com Reinalda Delgado da RCC aqui na Can\u00e7\u00e3o Nova de Aracaju Data: 18 de outubro (quinta-feira) Hor\u00e1rio: 19h 19 a 21 de outubro com a RCC de Sergipe, confira abaixo:<\/p>\n","protected":false},"author":3351,"featured_media":0,"comment_status":"open","ping_status":"open","sticky":false,"template":"","format":"standard","meta":{"_mi_skip_tracking":false,"_monsterinsights_sitenote_active":false,"_monsterinsights_sitenote_note":"","_monsterinsights_sitenote_category":0,"footnotes":""},"categories":[19],"tags":[13481,5011,127955],"_links":{"self":[{"href":"https:\/\/blog.cancaonova.com\/aracaju\/wp-json\/wp\/v2\/posts\/4818"}],"collection":[{"href":"https:\/\/blog.cancaonova.com\/aracaju\/wp-json\/wp\/v2\/posts"}],"about":[{"href":"https:\/\/blog.cancaonova.com\/aracaju\/wp-json\/wp\/v2\/types\/post"}],"author":[{"embeddable":true,"href":"https:\/\/blog.cancaonova.com\/aracaju\/wp-json\/wp\/v2\/users\/3351"}],"replies":[{"embeddable":true,"href":"https:\/\/blog.cancaonova.com\/aracaju\/wp-json\/wp\/v2\/comments?post=4818"}],"version-history":[{"count":3,"href":"https:\/\/blog.cancaonova.com\/aracaju\/wp-json\/wp\/v2\/posts\/4818\/revisions"}],"predecessor-version":[{"id":4822,"href":"https:\/\/blog.cancaonova.com\/aracaju\/wp-json\/wp\/v2\/posts\/4818\/revisions\/4822"}],"wp:attachment":[{"href":"https:\/\/blog.cancaonova.com\/aracaju\/wp-json\/wp\/v2\/media?parent=4818"}],"wp:term":[{"taxonomy":"category","embeddable":true,"href":"https:\/\/blog.cancaonova.com\/aracaju\/wp-json\/wp\/v2\/categories?post=4818"},{"taxonomy":"post_tag","embeddable":true,"href":"https:\/\/blog.cancaonova.com\/aracaju\/wp-json\/wp\/v2\/tags?post=4818"}],"curies":[{"name":"wp","href":"https:\/\/api.w.org\/{rel}","templated":true}]}}