{"id":4828,"date":"2012-10-30T09:41:30","date_gmt":"2012-10-30T12:41:30","guid":{"rendered":"http:\/\/blog.cancaonova.com\/aracaju\/?p=4828"},"modified":"2012-11-23T11:36:04","modified_gmt":"2012-11-23T14:36:04","slug":"construindo-a-felicidade","status":"publish","type":"post","link":"https:\/\/blog.cancaonova.com\/aracaju\/construindo-a-felicidade\/","title":{"rendered":"Construindo a felicidade"},"content":{"rendered":"<p style=\"text-align: justify\"><strong>Nos dias 24 e 25 de novembro<\/strong>, acontece\u00a0 na Can\u00e7\u00e3o Nova de Aracaju o acampamento de ora\u00e7\u00e3o &#8220;Construindo a felicidade&#8221; que contar\u00e1 com as presen\u00e7as do\u00a0<a href=\"http:\/\/blog.cancaonova.com\/padreadrianozandona\/\">Pe. Adriano Zandon\u00e1 <\/a> e\u00a0<a href=\"http:\/\/blog.cancaonova.com\/marcio\/\">M\u00e1rcio Todeschine<\/a> da comunidade Can\u00e7\u00e3o Nova.\u00a0<strong> <\/strong><\/p>\n<p><a href=\"http:\/\/blog.cancaonova.com\/aracaju\/files\/2012\/10\/Cartaz.jpgACAMPAMENTO.jpg\"><img loading=\"lazy\" decoding=\"async\" class=\"alignleft size-full wp-image-4829\" src=\"http:\/\/blog.cancaonova.com\/aracaju\/files\/2012\/10\/Cartaz.jpgACAMPAMENTO.jpg\" alt=\"Construindo a felicidade \" width=\"640\" height=\"455\" srcset=\"https:\/\/blog.cancaonova.com\/aracaju\/files\/2012\/10\/Cartaz.jpgACAMPAMENTO.jpg 640w, https:\/\/blog.cancaonova.com\/aracaju\/files\/2012\/10\/Cartaz.jpgACAMPAMENTO-300x213.jpg 300w\" sizes=\"(max-width: 640px) 100vw, 640px\" \/><\/a><\/p>\n<p><strong>S\u00e1bado \u2013 24\/11<\/strong><\/p>\n<p>08h00 C\u00e2nticos &#8211; M\u00e1rcio Todeschine<\/p>\n<p>08h20 Ora\u00e7\u00e3o da Manh\u00e3: M\u00e1rcio Todeschine<\/p>\n<p>09h15 Prega\u00e7\u00e3o: Pe. Adriano Zandon\u00e1<\/p>\n<p>10h30 Intervalo<\/p>\n<p>11h00 C\u00e2nticos<\/p>\n<p>11h15 Prega\u00e7\u00e3o: Pe. Adriano Zandon\u00e1<\/p>\n<p>12h30 Intervalo<\/p>\n<p>14h00 C\u00e2nticos<\/p>\n<p>14h20 Prega\u00e7\u00e3o: M\u00e1rcio Todeschine<\/p>\n<p>15h30 Intervalo<\/p>\n<p>16h00 Santa Missa: Pe.\u00a0 Adriano Zandon\u00e1<\/p>\n<p>18h00 Intervalo<\/p>\n<p>18h30 Noite Oracional (Adora\u00e7\u00e3o) &#8211; Pe. Adriano Zandon\u00e1, Pe. Francisco e M\u00e1rcio Todeschine<\/p>\n<p><strong>Domingo \u2013 25\/11<\/strong><\/p>\n<p>08h00 C\u00e2nticos &#8211; M\u00e1rcio Todeschine<\/p>\n<p>08h20 Adora\u00e7\u00e3o &#8211; Pe. Francisco e M\u00e1rcio Todeschine<\/p>\n<p>09h15 Prega\u00e7\u00e3o:\u00a0 Pe.\u00a0 Adriano Zandon\u00e1<\/p>\n<p>10h30 Intervalo<\/p>\n<p>11h00 C\u00e2nticos<\/p>\n<p>11h15 Prega\u00e7\u00e3o: Pe. Adriano Zandon\u00e1<\/p>\n<p>12h30 Intervalo<\/p>\n<p>14h00 Santa Missa: Pe.\u00a0 Adriano Zandon\u00e1<\/p>\n","protected":false},"excerpt":{"rendered":"<p>Nos dias 24 e 25 de novembro, acontece\u00a0 na Can\u00e7\u00e3o Nova de Aracaju o acampamento de ora\u00e7\u00e3o &#8220;Construindo a felicidade&#8221; que contar\u00e1 com as presen\u00e7as do\u00a0Pe. Adriano Zandon\u00e1 e\u00a0M\u00e1rcio Todeschine da comunidade Can\u00e7\u00e3o Nova.\u00a0 S\u00e1bado \u2013 24\/11 08h00 C\u00e2nticos &#8211;&#8230;<\/p>\n","protected":false},"author":3351,"featured_media":0,"comment_status":"open","ping_status":"open","sticky":false,"template":"","format":"standard","meta":{"_mi_skip_tracking":false,"_monsterinsights_sitenote_active":false,"_monsterinsights_sitenote_note":"","_monsterinsights_sitenote_category":0,"footnotes":""},"categories":[19],"tags":[8031,13481,5011,10831,6791],"_links":{"self":[{"href":"https:\/\/blog.cancaonova.com\/aracaju\/wp-json\/wp\/v2\/posts\/4828"}],"collection":[{"href":"https:\/\/blog.cancaonova.com\/aracaju\/wp-json\/wp\/v2\/posts"}],"about":[{"href":"https:\/\/blog.cancaonova.com\/aracaju\/wp-json\/wp\/v2\/types\/post"}],"author":[{"embeddable":true,"href":"https:\/\/blog.cancaonova.com\/aracaju\/wp-json\/wp\/v2\/users\/3351"}],"replies":[{"embeddable":true,"href":"https:\/\/blog.cancaonova.com\/aracaju\/wp-json\/wp\/v2\/comments?post=4828"}],"version-history":[{"count":5,"href":"https:\/\/blog.cancaonova.com\/aracaju\/wp-json\/wp\/v2\/posts\/4828\/revisions"}],"predecessor-version":[{"id":4832,"href":"https:\/\/blog.cancaonova.com\/aracaju\/wp-json\/wp\/v2\/posts\/4828\/revisions\/4832"}],"wp:attachment":[{"href":"https:\/\/blog.cancaonova.com\/aracaju\/wp-json\/wp\/v2\/media?parent=4828"}],"wp:term":[{"taxonomy":"category","embeddable":true,"href":"https:\/\/blog.cancaonova.com\/aracaju\/wp-json\/wp\/v2\/categories?post=4828"},{"taxonomy":"post_tag","embeddable":true,"href":"https:\/\/blog.cancaonova.com\/aracaju\/wp-json\/wp\/v2\/tags?post=4828"}],"curies":[{"name":"wp","href":"https:\/\/api.w.org\/{rel}","templated":true}]}}