{"id":4880,"date":"2013-02-18T09:40:56","date_gmt":"2013-02-18T12:40:56","guid":{"rendered":"http:\/\/blog.cancaonova.com\/aracaju\/?p=4880"},"modified":"2013-02-22T08:35:48","modified_gmt":"2013-02-22T11:35:48","slug":"acampamento-curados-para-amar","status":"publish","type":"post","link":"https:\/\/blog.cancaonova.com\/aracaju\/acampamento-curados-para-amar\/","title":{"rendered":"Acampamento Curados para Amar"},"content":{"rendered":"<p><strong>02 a 03 de mar\u00e7o acampamento de ora\u00e7\u00e3o, curados para amar com Di\u00e1cono Nelsinho Correa e J\u00falio Brebal. <\/strong><\/p>\n<p>Local: Can\u00e7\u00e3o Nova de Aracaju<\/p>\n<p>Voc\u00ea n\u00e3o pode perder, informa\u00e7\u00f5es: (79) 2104-4444<\/p>\n<p><a href=\"http:\/\/blog.cancaonova.com\/aracaju\/files\/2013\/02\/cura-interior.jpg\"><img loading=\"lazy\" decoding=\"async\" class=\"alignleft size-full wp-image-4886\" src=\"http:\/\/blog.cancaonova.com\/aracaju\/files\/2013\/02\/cura-interior.jpg\" alt=\"acampamento de cura interior \" width=\"448\" height=\"640\" srcset=\"https:\/\/blog.cancaonova.com\/aracaju\/files\/2013\/02\/cura-interior.jpg 448w, https:\/\/blog.cancaonova.com\/aracaju\/files\/2013\/02\/cura-interior-210x300.jpg 210w\" sizes=\"(max-width: 448px) 100vw, 448px\" \/><\/a><\/p>\n","protected":false},"excerpt":{"rendered":"<p>02 a 03 de mar\u00e7o acampamento de ora\u00e7\u00e3o, curados para amar com Di\u00e1cono Nelsinho Correa e J\u00falio Brebal. Local: Can\u00e7\u00e3o Nova de Aracaju Voc\u00ea n\u00e3o pode perder, informa\u00e7\u00f5es: (79) 2104-4444<\/p>\n","protected":false},"author":3351,"featured_media":0,"comment_status":"open","ping_status":"open","sticky":false,"template":"","format":"standard","meta":{"_mi_skip_tracking":false,"_monsterinsights_sitenote_active":false,"_monsterinsights_sitenote_note":"","_monsterinsights_sitenote_category":0,"footnotes":""},"categories":[19],"tags":[8031,13481,5011,90304],"_links":{"self":[{"href":"https:\/\/blog.cancaonova.com\/aracaju\/wp-json\/wp\/v2\/posts\/4880"}],"collection":[{"href":"https:\/\/blog.cancaonova.com\/aracaju\/wp-json\/wp\/v2\/posts"}],"about":[{"href":"https:\/\/blog.cancaonova.com\/aracaju\/wp-json\/wp\/v2\/types\/post"}],"author":[{"embeddable":true,"href":"https:\/\/blog.cancaonova.com\/aracaju\/wp-json\/wp\/v2\/users\/3351"}],"replies":[{"embeddable":true,"href":"https:\/\/blog.cancaonova.com\/aracaju\/wp-json\/wp\/v2\/comments?post=4880"}],"version-history":[{"count":4,"href":"https:\/\/blog.cancaonova.com\/aracaju\/wp-json\/wp\/v2\/posts\/4880\/revisions"}],"predecessor-version":[{"id":4883,"href":"https:\/\/blog.cancaonova.com\/aracaju\/wp-json\/wp\/v2\/posts\/4880\/revisions\/4883"}],"wp:attachment":[{"href":"https:\/\/blog.cancaonova.com\/aracaju\/wp-json\/wp\/v2\/media?parent=4880"}],"wp:term":[{"taxonomy":"category","embeddable":true,"href":"https:\/\/blog.cancaonova.com\/aracaju\/wp-json\/wp\/v2\/categories?post=4880"},{"taxonomy":"post_tag","embeddable":true,"href":"https:\/\/blog.cancaonova.com\/aracaju\/wp-json\/wp\/v2\/tags?post=4880"}],"curies":[{"name":"wp","href":"https:\/\/api.w.org\/{rel}","templated":true}]}}