{"id":2929,"date":"2011-02-21T16:52:04","date_gmt":"2011-02-21T19:52:04","guid":{"rendered":"http:\/\/blog.cancaonova.com\/bh\/?p=2929"},"modified":"2012-10-17T16:18:46","modified_gmt":"2012-10-17T19:18:46","slug":"pela-fe-o-impossivel-torna-se-possivel","status":"publish","type":"post","link":"https:\/\/blog.cancaonova.com\/belohorizonte\/pela-fe-o-impossivel-torna-se-possivel\/","title":{"rendered":"Pela f\u00e9 o imposs\u00edvel torna-se poss\u00edvel."},"content":{"rendered":"<div class=\"pf-content\"><p><a href=\"http:\/\/blog.cancaonova.com\/bh\/files\/2011\/02\/deus.jpg\"><img loading=\"lazy\" decoding=\"async\" class=\"alignleft size-medium wp-image-2933\" style=\"margin: 4px\" src=\"http:\/\/blog.cancaonova.com\/bh\/files\/2011\/02\/deus-400x300.jpg\" alt=\"\" width=\"255\" height=\"191\" srcset=\"https:\/\/blog.cancaonova.com\/belohorizonte\/files\/2011\/02\/deus-400x300.jpg 400w, https:\/\/blog.cancaonova.com\/belohorizonte\/files\/2011\/02\/deus.jpg 480w\" sizes=\"(max-width: 255px) 100vw, 255px\" \/><\/a><strong>Pela f\u00e9 o imposs\u00edvel torna-se poss\u00edvel.<\/strong><\/p>\n<p style=\"text-align: justify\">Precisamos ser pessoas fervorosas na ora\u00e7\u00e3o, na intimidade com o Senhor e ter em mente todos os dias em quem colocamos a nossa confian\u00e7a.<\/p>\n<p style=\"text-align: justify\">A nossa for\u00e7a esta no nome do Senhor Jesus, \u00e9 Dele que vem o nosso auxilio, \u00e9 Ele que conhece a nossa verdade, a nossa fraqueza\u00a0 e tudo que vivemos.<\/p>\n<p style=\"text-align: justify\">\u201cTudo \u00e9 poss\u00edvel para quem tem f\u00e9!\u201d (Mc 9,24) \u00c9 no senhor que devemos confiar talvez voc\u00ea esteja perguntando: Como \u00e9 que posso ter f\u00e9?<\/p>\n<p style=\"text-align: justify\">Digo a voc\u00ea, esta resposta vem do Senhor Jesus, mas primeiro de uma iniciativa sincera de dentro do seu cora\u00e7\u00e3o. Fa\u00e7a a experi\u00eancia, pe\u00e7a ao senhor, clame ao senhor, vem senhor, me ajudar, \u201dVem em socorro a minha falta de f\u00e9!\u201d (Mc 9,24)<\/p>\n<p style=\"text-align: justify\">N\u00e3o deixe para \u00faltima hora, comece agora mesmo, clame hoje e sempre o nome do senhor Jesus. \u00c9 esta experi\u00eancia que fa\u00e7o administrando a obra de Deus que a Can\u00e7\u00e3o Nova.<\/p>\n<p><strong>Wander Gomes<\/strong><\/p>\n<p><strong> <\/strong><\/p>\n<\/div>","protected":false},"excerpt":{"rendered":"<p>Pela f\u00e9 o imposs\u00edvel torna-se poss\u00edvel. Precisamos ser pessoas fervorosas na ora\u00e7\u00e3o, na intimidade com o Senhor e ter em mente todos os dias em quem colocamos a nossa confian\u00e7a. A nossa for\u00e7a esta no nome do Senhor Jesus, \u00e9&#8230;<\/p>\n","protected":false},"author":1081,"featured_media":0,"comment_status":"open","ping_status":"open","sticky":false,"template":"","format":"standard","meta":{"_mi_skip_tracking":false,"_monsterinsights_sitenote_active":false,"_monsterinsights_sitenote_note":"","_monsterinsights_sitenote_category":0,"footnotes":""},"categories":[23],"tags":[2551,16520,16396,12901,28117],"_links":{"self":[{"href":"https:\/\/blog.cancaonova.com\/belohorizonte\/wp-json\/wp\/v2\/posts\/2929"}],"collection":[{"href":"https:\/\/blog.cancaonova.com\/belohorizonte\/wp-json\/wp\/v2\/posts"}],"about":[{"href":"https:\/\/blog.cancaonova.com\/belohorizonte\/wp-json\/wp\/v2\/types\/post"}],"author":[{"embeddable":true,"href":"https:\/\/blog.cancaonova.com\/belohorizonte\/wp-json\/wp\/v2\/users\/1081"}],"replies":[{"embeddable":true,"href":"https:\/\/blog.cancaonova.com\/belohorizonte\/wp-json\/wp\/v2\/comments?post=2929"}],"version-history":[{"count":7,"href":"https:\/\/blog.cancaonova.com\/belohorizonte\/wp-json\/wp\/v2\/posts\/2929\/revisions"}],"predecessor-version":[{"id":2931,"href":"https:\/\/blog.cancaonova.com\/belohorizonte\/wp-json\/wp\/v2\/posts\/2929\/revisions\/2931"}],"wp:attachment":[{"href":"https:\/\/blog.cancaonova.com\/belohorizonte\/wp-json\/wp\/v2\/media?parent=2929"}],"wp:term":[{"taxonomy":"category","embeddable":true,"href":"https:\/\/blog.cancaonova.com\/belohorizonte\/wp-json\/wp\/v2\/categories?post=2929"},{"taxonomy":"post_tag","embeddable":true,"href":"https:\/\/blog.cancaonova.com\/belohorizonte\/wp-json\/wp\/v2\/tags?post=2929"}],"curies":[{"name":"wp","href":"https:\/\/api.w.org\/{rel}","templated":true}]}}