{"id":3000,"date":"2011-03-04T19:00:12","date_gmt":"2011-03-04T22:00:12","guid":{"rendered":"http:\/\/blog.cancaonova.com\/bh\/?p=3000"},"modified":"2011-03-14T15:43:09","modified_gmt":"2011-03-14T18:43:09","slug":"retiro-de-quaresma","status":"publish","type":"post","link":"https:\/\/blog.cancaonova.com\/belohorizonte\/retiro-de-quaresma\/","title":{"rendered":"Retiro de Quaresma"},"content":{"rendered":"<div class=\"pf-content\"><p><a href=\"http:\/\/blog.cancaonova.com\/bh\/files\/2011\/03\/Cartaz.jpg\"><img loading=\"lazy\" decoding=\"async\" class=\"aligncenter size-medium wp-image-3001\" src=\"http:\/\/blog.cancaonova.com\/bh\/files\/2011\/03\/Cartaz-400x300.jpg\" alt=\"\" width=\"496\" height=\"372\" srcset=\"https:\/\/blog.cancaonova.com\/belohorizonte\/files\/2011\/03\/Cartaz-400x300.jpg 400w, https:\/\/blog.cancaonova.com\/belohorizonte\/files\/2011\/03\/Cartaz.jpg 960w\" sizes=\"(max-width: 496px) 100vw, 496px\" \/><\/a><\/p>\n<p>&#8220;Convertei-v\u00f3s e crede no Evangelho.&#8221;<\/p>\n<p>Retiro de Quaresma aqui na Can\u00e7\u00e3o Nova Minas com Pe. Donizete e karina.<\/p>\n<p>Come\u00e7ando dia 19 de mar\u00e7o \u00e0s 18h com Adora\u00e7\u00e3o e Santa Missa e dia 20 de mar\u00e7o o dia todo de louvor, \u00a0 \u00a0 \u00a0 \u00a0 \u00a0 \u00a0 \u00a0 \u00a0 \u00a0 \u00a0 \u00a0 \u00a0 \u00a0 \u00a0 \u00a0 \u00a0 \u00a0 \u00a0 \u00a0 \u00a0 \u00a0 \u00a0 \u00a0 \u00a0 \u00a0 \u00a0 \u00a0 \u00a0 \u00a0 \u00a0 \u00a0 \u00a0 \u00a0 \u00a0 \u00a0 \u00a0 \u00a0 \u00a0 \u00a0 \u00a0 \u00a0 \u00a0 \u00a0 \u00a0\u00a0 ora\u00e7\u00e3o, prega\u00e7\u00e3o e terminando com a Santa Missa.<\/p>\n<p>Inscri\u00e7\u00f5es antecipadas aqui na CN Minas &#8211; Av. Isavel Bueno, 400 Jaragu\u00e1<\/p>\n<p>Vagas limitadas.<\/p>\n<\/div>","protected":false},"excerpt":{"rendered":"<p>&#8220;Convertei-v\u00f3s e crede no Evangelho.&#8221; Retiro de Quaresma aqui na Can\u00e7\u00e3o Nova Minas com Pe. Donizete e karina. Come\u00e7ando dia 19 de mar\u00e7o \u00e0s 18h com Adora\u00e7\u00e3o e Santa Missa e dia 20 de mar\u00e7o o dia todo de louvor,&#8230;<\/p>\n","protected":false},"author":1081,"featured_media":0,"comment_status":"open","ping_status":"open","sticky":false,"template":"","format":"standard","meta":{"_mi_skip_tracking":false,"_monsterinsights_sitenote_active":false,"_monsterinsights_sitenote_note":"","_monsterinsights_sitenote_category":0,"footnotes":""},"categories":[19],"tags":[8331,37031,51762,51759,6851,18115,16135,28737,561,5271,12131],"_links":{"self":[{"href":"https:\/\/blog.cancaonova.com\/belohorizonte\/wp-json\/wp\/v2\/posts\/3000"}],"collection":[{"href":"https:\/\/blog.cancaonova.com\/belohorizonte\/wp-json\/wp\/v2\/posts"}],"about":[{"href":"https:\/\/blog.cancaonova.com\/belohorizonte\/wp-json\/wp\/v2\/types\/post"}],"author":[{"embeddable":true,"href":"https:\/\/blog.cancaonova.com\/belohorizonte\/wp-json\/wp\/v2\/users\/1081"}],"replies":[{"embeddable":true,"href":"https:\/\/blog.cancaonova.com\/belohorizonte\/wp-json\/wp\/v2\/comments?post=3000"}],"version-history":[{"count":4,"href":"https:\/\/blog.cancaonova.com\/belohorizonte\/wp-json\/wp\/v2\/posts\/3000\/revisions"}],"predecessor-version":[{"id":3005,"href":"https:\/\/blog.cancaonova.com\/belohorizonte\/wp-json\/wp\/v2\/posts\/3000\/revisions\/3005"}],"wp:attachment":[{"href":"https:\/\/blog.cancaonova.com\/belohorizonte\/wp-json\/wp\/v2\/media?parent=3000"}],"wp:term":[{"taxonomy":"category","embeddable":true,"href":"https:\/\/blog.cancaonova.com\/belohorizonte\/wp-json\/wp\/v2\/categories?post=3000"},{"taxonomy":"post_tag","embeddable":true,"href":"https:\/\/blog.cancaonova.com\/belohorizonte\/wp-json\/wp\/v2\/tags?post=3000"}],"curies":[{"name":"wp","href":"https:\/\/api.w.org\/{rel}","templated":true}]}}