{"id":3333,"date":"2011-05-01T07:49:21","date_gmt":"2011-05-01T10:49:21","guid":{"rendered":"http:\/\/blog.cancaonova.com\/bh\/?p=3333"},"modified":"2013-09-04T11:33:41","modified_gmt":"2013-09-04T14:33:41","slug":"beato-joao-paulo-ii-010511","status":"publish","type":"post","link":"https:\/\/blog.cancaonova.com\/belohorizonte\/beato-joao-paulo-ii-010511\/","title":{"rendered":"Beato Jo\u00e3o Paulo II - 01\/05\/11"},"content":{"rendered":"<div class=\"pf-content\"><p style=\"text-align: center\"><strong>Homenagem ao Beato Jo\u00e3o Paulo II<\/strong><\/p>\n<p>Uma homenagem da Can\u00e7\u00e3o Nova Minas ao novo beato da Igreja Cat\u00f3lica, nosso amado Karol Wojtyla, mais conhecido como Jo\u00e3o Paulo II, o papa das na\u00e7\u00f5es.<\/p>\n<p><object classid=\"d27cdb6e-ae6d-11cf-96b8-444553540000\" width=\"425\" height=\"344\"><param name=\"allowFullScreen\" value=\"true\" \/><param name=\"allowscriptaccess\" value=\"always\" \/><param name=\"src\" value=\"http:\/\/www.youtube.com\/v\/vAJMvCaW-fU?hl=pt&amp;fs=1\" \/><param name=\"allowfullscreen\" value=\"true\" \/><embed type=\"application\/x-shockwave-flash\" width=\"425\" height=\"344\" src=\"http:\/\/www.youtube.com\/v\/vAJMvCaW-fU?hl=pt&amp;fs=1\" allowscriptaccess=\"always\" allowfullscreen=\"true\"><\/embed><\/object><\/p>\n<\/div>","protected":false},"excerpt":{"rendered":"<p>Homenagem ao Beato Jo\u00e3o Paulo II Uma homenagem da Can\u00e7\u00e3o Nova Minas ao novo beato da Igreja Cat\u00f3lica, nosso amado Karol Wojtyla, mais conhecido como Jo\u00e3o Paulo II, o papa das na\u00e7\u00f5es.<\/p>\n","protected":false},"author":1081,"featured_media":0,"comment_status":"open","ping_status":"open","sticky":false,"template":"","format":"standard","meta":{"_mi_skip_tracking":false,"_monsterinsights_sitenote_active":false,"_monsterinsights_sitenote_note":"","_monsterinsights_sitenote_category":0,"footnotes":""},"categories":[32],"tags":[],"_links":{"self":[{"href":"https:\/\/blog.cancaonova.com\/belohorizonte\/wp-json\/wp\/v2\/posts\/3333"}],"collection":[{"href":"https:\/\/blog.cancaonova.com\/belohorizonte\/wp-json\/wp\/v2\/posts"}],"about":[{"href":"https:\/\/blog.cancaonova.com\/belohorizonte\/wp-json\/wp\/v2\/types\/post"}],"author":[{"embeddable":true,"href":"https:\/\/blog.cancaonova.com\/belohorizonte\/wp-json\/wp\/v2\/users\/1081"}],"replies":[{"embeddable":true,"href":"https:\/\/blog.cancaonova.com\/belohorizonte\/wp-json\/wp\/v2\/comments?post=3333"}],"version-history":[{"count":7,"href":"https:\/\/blog.cancaonova.com\/belohorizonte\/wp-json\/wp\/v2\/posts\/3333\/revisions"}],"predecessor-version":[{"id":4658,"href":"https:\/\/blog.cancaonova.com\/belohorizonte\/wp-json\/wp\/v2\/posts\/3333\/revisions\/4658"}],"wp:attachment":[{"href":"https:\/\/blog.cancaonova.com\/belohorizonte\/wp-json\/wp\/v2\/media?parent=3333"}],"wp:term":[{"taxonomy":"category","embeddable":true,"href":"https:\/\/blog.cancaonova.com\/belohorizonte\/wp-json\/wp\/v2\/categories?post=3333"},{"taxonomy":"post_tag","embeddable":true,"href":"https:\/\/blog.cancaonova.com\/belohorizonte\/wp-json\/wp\/v2\/tags?post=3333"}],"curies":[{"name":"wp","href":"https:\/\/api.w.org\/{rel}","templated":true}]}}