{"id":3346,"date":"2011-05-06T20:42:48","date_gmt":"2011-05-06T23:42:48","guid":{"rendered":"http:\/\/blog.cancaonova.com\/bh\/?p=3346"},"modified":"2011-05-06T23:03:40","modified_gmt":"2011-05-07T02:03:40","slug":"dia-das-maes","status":"publish","type":"post","link":"https:\/\/blog.cancaonova.com\/belohorizonte\/dia-das-maes\/","title":{"rendered":"Programa Em Pauta - Dia das m\u00e3es, a mulheres na Igreja 06\/05\/11"},"content":{"rendered":"<div class=\"pf-content\"><p style=\"text-align: justify\">Reprise do programa Em Pauta; tema: A for\u00e7a das mulheres na Igreja e na Sociedade. A tematica abordada foi sobre a presen\u00e7a e for\u00e7a da mulher na Igreja cat\u00f3lica e nos poderes p\u00fablicos do nosso Brasil, foi ao ar no dia 06 de maio de 2011.<br \/>\nFoi convidado para o debate o professora, m\u00e3e e esposa Lara Say\u00e3o; forma\u00e7\u00e3o: Licenciatura em Filosofia, Mestrado em Filosofia da Educa\u00e7\u00e3o, professora e coordenadora do n\u00facleo de pesquisa e extens\u00e3o no centro de teologia e humanidades.<\/p>\n<p style=\"text-align: justify\">\n<p>1\u00aa parte<\/p>\n<p><object width=\"425\" height=\"349\"><param name=\"movie\" value=\"http:\/\/www.youtube.com\/v\/hw_7VMu1y88?fs=1&amp;hl=pt_BR&amp;rel=0\"><\/param><param name=\"allowFullScreen\" value=\"true\"><\/param><param name=\"allowscriptaccess\" value=\"always\"><\/param><embed src=\"http:\/\/www.youtube.com\/v\/hw_7VMu1y88?fs=1&amp;hl=pt_BR&amp;rel=0\" type=\"application\/x-shockwave-flash\" width=\"425\" height=\"349\" allowscriptaccess=\"always\" allowfullscreen=\"true\"><\/embed><\/object><\/p>\n<p>2\u00aa parte<\/p>\n<p><object width=\"425\" height=\"349\"><param name=\"movie\" value=\"http:\/\/www.youtube.com\/v\/AEx2GX8kVqc?fs=1&amp;hl=pt_BR&amp;rel=0\"><\/param><param name=\"allowFullScreen\" value=\"true\"><\/param><param name=\"allowscriptaccess\" value=\"always\"><\/param><embed src=\"http:\/\/www.youtube.com\/v\/AEx2GX8kVqc?fs=1&amp;hl=pt_BR&amp;rel=0\" type=\"application\/x-shockwave-flash\" width=\"425\" height=\"349\" allowscriptaccess=\"always\" allowfullscreen=\"true\"><\/embed><\/object><\/p>\n<p>3\u00aa parte e \u00faltima<\/p>\n<p><object width=\"425\" height=\"349\"><param name=\"movie\" value=\"http:\/\/www.youtube.com\/v\/uKY0S3y_Ocs?fs=1&amp;hl=pt_BR&amp;rel=0\"><\/param><param name=\"allowFullScreen\" value=\"true\"><\/param><param name=\"allowscriptaccess\" value=\"always\"><\/param><embed src=\"http:\/\/www.youtube.com\/v\/uKY0S3y_Ocs?fs=1&amp;hl=pt_BR&amp;rel=0\" type=\"application\/x-shockwave-flash\" width=\"425\" height=\"349\" allowscriptaccess=\"always\" allowfullscreen=\"true\"><\/embed><\/object><\/p>\n<\/div>","protected":false},"excerpt":{"rendered":"<p>Reprise do programa Em Pauta; tema: A for\u00e7a das mulheres na Igreja e na Sociedade. A tematica abordada foi sobre a presen\u00e7a e for\u00e7a da mulher na Igreja cat\u00f3lica e nos poderes p\u00fablicos do nosso Brasil, foi ao ar no&#8230;<\/p>\n","protected":false},"author":1081,"featured_media":0,"comment_status":"open","ping_status":"open","sticky":false,"template":"","format":"standard","meta":{"_mi_skip_tracking":false,"_monsterinsights_sitenote_active":false,"_monsterinsights_sitenote_note":"","_monsterinsights_sitenote_category":0,"footnotes":""},"categories":[681],"tags":[2251,5011,33537,31839,55143,146735,18454,146732,25034,53684,17014,55140,26819],"_links":{"self":[{"href":"https:\/\/blog.cancaonova.com\/belohorizonte\/wp-json\/wp\/v2\/posts\/3346"}],"collection":[{"href":"https:\/\/blog.cancaonova.com\/belohorizonte\/wp-json\/wp\/v2\/posts"}],"about":[{"href":"https:\/\/blog.cancaonova.com\/belohorizonte\/wp-json\/wp\/v2\/types\/post"}],"author":[{"embeddable":true,"href":"https:\/\/blog.cancaonova.com\/belohorizonte\/wp-json\/wp\/v2\/users\/1081"}],"replies":[{"embeddable":true,"href":"https:\/\/blog.cancaonova.com\/belohorizonte\/wp-json\/wp\/v2\/comments?post=3346"}],"version-history":[{"count":7,"href":"https:\/\/blog.cancaonova.com\/belohorizonte\/wp-json\/wp\/v2\/posts\/3346\/revisions"}],"predecessor-version":[{"id":3352,"href":"https:\/\/blog.cancaonova.com\/belohorizonte\/wp-json\/wp\/v2\/posts\/3346\/revisions\/3352"}],"wp:attachment":[{"href":"https:\/\/blog.cancaonova.com\/belohorizonte\/wp-json\/wp\/v2\/media?parent=3346"}],"wp:term":[{"taxonomy":"category","embeddable":true,"href":"https:\/\/blog.cancaonova.com\/belohorizonte\/wp-json\/wp\/v2\/categories?post=3346"},{"taxonomy":"post_tag","embeddable":true,"href":"https:\/\/blog.cancaonova.com\/belohorizonte\/wp-json\/wp\/v2\/tags?post=3346"}],"curies":[{"name":"wp","href":"https:\/\/api.w.org\/{rel}","templated":true}]}}