{"id":4335,"date":"2012-06-11T09:28:40","date_gmt":"2012-06-11T12:28:40","guid":{"rendered":"http:\/\/blog.cancaonova.com\/bh\/?p=4335"},"modified":"2012-09-27T21:50:01","modified_gmt":"2012-09-28T00:50:01","slug":"encontro-curados-para-amar-com-eudes-duarte","status":"publish","type":"post","link":"https:\/\/blog.cancaonova.com\/belohorizonte\/encontro-curados-para-amar-com-eudes-duarte\/","title":{"rendered":"Encontro Cura de Interior \u2013 Eudes Duarte"},"content":{"rendered":"<div class=\"pf-content\"><p><a href=\"http:\/\/blog.cancaonova.com\/bh\/files\/2012\/06\/15.06-Eudes-Duarte1.jpg\"><img loading=\"lazy\" decoding=\"async\" class=\"size-medium wp-image-4337 alignleft\" style=\"margin: 5px;border: 2px solid black\" src=\"http:\/\/blog.cancaonova.com\/bh\/files\/2012\/06\/15.06-Eudes-Duarte1-400x300.jpg\" alt=\"\" width=\"400\" height=\"300\" srcset=\"https:\/\/blog.cancaonova.com\/belohorizonte\/files\/2012\/06\/15.06-Eudes-Duarte1-400x300.jpg 400w, https:\/\/blog.cancaonova.com\/belohorizonte\/files\/2012\/06\/15.06-Eudes-Duarte1.jpg 960w\" sizes=\"(max-width: 400px) 100vw, 400px\" \/><\/a><strong>Encontro de Cura Interiro na Can\u00e7\u00e3o Nova<\/strong><\/p>\n<p>\u00c9 com muita alegria que convidamos voc\u00ea, para participar aqui na Can\u00e7\u00e3o Nova Minas, do Encontro de Cura Interior nos dias 15 apartir das 19:30 e dia 16 de Junho. Com o Tema: Curados para Amar.<\/p>\n<p>Com o Eudes Duarte &#8211; Forma\u00e7\u00e3o Cat\u00f3lica (Moral e Doutrinal), participante da RCC de Ara\u00e7uai- MG.<\/p>\n<p>Permita ser alcan\u00e7ado(a) por Deus. Afinal Ele nos cura atrav\u00e9s do amor para que possamos ser fonte de cura na vida dos outros. O amor \u00e9 a fonte de cura.<\/p>\n<\/div>","protected":false},"excerpt":{"rendered":"<p>Encontro de Cura Interiro na Can\u00e7\u00e3o Nova \u00c9 com muita alegria que convidamos voc\u00ea, para participar aqui na Can\u00e7\u00e3o Nova Minas, do Encontro de Cura Interior nos dias 15 apartir das 19:30 e dia 16 de Junho. Com o Tema:&#8230;<\/p>\n","protected":false},"author":1081,"featured_media":0,"comment_status":"open","ping_status":"open","sticky":false,"template":"","format":"standard","meta":{"_mi_skip_tracking":false,"_monsterinsights_sitenote_active":false,"_monsterinsights_sitenote_note":"","_monsterinsights_sitenote_category":0,"footnotes":""},"categories":[19],"tags":[38,5011,2561,15975,117876,139669],"_links":{"self":[{"href":"https:\/\/blog.cancaonova.com\/belohorizonte\/wp-json\/wp\/v2\/posts\/4335"}],"collection":[{"href":"https:\/\/blog.cancaonova.com\/belohorizonte\/wp-json\/wp\/v2\/posts"}],"about":[{"href":"https:\/\/blog.cancaonova.com\/belohorizonte\/wp-json\/wp\/v2\/types\/post"}],"author":[{"embeddable":true,"href":"https:\/\/blog.cancaonova.com\/belohorizonte\/wp-json\/wp\/v2\/users\/1081"}],"replies":[{"embeddable":true,"href":"https:\/\/blog.cancaonova.com\/belohorizonte\/wp-json\/wp\/v2\/comments?post=4335"}],"version-history":[{"count":3,"href":"https:\/\/blog.cancaonova.com\/belohorizonte\/wp-json\/wp\/v2\/posts\/4335\/revisions"}],"predecessor-version":[{"id":4569,"href":"https:\/\/blog.cancaonova.com\/belohorizonte\/wp-json\/wp\/v2\/posts\/4335\/revisions\/4569"}],"wp:attachment":[{"href":"https:\/\/blog.cancaonova.com\/belohorizonte\/wp-json\/wp\/v2\/media?parent=4335"}],"wp:term":[{"taxonomy":"category","embeddable":true,"href":"https:\/\/blog.cancaonova.com\/belohorizonte\/wp-json\/wp\/v2\/categories?post=4335"},{"taxonomy":"post_tag","embeddable":true,"href":"https:\/\/blog.cancaonova.com\/belohorizonte\/wp-json\/wp\/v2\/tags?post=4335"}],"curies":[{"name":"wp","href":"https:\/\/api.w.org\/{rel}","templated":true}]}}