{"id":5181,"date":"2013-04-30T16:25:31","date_gmt":"2013-04-30T19:25:31","guid":{"rendered":"http:\/\/blog.cancaonova.com\/bh\/?p=5181"},"modified":"2015-03-12T11:00:26","modified_gmt":"2015-03-12T14:00:26","slug":"encontro-para-jovens","status":"publish","type":"post","link":"https:\/\/blog.cancaonova.com\/belohorizonte\/encontro-para-jovens\/","title":{"rendered":"Encontro para jovens"},"content":{"rendered":"<div class=\"pf-content\"><p style=\"text-align: center\"><a href=\"http:\/\/blog.cancaonova.com\/bh\/files\/2013\/04\/DSC04359.jpg\"><img loading=\"lazy\" decoding=\"async\" class=\"alignleft size-thumbnail wp-image-5182\" src=\"http:\/\/blog.cancaonova.com\/bh\/files\/2013\/04\/DSC04359-400x266.jpg\" alt=\"Dia de kair\u00f3s na Can\u00e7\u00e3o Nova\" width=\"400\" height=\"266\" srcset=\"https:\/\/blog.cancaonova.com\/belohorizonte\/files\/2013\/04\/DSC04359-400x266.jpg 400w, https:\/\/blog.cancaonova.com\/belohorizonte\/files\/2013\/04\/DSC04359.jpg 403w\" sizes=\"(max-width: 400px) 100vw, 400px\" \/><\/a><strong>Kair\u00f3s em Prepara\u00e7\u00e3o para Semana Mission\u00e1ria<\/strong><\/p>\n<p style=\"text-align: justify\">Temos um convite muito especial pra voc\u00ea jovem, pai, m\u00e3e, catequista, homem, mulher&#8230; Aqui na Can\u00e7\u00e3o Nova Minas, dia 26 de maio, teremos o Kair\u00f3s &#8220;Quero um Amor Maior&#8221; em prepara\u00e7\u00e3o para <a href=\"http:\/\/www.semanamissionariabh.org.br\/\">Semana Mission\u00e1ria aqui de BH<\/a>, com o <a href=\"http:\/\/www.facebook.com\/adrianogoncalvescn\">Adriano Gon\u00e7alves<\/a>. (Mission\u00e1rio da Comunidade Can\u00e7\u00e3o Nova, apresentador do Programa: <a href=\"http:\/\/blog.cancaonova.com\/revolucaojesus\/\">Revolu\u00e7\u00e3o Jesus<\/a>, autor dos livros: Santos de cal\u00e7as jenas, Nasci pra dar certo e Quero um amor Maior).<\/p>\n<p style=\"text-align: justify\">Ser\u00e1 o dia inteiro de muito louvor, alegria, ora\u00e7\u00e3o, adora\u00e7\u00e3o, prega\u00e7\u00e3o, encerrando com a Celebra\u00e7\u00e3o da Santa Missa. Vamos descobrir quem \u00e9 o Amor Maior, e alimentar o desejo que trazemos no cora\u00e7\u00e3o de felicidade. Uma proposta nova e atual que nos far\u00e1 experimentar o verdadeiro amor; apartir desta experi\u00eancia seremos impulsionados a ser canal de gra\u00e7a para outros, tornando-nos Disc\u00edpulos Mission\u00e1rios. (<a href=\"http:\/\/www.rio2013.com\/pt\/\/\">JMJ Rio<\/a> <a href=\"http:\/\/www.rio2013.com\/pt\/\/\">2013<\/a>)<\/p>\n<p style=\"text-align: justify\">Este encontro acontecer\u00e1 na Casa de Miss\u00e3o da Can\u00e7\u00e3o Nova. Segue nosso endere\u00e7o: AV. Isabel Bueno, 400 &#8211; Jaragu\u00e1. Inf: (31) 3306-6690<\/p>\n<p style=\"text-align: justify\">Venha e convide seus amigos e familiares. Esperamos por voc\u00ea!!!<\/p>\n<p style=\"text-align: justify\">Conhe\u00e7a os livros do Adriano Gon\u00e7alves e outros produtos de Evangeliza\u00e7\u00e3o na <a href=\"http:\/\/blog.cancaonova.com\/bh\/nossas-atividades\/livraria\/\">Loja da Can\u00e7\u00e3o Nova aqui em BH<\/a>.<\/p>\n<p style=\"text-align: justify\">Para conferir o cartaz <!--more click aqui--><\/p>\n<p style=\"text-align: justify\"><a href=\"http:\/\/blog.cancaonova.com\/bh\/files\/2013\/04\/Kairos-Adriano-H-C\u00f3pia1.jpg\"><img loading=\"lazy\" decoding=\"async\" class=\"aligncenter size-large wp-image-5186\" src=\"http:\/\/blog.cancaonova.com\/bh\/files\/2013\/04\/Kairos-Adriano-H-C\u00f3pia1-1024x500.jpg\" alt=\"Encontro Adriano Gon\u00e7alves Rumo a Semana Mission\u00e1ria JMJ 2013 na CN\" width=\"630\" height=\"307\" srcset=\"https:\/\/blog.cancaonova.com\/belohorizonte\/files\/2013\/04\/Kairos-Adriano-H-C\u00f3pia1-1024x500.jpg 1024w, https:\/\/blog.cancaonova.com\/belohorizonte\/files\/2013\/04\/Kairos-Adriano-H-C\u00f3pia1-400x195.jpg 400w\" sizes=\"(max-width: 630px) 100vw, 630px\" \/><\/a><\/p>\n<\/div>","protected":false},"excerpt":{"rendered":"<p>Kair\u00f3s em Prepara\u00e7\u00e3o para Semana Mission\u00e1ria Temos um convite muito especial pra voc\u00ea jovem, pai, m\u00e3e, catequista, homem, mulher&#8230; Aqui na Can\u00e7\u00e3o Nova Minas, dia 26 de maio, teremos o Kair\u00f3s &#8220;Quero um Amor Maior&#8221; em prepara\u00e7\u00e3o para Semana Mission\u00e1ria&#8230;<\/p>\n","protected":false},"author":4620,"featured_media":0,"comment_status":"open","ping_status":"open","sticky":false,"template":"","format":"standard","meta":{"_mi_skip_tracking":false,"_monsterinsights_sitenote_active":false,"_monsterinsights_sitenote_note":"","_monsterinsights_sitenote_category":0,"footnotes":""},"categories":[19],"tags":[],"_links":{"self":[{"href":"https:\/\/blog.cancaonova.com\/belohorizonte\/wp-json\/wp\/v2\/posts\/5181"}],"collection":[{"href":"https:\/\/blog.cancaonova.com\/belohorizonte\/wp-json\/wp\/v2\/posts"}],"about":[{"href":"https:\/\/blog.cancaonova.com\/belohorizonte\/wp-json\/wp\/v2\/types\/post"}],"author":[{"embeddable":true,"href":"https:\/\/blog.cancaonova.com\/belohorizonte\/wp-json\/wp\/v2\/users\/4620"}],"replies":[{"embeddable":true,"href":"https:\/\/blog.cancaonova.com\/belohorizonte\/wp-json\/wp\/v2\/comments?post=5181"}],"version-history":[{"count":3,"href":"https:\/\/blog.cancaonova.com\/belohorizonte\/wp-json\/wp\/v2\/posts\/5181\/revisions"}],"predecessor-version":[{"id":6522,"href":"https:\/\/blog.cancaonova.com\/belohorizonte\/wp-json\/wp\/v2\/posts\/5181\/revisions\/6522"}],"wp:attachment":[{"href":"https:\/\/blog.cancaonova.com\/belohorizonte\/wp-json\/wp\/v2\/media?parent=5181"}],"wp:term":[{"taxonomy":"category","embeddable":true,"href":"https:\/\/blog.cancaonova.com\/belohorizonte\/wp-json\/wp\/v2\/categories?post=5181"},{"taxonomy":"post_tag","embeddable":true,"href":"https:\/\/blog.cancaonova.com\/belohorizonte\/wp-json\/wp\/v2\/tags?post=5181"}],"curies":[{"name":"wp","href":"https:\/\/api.w.org\/{rel}","templated":true}]}}