{"id":5240,"date":"2013-05-20T12:20:16","date_gmt":"2013-05-20T15:20:16","guid":{"rendered":"http:\/\/blog.cancaonova.com\/bh\/?p=5240"},"modified":"2013-05-20T13:33:11","modified_gmt":"2013-05-20T16:33:11","slug":"aprofundamento-mariano","status":"publish","type":"post","link":"https:\/\/blog.cancaonova.com\/belohorizonte\/aprofundamento-mariano\/","title":{"rendered":"Aprofundamento Mariano"},"content":{"rendered":"<div class=\"pf-content\"><p><object classid=\"d27cdb6e-ae6d-11cf-96b8-444553540000\" width=\"420\" height=\"315\"><param name=\"allowFullScreen\" value=\"true\" \/><param name=\"allowscriptaccess\" value=\"always\" \/><param name=\"src\" value=\"http:\/\/www.youtube.com\/v\/W84K2XbApTc?hl=pt_BR&amp;version=3&amp;rel=0\" \/><param name=\"allowfullscreen\" value=\"true\" \/><embed type=\"application\/x-shockwave-flash\" width=\"420\" height=\"315\" src=\"http:\/\/www.youtube.com\/v\/W84K2XbApTc?hl=pt_BR&amp;version=3&amp;rel=0\" allowscriptaccess=\"always\" allowfullscreen=\"true\"><\/embed><\/object><\/p>\n<p style=\"text-align: center\"><strong>Quem ama Maria deve Imit\u00e1-la<\/strong><\/p>\n<p style=\"text-align: justify\">Durante este m\u00eas de Maio, preparamos o Aprofundamento Mariano &#8220;Quem ama Maria deve imit\u00e1-la!!!! Para voc\u00ea conhecer ainda mais quem \u00e9 a Virgem Maria, porque am\u00e1-la, e se apaixonar ainda mais por Ela que \u00e9 a M\u00e3e de Jesus; ela que foi fiel ao plano de amor do Pai, e nos adota como filhos seus.<\/p>\n<p style=\"text-align: justify\">Venha fazer esta linda experi\u00eancia de amor com a Virgem Maria e saiba como Am\u00e1-la e porque imit\u00e1-la&#8230;<\/p>\n<p style=\"text-align: justify\">Ser\u00e1 todas as ter\u00e7as-feiras durante este m\u00eas de Maio aqui na Can\u00e7\u00e3o Nova Minas (AV. Isabel Bueno, 400- Jaragu\u00e1). Quem est\u00e1 dando este Aprofundamento \u00e9 o <a href=\"http:\/\/www.facebook.com\/jefferson.maria.7?fref=ts\">Jefferson Maria<\/a> (Fundador da <a href=\"http:\/\/missaomaterrosarium.blogspot.com.br\/2011\/04\/carisma.html\">Comunidade de Alian\u00e7a Escravos de Maria<\/a>). Voc\u00ea pode fazer a sua inscri\u00e7\u00e3o no local.<\/p>\n<p style=\"text-align: justify\">Deus te aben\u00e7oe, esperamos por voc\u00ea!!!<\/p>\n<p style=\"text-align: justify\">\n<p style=\"text-align: justify\">Conhe\u00e7a outros eventos que teremos na Can\u00e7\u00e3o Nova Minas, clicando <a href=\"http:\/\/blog.cancaonova.com\/bh\/agenda-de-eventos\/\">AQUI<\/a>..<\/p>\n<\/div>","protected":false},"excerpt":{"rendered":"<p>Quem ama Maria deve Imit\u00e1-la Durante este m\u00eas de Maio, preparamos o Aprofundamento Mariano &#8220;Quem ama Maria deve imit\u00e1-la!!!! Para voc\u00ea conhecer ainda mais quem \u00e9 a Virgem Maria, porque am\u00e1-la, e se apaixonar ainda mais por Ela que \u00e9&#8230;<\/p>\n","protected":false},"author":4620,"featured_media":0,"comment_status":"open","ping_status":"open","sticky":false,"template":"","format":"standard","meta":{"_mi_skip_tracking":false,"_monsterinsights_sitenote_active":false,"_monsterinsights_sitenote_note":"","_monsterinsights_sitenote_category":0,"footnotes":""},"categories":[19],"tags":[],"_links":{"self":[{"href":"https:\/\/blog.cancaonova.com\/belohorizonte\/wp-json\/wp\/v2\/posts\/5240"}],"collection":[{"href":"https:\/\/blog.cancaonova.com\/belohorizonte\/wp-json\/wp\/v2\/posts"}],"about":[{"href":"https:\/\/blog.cancaonova.com\/belohorizonte\/wp-json\/wp\/v2\/types\/post"}],"author":[{"embeddable":true,"href":"https:\/\/blog.cancaonova.com\/belohorizonte\/wp-json\/wp\/v2\/users\/4620"}],"replies":[{"embeddable":true,"href":"https:\/\/blog.cancaonova.com\/belohorizonte\/wp-json\/wp\/v2\/comments?post=5240"}],"version-history":[{"count":3,"href":"https:\/\/blog.cancaonova.com\/belohorizonte\/wp-json\/wp\/v2\/posts\/5240\/revisions"}],"predecessor-version":[{"id":5242,"href":"https:\/\/blog.cancaonova.com\/belohorizonte\/wp-json\/wp\/v2\/posts\/5240\/revisions\/5242"}],"wp:attachment":[{"href":"https:\/\/blog.cancaonova.com\/belohorizonte\/wp-json\/wp\/v2\/media?parent=5240"}],"wp:term":[{"taxonomy":"category","embeddable":true,"href":"https:\/\/blog.cancaonova.com\/belohorizonte\/wp-json\/wp\/v2\/categories?post=5240"},{"taxonomy":"post_tag","embeddable":true,"href":"https:\/\/blog.cancaonova.com\/belohorizonte\/wp-json\/wp\/v2\/tags?post=5240"}],"curies":[{"name":"wp","href":"https:\/\/api.w.org\/{rel}","templated":true}]}}