{"id":5269,"date":"2013-06-03T09:59:08","date_gmt":"2013-06-03T12:59:08","guid":{"rendered":"http:\/\/blog.cancaonova.com\/bh\/?p=5269"},"modified":"2013-06-03T10:04:06","modified_gmt":"2013-06-03T13:04:06","slug":"5-anos-da-cancao-nova-minas","status":"publish","type":"post","link":"https:\/\/blog.cancaonova.com\/belohorizonte\/5-anos-da-cancao-nova-minas\/","title":{"rendered":"5 Anos da Can\u00e7\u00e3o Nova Minas"},"content":{"rendered":"<div class=\"pf-content\"><p><a href=\"http:\/\/blog.cancaonova.com\/bh\/files\/2013\/06\/Cartaz-Aniversario-Missao-C\u00f3pia.jpg\"><img loading=\"lazy\" decoding=\"async\" class=\"alignleft size-medium wp-image-5292\" src=\"http:\/\/blog.cancaonova.com\/bh\/files\/2013\/06\/Cartaz-Aniversario-Missao-C\u00f3pia-400x203.jpg\" alt=\"5 anos da can\u00e7\u00e3o nova minas\" width=\"400\" height=\"203\" srcset=\"https:\/\/blog.cancaonova.com\/belohorizonte\/files\/2013\/06\/Cartaz-Aniversario-Missao-C\u00f3pia-400x203.jpg 400w, https:\/\/blog.cancaonova.com\/belohorizonte\/files\/2013\/06\/Cartaz-Aniversario-Missao-C\u00f3pia-1024x521.jpg 1024w, https:\/\/blog.cancaonova.com\/belohorizonte\/files\/2013\/06\/Cartaz-Aniversario-Missao-C\u00f3pia.jpg 1927w\" sizes=\"(max-width: 400px) 100vw, 400px\" \/><\/a>\u00c9 com grande alegria que durante este m\u00eas de Junho, estamos festejando 5 anos da Can\u00e7\u00e3o Nova, nesta Terra Mineira.<\/p>\n<p>S\u00f3 podemos louvar a Deus por tantas vit\u00f3rias, gra\u00e7as derramadas sobre n\u00f3s, fam\u00edlias restauradas, filhos que se encontraram com Deus, celebramos tamb\u00e9m nossas quedas, e o que ainda n\u00e3o conseguimos alcan\u00e7ar&#8230; Por tudo isso: Louvado Seja Deus!!!!!!<\/p>\n<p>E para festejar, preparamos durante todo m\u00eas uma programa\u00e7\u00e3o especial; queremos convidar voc\u00ea que \u00e9 Fam\u00edlia Can\u00e7\u00e3o Nova, que j\u00e1 construiu la\u00e7os conosco, e voc\u00ea que talvez ainda n\u00e3o nos conhece, mas que faz parte deste povo Mineiro. Dias 08 e 09 venha celebrar conosco. Queremos oferecer pra voc\u00ea o melhor; isso mesmo: D\u00e1 Deus pra voc\u00ea. Proporcionar um encontro com o Amor, com o Senhor. Presen\u00e7as: Pe Hamilton, Di\u00e1c. Nelsinho Correa, Rinaldo e Samuel, Eros Biondini e voc\u00ea que n\u00e3o pode ficar de fora desta.<\/p>\n<p>Confira a programa\u00e7\u00e3o:<\/p>\n<p>08\/06 &#8211; S\u00e1bado \/ 19h &#8211; Noite Oracional com a Ben\u00e7\u00e3o do Sant\u00edssimo Sacramento. (250 vagas\/Antecipado R$15,00\/Portaria R$20,00). Convites dispon\u00edveis nas Lojas Can\u00e7\u00e3o Nova &#8211; AV. Izabel Bueno, 400 &#8211; Jaragu\u00e1 ou AV. Amazonas, 121 &#8211; Centro.<\/p>\n<p>09\/06 &#8211; Domingo \/ Kair\u00f3s das 9h \u00e0s 17h30<\/p>\n<p>Queremos celebrar junto com voc\u00ea. Afinal voc\u00ea faz parte desta hist\u00f3ria&#8230;<\/p>\n<p>Inf: (31)3306-6690<\/p>\n<\/div>","protected":false},"excerpt":{"rendered":"<p>\u00c9 com grande alegria que durante este m\u00eas de Junho, estamos festejando 5 anos da Can\u00e7\u00e3o Nova, nesta Terra Mineira. S\u00f3 podemos louvar a Deus por tantas vit\u00f3rias, gra\u00e7as derramadas sobre n\u00f3s, fam\u00edlias restauradas, filhos que se encontraram com Deus,&#8230;<\/p>\n","protected":false},"author":4620,"featured_media":0,"comment_status":"open","ping_status":"open","sticky":false,"template":"","format":"standard","meta":{"_mi_skip_tracking":false,"_monsterinsights_sitenote_active":false,"_monsterinsights_sitenote_note":"","_monsterinsights_sitenote_category":0,"footnotes":""},"categories":[19],"tags":[],"_links":{"self":[{"href":"https:\/\/blog.cancaonova.com\/belohorizonte\/wp-json\/wp\/v2\/posts\/5269"}],"collection":[{"href":"https:\/\/blog.cancaonova.com\/belohorizonte\/wp-json\/wp\/v2\/posts"}],"about":[{"href":"https:\/\/blog.cancaonova.com\/belohorizonte\/wp-json\/wp\/v2\/types\/post"}],"author":[{"embeddable":true,"href":"https:\/\/blog.cancaonova.com\/belohorizonte\/wp-json\/wp\/v2\/users\/4620"}],"replies":[{"embeddable":true,"href":"https:\/\/blog.cancaonova.com\/belohorizonte\/wp-json\/wp\/v2\/comments?post=5269"}],"version-history":[{"count":4,"href":"https:\/\/blog.cancaonova.com\/belohorizonte\/wp-json\/wp\/v2\/posts\/5269\/revisions"}],"predecessor-version":[{"id":5294,"href":"https:\/\/blog.cancaonova.com\/belohorizonte\/wp-json\/wp\/v2\/posts\/5269\/revisions\/5294"}],"wp:attachment":[{"href":"https:\/\/blog.cancaonova.com\/belohorizonte\/wp-json\/wp\/v2\/media?parent=5269"}],"wp:term":[{"taxonomy":"category","embeddable":true,"href":"https:\/\/blog.cancaonova.com\/belohorizonte\/wp-json\/wp\/v2\/categories?post=5269"},{"taxonomy":"post_tag","embeddable":true,"href":"https:\/\/blog.cancaonova.com\/belohorizonte\/wp-json\/wp\/v2\/tags?post=5269"}],"curies":[{"name":"wp","href":"https:\/\/api.w.org\/{rel}","templated":true}]}}