{"id":5309,"date":"2013-06-17T17:01:15","date_gmt":"2013-06-17T20:01:15","guid":{"rendered":"http:\/\/blog.cancaonova.com\/bh\/?p=5309"},"modified":"2013-06-17T17:01:15","modified_gmt":"2013-06-17T20:01:15","slug":"5-anos-cancao-nova-minas","status":"publish","type":"post","link":"https:\/\/blog.cancaonova.com\/belohorizonte\/5-anos-cancao-nova-minas\/","title":{"rendered":"5 Anos Can\u00e7\u00e3o Nova Minas"},"content":{"rendered":"<div class=\"pf-content\"><p style=\"text-align: center\"><a href=\"http:\/\/blog.cancaonova.com\/bh\/files\/2013\/06\/Cartaz-missa-blog.jpg\"><img loading=\"lazy\" decoding=\"async\" class=\"alignleft size-medium wp-image-5310\" src=\"http:\/\/blog.cancaonova.com\/bh\/files\/2013\/06\/Cartaz-missa-blog-400x565.jpg\" alt=\"Missa na Pa\u00f3q. Sto Antonio Pampulha 5 anos CN Minas\" width=\"400\" height=\"565\" srcset=\"https:\/\/blog.cancaonova.com\/belohorizonte\/files\/2013\/06\/Cartaz-missa-blog-400x565.jpg 400w, https:\/\/blog.cancaonova.com\/belohorizonte\/files\/2013\/06\/Cartaz-missa-blog-724x1024.jpg 724w, https:\/\/blog.cancaonova.com\/belohorizonte\/files\/2013\/06\/Cartaz-missa-blog.jpg 744w\" sizes=\"(max-width: 400px) 100vw, 400px\" \/><\/a><strong>5 Anos Can\u00e7\u00e3o Nova Minas<\/strong><\/p>\n<p>As comemora\u00e7\u00f5es dos 5 anos da Can\u00e7\u00e3o Nova Minas continuam. E convidamos voc\u00ea que faz parte desta hist\u00f3ria, pra celebrar conosco.<\/p>\n<p>Santa Missa em a\u00e7\u00e3o de gra\u00e7as pelos 5 anos da Can\u00e7\u00e3o Nova Minas, presidida por Dom Walmor, pr\u00f3xima quinta-feira, 20\/06 \u00e0s 19h30 na Par\u00f3quia Santo Ant\u00f4nio (Pra\u00e7a Sto Ant\u00f4nio, S\/N &#8211; Jaragu\u00e1). Esperamos por voc\u00ea&#8230;<\/p>\n<p>SER CAN\u00c7\u00c3O NOVA MINAS \u00c9 BOM DE MAIS!!!!!<\/p>\n<\/div>","protected":false},"excerpt":{"rendered":"<p>5 Anos Can\u00e7\u00e3o Nova Minas As comemora\u00e7\u00f5es dos 5 anos da Can\u00e7\u00e3o Nova Minas continuam. E convidamos voc\u00ea que faz parte desta hist\u00f3ria, pra celebrar conosco. Santa Missa em a\u00e7\u00e3o de gra\u00e7as pelos 5 anos da Can\u00e7\u00e3o Nova Minas, presidida&#8230;<\/p>\n","protected":false},"author":4620,"featured_media":0,"comment_status":"open","ping_status":"open","sticky":false,"template":"","format":"standard","meta":{"_mi_skip_tracking":false,"_monsterinsights_sitenote_active":false,"_monsterinsights_sitenote_note":"","_monsterinsights_sitenote_category":0,"footnotes":""},"categories":[19],"tags":[],"_links":{"self":[{"href":"https:\/\/blog.cancaonova.com\/belohorizonte\/wp-json\/wp\/v2\/posts\/5309"}],"collection":[{"href":"https:\/\/blog.cancaonova.com\/belohorizonte\/wp-json\/wp\/v2\/posts"}],"about":[{"href":"https:\/\/blog.cancaonova.com\/belohorizonte\/wp-json\/wp\/v2\/types\/post"}],"author":[{"embeddable":true,"href":"https:\/\/blog.cancaonova.com\/belohorizonte\/wp-json\/wp\/v2\/users\/4620"}],"replies":[{"embeddable":true,"href":"https:\/\/blog.cancaonova.com\/belohorizonte\/wp-json\/wp\/v2\/comments?post=5309"}],"version-history":[{"count":2,"href":"https:\/\/blog.cancaonova.com\/belohorizonte\/wp-json\/wp\/v2\/posts\/5309\/revisions"}],"predecessor-version":[{"id":5312,"href":"https:\/\/blog.cancaonova.com\/belohorizonte\/wp-json\/wp\/v2\/posts\/5309\/revisions\/5312"}],"wp:attachment":[{"href":"https:\/\/blog.cancaonova.com\/belohorizonte\/wp-json\/wp\/v2\/media?parent=5309"}],"wp:term":[{"taxonomy":"category","embeddable":true,"href":"https:\/\/blog.cancaonova.com\/belohorizonte\/wp-json\/wp\/v2\/categories?post=5309"},{"taxonomy":"post_tag","embeddable":true,"href":"https:\/\/blog.cancaonova.com\/belohorizonte\/wp-json\/wp\/v2\/tags?post=5309"}],"curies":[{"name":"wp","href":"https:\/\/api.w.org\/{rel}","templated":true}]}}