{"id":5357,"date":"2013-07-09T11:30:24","date_gmt":"2013-07-09T14:30:24","guid":{"rendered":"http:\/\/blog.cancaonova.com\/bh\/?p=5357"},"modified":"2013-07-10T14:44:09","modified_gmt":"2013-07-10T17:44:09","slug":"clamando-por-milagres","status":"publish","type":"post","link":"https:\/\/blog.cancaonova.com\/belohorizonte\/clamando-por-milagres\/","title":{"rendered":"Clamando por Milagres"},"content":{"rendered":"<div class=\"pf-content\"><p style=\"text-align: center\"><strong>Encontro Clamando por Milagres na Can\u00e7\u00e3o Nova Minas<\/strong><\/p>\n<p style=\"text-align: justify\"><a href=\"http:\/\/blog.cancaonova.com\/bh\/files\/2013\/07\/orandojpg122612093912pm.jpg\"><img loading=\"lazy\" decoding=\"async\" class=\"alignleft size-medium wp-image-5358\" src=\"http:\/\/blog.cancaonova.com\/bh\/files\/2013\/07\/orandojpg122612093912pm-400x266.jpg\" alt=\"clamando com os bra\u00e7os abertos\" width=\"400\" height=\"266\" srcset=\"https:\/\/blog.cancaonova.com\/belohorizonte\/files\/2013\/07\/orandojpg122612093912pm-400x266.jpg 400w, https:\/\/blog.cancaonova.com\/belohorizonte\/files\/2013\/07\/orandojpg122612093912pm.jpg 600w\" sizes=\"(max-width: 400px) 100vw, 400px\" \/><\/a>Nos dias 24 e 25 de agosto a <a href=\"http:\/\/blog.cancaonova.com\/bh\/\">Comunidade Can\u00e7\u00e3o Nova Minas<\/a> preparou pra voc\u00ea um evento: Clamando por Milagres.<\/p>\n<p style=\"text-align: justify\">Uma oportunidade para que juntos, clamemos ao Senhor por nossas necessidades, pelas causas imposs\u00edveis que trazemos conosco. Tem como objetivo, despertar em n\u00f3s a f\u00e9 num Deus que tudo pode, certos que Ele tem e sabe o que \u00e9 o melhor para cada um de n\u00f3s.<\/p>\n<p style=\"text-align: justify\">Ao longo dos dois dias de evento teremos muita atividade e espiritualidade pra voc\u00ea. Dia 24(s\u00e1bado) &#8211; Noite Clamando por Milagres\u00a0 a partir das 19h30 com muita m\u00fasica e ora\u00e7\u00e3o ministrada pelo Mission\u00e1rio M\u00e1rcio Todeschini. As vagas ser\u00e3o limitadas; por isso adquira o seu convite nas <a href=\"http:\/\/blog.cancaonova.com\/bh\/nossas-atividades\/livraria\/\">Lojas Can\u00e7\u00e3o Nova<\/a> (AV. Isabel Bueno, 400 &#8211; Jaragu\u00e1 ou AV. Amazonas,121 &#8211; Centro \/ Fone: (31)3491-2894 ou (31)3658-3586. Dia 25(domingo) &#8211; Kair\u00f3s das 9h \u00e0s 17h30 com louvor,\u00a0prega\u00e7\u00f5es, ora\u00e7\u00f5es, Adora\u00e7\u00e3o ao Sant\u00edssimo Sacramento e celebra\u00e7\u00e3o da Santa Missa; presen\u00e7as: Pe Hamilton Nascimento e Alexandre (membros da <a href=\"http:\/\/www.cancaonova.com\/\">Comunidade Can\u00e7\u00e3o Nova<\/a>).<\/p>\n<p style=\"text-align: justify\">Venha experimentar a a\u00e7\u00e3o e interven\u00e7\u00e3o de um Deus que tudo pode&#8230; Esperamos voc\u00ea de bra\u00e7os abertos.<\/p>\n<p style=\"text-align: justify\">Participe!!!!<\/p>\n<p style=\"text-align: justify\">Av. Isabel Bueno, 400 &#8211; Jaragu\u00e1 \/ Inf: (31)3306-6690<\/p>\n<p style=\"text-align: justify\">Confira o VT do Encontro Clamando por Milagres: <!--more AQUI...--><\/p>\n<p><object classid=\"d27cdb6e-ae6d-11cf-96b8-444553540000\" width=\"420\" height=\"315\"><param name=\"allowFullScreen\" value=\"true\" \/><param name=\"allowscriptaccess\" value=\"always\" \/><param name=\"src\" value=\"\/\/www.youtube.com\/v\/-NZKq-Vxy0w?hl=pt_BR&amp;version=3&amp;rel=0\" \/><param name=\"allowfullscreen\" value=\"true\" \/><embed type=\"application\/x-shockwave-flash\" width=\"420\" height=\"315\" src=\"\/\/www.youtube.com\/v\/-NZKq-Vxy0w?hl=pt_BR&amp;version=3&amp;rel=0\" allowscriptaccess=\"always\" allowfullscreen=\"true\"><\/embed><\/object><\/p>\n<\/div>","protected":false},"excerpt":{"rendered":"<p>Encontro Clamando por Milagres na Can\u00e7\u00e3o Nova Minas Nos dias 24 e 25 de agosto a Comunidade Can\u00e7\u00e3o Nova Minas preparou pra voc\u00ea um evento: Clamando por Milagres. Uma oportunidade para que juntos, clamemos ao Senhor por nossas necessidades, pelas&#8230;<\/p>\n","protected":false},"author":4620,"featured_media":0,"comment_status":"open","ping_status":"open","sticky":false,"template":"","format":"standard","meta":{"_mi_skip_tracking":false,"_monsterinsights_sitenote_active":false,"_monsterinsights_sitenote_note":"","_monsterinsights_sitenote_category":0,"footnotes":""},"categories":[19],"tags":[],"_links":{"self":[{"href":"https:\/\/blog.cancaonova.com\/belohorizonte\/wp-json\/wp\/v2\/posts\/5357"}],"collection":[{"href":"https:\/\/blog.cancaonova.com\/belohorizonte\/wp-json\/wp\/v2\/posts"}],"about":[{"href":"https:\/\/blog.cancaonova.com\/belohorizonte\/wp-json\/wp\/v2\/types\/post"}],"author":[{"embeddable":true,"href":"https:\/\/blog.cancaonova.com\/belohorizonte\/wp-json\/wp\/v2\/users\/4620"}],"replies":[{"embeddable":true,"href":"https:\/\/blog.cancaonova.com\/belohorizonte\/wp-json\/wp\/v2\/comments?post=5357"}],"version-history":[{"count":5,"href":"https:\/\/blog.cancaonova.com\/belohorizonte\/wp-json\/wp\/v2\/posts\/5357\/revisions"}],"predecessor-version":[{"id":5362,"href":"https:\/\/blog.cancaonova.com\/belohorizonte\/wp-json\/wp\/v2\/posts\/5357\/revisions\/5362"}],"wp:attachment":[{"href":"https:\/\/blog.cancaonova.com\/belohorizonte\/wp-json\/wp\/v2\/media?parent=5357"}],"wp:term":[{"taxonomy":"category","embeddable":true,"href":"https:\/\/blog.cancaonova.com\/belohorizonte\/wp-json\/wp\/v2\/categories?post=5357"},{"taxonomy":"post_tag","embeddable":true,"href":"https:\/\/blog.cancaonova.com\/belohorizonte\/wp-json\/wp\/v2\/tags?post=5357"}],"curies":[{"name":"wp","href":"https:\/\/api.w.org\/{rel}","templated":true}]}}