{"id":5473,"date":"2013-08-29T14:52:30","date_gmt":"2013-08-29T17:52:30","guid":{"rendered":"http:\/\/blog.cancaonova.com\/bh\/?p=5473"},"modified":"2013-08-29T14:57:02","modified_gmt":"2013-08-29T17:57:02","slug":"curados-para-amar-2","status":"publish","type":"post","link":"https:\/\/blog.cancaonova.com\/belohorizonte\/curados-para-amar-2\/","title":{"rendered":"Curados para Amar"},"content":{"rendered":"<div class=\"pf-content\"><p style=\"text-align: center\"><strong><a href=\"http:\/\/blog.cancaonova.com\/bh\/files\/2013\/08\/26ph.jpg\"><img loading=\"lazy\" decoding=\"async\" class=\"alignleft size-full wp-image-5474\" src=\"http:\/\/blog.cancaonova.com\/bh\/files\/2013\/08\/26ph.jpg\" alt=\"M\u00e3os abertas com um cora\u00e7\u00e3o\" width=\"400\" height=\"230\" \/><\/a>Encontro de Cura Interior &#8220;Curados para amar&#8221;<\/strong><\/p>\n<p>Nos dias 13 e 14 de Setembro, na Casa de Miss\u00e3o Can\u00e7\u00e3o Nova Minas &#8211; BH. Com o tema, Curados para amar; para voc\u00ea fazer esta experi\u00eancia atrav\u00e9s do amor de Deus, que nos proporciona a cura que todos n\u00f3s precisamos.<\/p>\n<p>Presen\u00e7as: Pe Hamilton Nascimento, Enilda Rocha e Dr. Augusto Nasser. Preparamos pra voc\u00ea momentos de adora\u00e7\u00e3o, prega\u00e7\u00e3o, louvor e muita ora\u00e7\u00e3o, encerrando com a Santa Missa.<\/p>\n<p>Voc\u00ea \u00e9 nosso convidado especial, vamos juntos fazer esta experi\u00eancia de Deus aqui na Can\u00e7\u00e3o Nova Minas.<\/p>\n<p>Vai ser Bom D+!!!<\/p>\n<p>Confira o VT abaixo&#8230;<object classid=\"d27cdb6e-ae6d-11cf-96b8-444553540000\" width=\"420\" height=\"315\"><param name=\"allowFullScreen\" value=\"true\" \/><param name=\"allowscriptaccess\" value=\"always\" \/><param name=\"src\" value=\"\/\/www.youtube.com\/v\/ijEHYmhV35g?hl=pt_BR&amp;version=3&amp;rel=0\" \/><param name=\"allowfullscreen\" value=\"true\" \/><embed type=\"application\/x-shockwave-flash\" width=\"420\" height=\"315\" src=\"\/\/www.youtube.com\/v\/ijEHYmhV35g?hl=pt_BR&amp;version=3&amp;rel=0\" allowscriptaccess=\"always\" allowfullscreen=\"true\"><\/embed><\/object><\/p>\n<\/div>","protected":false},"excerpt":{"rendered":"<p>Encontro de Cura Interior &#8220;Curados para amar&#8221; Nos dias 13 e 14 de Setembro, na Casa de Miss\u00e3o Can\u00e7\u00e3o Nova Minas &#8211; BH. Com o tema, Curados para amar; para voc\u00ea fazer esta experi\u00eancia atrav\u00e9s do amor de Deus, que&#8230;<\/p>\n","protected":false},"author":4620,"featured_media":0,"comment_status":"open","ping_status":"open","sticky":false,"template":"","format":"standard","meta":{"_mi_skip_tracking":false,"_monsterinsights_sitenote_active":false,"_monsterinsights_sitenote_note":"","_monsterinsights_sitenote_category":0,"footnotes":""},"categories":[19],"tags":[],"_links":{"self":[{"href":"https:\/\/blog.cancaonova.com\/belohorizonte\/wp-json\/wp\/v2\/posts\/5473"}],"collection":[{"href":"https:\/\/blog.cancaonova.com\/belohorizonte\/wp-json\/wp\/v2\/posts"}],"about":[{"href":"https:\/\/blog.cancaonova.com\/belohorizonte\/wp-json\/wp\/v2\/types\/post"}],"author":[{"embeddable":true,"href":"https:\/\/blog.cancaonova.com\/belohorizonte\/wp-json\/wp\/v2\/users\/4620"}],"replies":[{"embeddable":true,"href":"https:\/\/blog.cancaonova.com\/belohorizonte\/wp-json\/wp\/v2\/comments?post=5473"}],"version-history":[{"count":5,"href":"https:\/\/blog.cancaonova.com\/belohorizonte\/wp-json\/wp\/v2\/posts\/5473\/revisions"}],"predecessor-version":[{"id":5476,"href":"https:\/\/blog.cancaonova.com\/belohorizonte\/wp-json\/wp\/v2\/posts\/5473\/revisions\/5476"}],"wp:attachment":[{"href":"https:\/\/blog.cancaonova.com\/belohorizonte\/wp-json\/wp\/v2\/media?parent=5473"}],"wp:term":[{"taxonomy":"category","embeddable":true,"href":"https:\/\/blog.cancaonova.com\/belohorizonte\/wp-json\/wp\/v2\/categories?post=5473"},{"taxonomy":"post_tag","embeddable":true,"href":"https:\/\/blog.cancaonova.com\/belohorizonte\/wp-json\/wp\/v2\/tags?post=5473"}],"curies":[{"name":"wp","href":"https:\/\/api.w.org\/{rel}","templated":true}]}}