{"id":5518,"date":"2013-09-04T17:51:11","date_gmt":"2013-09-04T20:51:11","guid":{"rendered":"http:\/\/blog.cancaonova.com\/bh\/?p=5518"},"modified":"2015-03-12T10:58:51","modified_gmt":"2015-03-12T13:58:51","slug":"noite-oracional","status":"publish","type":"post","link":"https:\/\/blog.cancaonova.com\/belohorizonte\/noite-oracional\/","title":{"rendered":"Noite Oracional"},"content":{"rendered":"<div class=\"pf-content\"><p style=\"text-align: center\"><a href=\"http:\/\/blog.cancaonova.com\/bh\/files\/2013\/09\/nazare_araujo.jpg\"><img loading=\"lazy\" decoding=\"async\" class=\"alignleft size-thumbnail wp-image-5519\" src=\"http:\/\/blog.cancaonova.com\/bh\/files\/2013\/09\/nazare_araujo-400x232.jpg\" alt=\"Foto da Nazar\u00e9 Ara\u00fajo\" width=\"400\" height=\"232\" srcset=\"https:\/\/blog.cancaonova.com\/belohorizonte\/files\/2013\/09\/nazare_araujo-400x232.jpg 400w, https:\/\/blog.cancaonova.com\/belohorizonte\/files\/2013\/09\/nazare_araujo.jpg 960w\" sizes=\"(max-width: 400px) 100vw, 400px\" \/><\/a><strong>Noite Oracional na Can\u00e7\u00e3o Nova Minas<\/strong><\/p>\n<p style=\"text-align: justify\">Dia 17\/09 \u00e0s 19:30h acontecer\u00e1 uma Noite Oracional na Casa de Miss\u00e3o da Can\u00e7\u00e3o Nova (Local: Av. Isabel Bueno, 400 &#8211; Bairro Jaragu\u00e1) com <a href=\"http:\/\/www.cancaonova.com\/cnova\/ministerio\/temp\/inf_txt.php?id=2400\">Nazar\u00e9 Ara\u00fajo<\/a>. Ser\u00e1 uma noite de encontro com Deus atrav\u00e9s do testemunho, m\u00fasica e experi\u00eancia com o Esp\u00edrito Santo.<\/p>\n<p style=\"text-align: justify\">A Nazar\u00e9 estar\u00e1 divulgando o <a href=\"http:\/\/blog.cancaonova.com\/produtos\/2013\/05\/08\/cd-substancial-%E2%80%93-nazare-araujo\/\">CD Substancial<\/a>. Dispon\u00edvel nas Lojas Can\u00e7\u00e3o Nova em BH (AV. Isabel Bueno, 400 &#8211; Jaragu\u00e1 ou AV. Amazonas, 121 &#8211; Centro).<\/p>\n<p style=\"text-align: justify\">Venha conferir de perto!<\/p>\n<p style=\"text-align: justify\">\n<\/div>","protected":false},"excerpt":{"rendered":"<p>Noite Oracional na Can\u00e7\u00e3o Nova Minas Dia 17\/09 \u00e0s 19:30h acontecer\u00e1 uma Noite Oracional na Casa de Miss\u00e3o da Can\u00e7\u00e3o Nova (Local: Av. Isabel Bueno, 400 &#8211; Bairro Jaragu\u00e1) com Nazar\u00e9 Ara\u00fajo. Ser\u00e1 uma noite de encontro com Deus atrav\u00e9s&#8230;<\/p>\n","protected":false},"author":4620,"featured_media":0,"comment_status":"open","ping_status":"open","sticky":false,"template":"","format":"standard","meta":{"_mi_skip_tracking":false,"_monsterinsights_sitenote_active":false,"_monsterinsights_sitenote_note":"","_monsterinsights_sitenote_category":0,"footnotes":""},"categories":[19],"tags":[],"_links":{"self":[{"href":"https:\/\/blog.cancaonova.com\/belohorizonte\/wp-json\/wp\/v2\/posts\/5518"}],"collection":[{"href":"https:\/\/blog.cancaonova.com\/belohorizonte\/wp-json\/wp\/v2\/posts"}],"about":[{"href":"https:\/\/blog.cancaonova.com\/belohorizonte\/wp-json\/wp\/v2\/types\/post"}],"author":[{"embeddable":true,"href":"https:\/\/blog.cancaonova.com\/belohorizonte\/wp-json\/wp\/v2\/users\/4620"}],"replies":[{"embeddable":true,"href":"https:\/\/blog.cancaonova.com\/belohorizonte\/wp-json\/wp\/v2\/comments?post=5518"}],"version-history":[{"count":5,"href":"https:\/\/blog.cancaonova.com\/belohorizonte\/wp-json\/wp\/v2\/posts\/5518\/revisions"}],"predecessor-version":[{"id":6521,"href":"https:\/\/blog.cancaonova.com\/belohorizonte\/wp-json\/wp\/v2\/posts\/5518\/revisions\/6521"}],"wp:attachment":[{"href":"https:\/\/blog.cancaonova.com\/belohorizonte\/wp-json\/wp\/v2\/media?parent=5518"}],"wp:term":[{"taxonomy":"category","embeddable":true,"href":"https:\/\/blog.cancaonova.com\/belohorizonte\/wp-json\/wp\/v2\/categories?post=5518"},{"taxonomy":"post_tag","embeddable":true,"href":"https:\/\/blog.cancaonova.com\/belohorizonte\/wp-json\/wp\/v2\/tags?post=5518"}],"curies":[{"name":"wp","href":"https:\/\/api.w.org\/{rel}","templated":true}]}}