{"id":5816,"date":"2013-11-20T09:42:06","date_gmt":"2013-11-20T12:42:06","guid":{"rendered":"http:\/\/blog.cancaonova.com\/bh\/?p=5816"},"modified":"2013-12-10T10:29:26","modified_gmt":"2013-12-10T13:29:26","slug":"tende-animo-e-vereis-a-libertacao","status":"publish","type":"post","link":"https:\/\/blog.cancaonova.com\/belohorizonte\/tende-animo-e-vereis-a-libertacao\/","title":{"rendered":"\" Tende \u00e2nimo e vereis a liberta\u00e7\u00e3o\""},"content":{"rendered":"<div class=\"pf-content\"><p style=\"text-align: center\"><a href=\"http:\/\/blog.cancaonova.com\/bh\/files\/2013\/11\/cartaz-01.jpg\"><img loading=\"lazy\" decoding=\"async\" class=\"alignleft size-medium wp-image-5822\" alt=\"cartaz 01\" src=\"http:\/\/blog.cancaonova.com\/bh\/files\/2013\/11\/cartaz-01-400x566.jpg\" width=\"304\" height=\"431\" srcset=\"https:\/\/blog.cancaonova.com\/belohorizonte\/files\/2013\/11\/cartaz-01-400x566.jpg 400w, https:\/\/blog.cancaonova.com\/belohorizonte\/files\/2013\/11\/cartaz-01.jpg 496w\" sizes=\"(max-width: 304px) 100vw, 304px\" \/><\/a>\u00a0 A Palavra amorosa e encorajadora de Deus para voc\u00ea \u00e9:<\/p>\n<p style=\"text-align: center\">&#8220;Tende \u00e2nimo e vereis a liberta\u00e7\u00e3o&#8221;<\/p>\n<p>&nbsp;<\/p>\n<p style=\"text-align: center\">\u00a0Voc\u00ea est\u00e1 desanimado, cansado, sem for\u00e7as\u00a0ou<\/p>\n<p style=\"text-align: center\">conhece algu\u00e9m que est\u00e1?<\/p>\n<p style=\"text-align: center\">\u00a0Deus quer te revigorar, te dar vida nova atrav\u00e9s verdadeiro amor que Ele tem por voc\u00ea.<\/p>\n<p style=\"text-align: center\">\u00a0 Por isso Can\u00e7\u00e3o Minas no m\u00eas de dezembro, preparou um Encontro de Cura e Liberta\u00e7\u00e3o<\/p>\n<p style=\"text-align: center\">nos dias 13, 14 e 15 com Pe. Arlon da Comunidade Can\u00e7\u00e3o Nova e Robson do Minist\u00e9rio Adora\u00e7\u00e3o.<\/p>\n<p style=\"text-align: center\">Temos apenas 300 vagas dispon\u00edveis.<\/p>\n<p style=\"text-align: center\">(Entrada franca)<\/p>\n<p style=\"text-align: left\">\n<p style=\"text-align: left\">Local: Casa de Miss\u00e3o (AV. Isabel Bueno, 400 \u2013 Jaragu\u00e1) Inf: (31)3306-6690<\/p>\n<p style=\"text-align: left\">Facebook:Can\u00e7\u00e3o Nova Minas Twitter:@CancaoNovaBH<\/p>\n<p>&nbsp;<\/p>\n<\/div>","protected":false},"excerpt":{"rendered":"<p>\u00a0 A Palavra amorosa e encorajadora de Deus para voc\u00ea \u00e9: &#8220;Tende \u00e2nimo e vereis a liberta\u00e7\u00e3o&#8221; &nbsp; \u00a0Voc\u00ea est\u00e1 desanimado, cansado, sem for\u00e7as\u00a0ou conhece algu\u00e9m que est\u00e1? \u00a0Deus quer te revigorar, te dar vida nova atrav\u00e9s verdadeiro amor que&#8230;<\/p>\n","protected":false},"author":4620,"featured_media":0,"comment_status":"open","ping_status":"open","sticky":false,"template":"","format":"standard","meta":{"_mi_skip_tracking":false,"_monsterinsights_sitenote_active":false,"_monsterinsights_sitenote_note":"","_monsterinsights_sitenote_category":0,"footnotes":""},"categories":[19],"tags":[],"_links":{"self":[{"href":"https:\/\/blog.cancaonova.com\/belohorizonte\/wp-json\/wp\/v2\/posts\/5816"}],"collection":[{"href":"https:\/\/blog.cancaonova.com\/belohorizonte\/wp-json\/wp\/v2\/posts"}],"about":[{"href":"https:\/\/blog.cancaonova.com\/belohorizonte\/wp-json\/wp\/v2\/types\/post"}],"author":[{"embeddable":true,"href":"https:\/\/blog.cancaonova.com\/belohorizonte\/wp-json\/wp\/v2\/users\/4620"}],"replies":[{"embeddable":true,"href":"https:\/\/blog.cancaonova.com\/belohorizonte\/wp-json\/wp\/v2\/comments?post=5816"}],"version-history":[{"count":10,"href":"https:\/\/blog.cancaonova.com\/belohorizonte\/wp-json\/wp\/v2\/posts\/5816\/revisions"}],"predecessor-version":[{"id":5830,"href":"https:\/\/blog.cancaonova.com\/belohorizonte\/wp-json\/wp\/v2\/posts\/5816\/revisions\/5830"}],"wp:attachment":[{"href":"https:\/\/blog.cancaonova.com\/belohorizonte\/wp-json\/wp\/v2\/media?parent=5816"}],"wp:term":[{"taxonomy":"category","embeddable":true,"href":"https:\/\/blog.cancaonova.com\/belohorizonte\/wp-json\/wp\/v2\/categories?post=5816"},{"taxonomy":"post_tag","embeddable":true,"href":"https:\/\/blog.cancaonova.com\/belohorizonte\/wp-json\/wp\/v2\/tags?post=5816"}],"curies":[{"name":"wp","href":"https:\/\/api.w.org\/{rel}","templated":true}]}}