{"id":5874,"date":"2014-01-10T08:20:16","date_gmt":"2014-01-10T11:20:16","guid":{"rendered":"http:\/\/blog.cancaonova.com\/bh\/?p=5874"},"modified":"2014-01-10T08:28:47","modified_gmt":"2014-01-10T11:28:47","slug":"retiro-para-as-familias","status":"publish","type":"post","link":"https:\/\/blog.cancaonova.com\/belohorizonte\/retiro-para-as-familias\/","title":{"rendered":"Retiro para as Fam\u00edlias"},"content":{"rendered":"<div class=\"pf-content\"><h5 style=\"text-align: justify\"><a href=\"http:\/\/blog.cancaonova.com\/bh\/files\/2014\/01\/541596_538476492841180_1875449509_n.jpg\"><img loading=\"lazy\" decoding=\"async\" class=\"wp-image-5875 alignleft\" alt=\"541596_538476492841180_1875449509_n\" src=\"http:\/\/blog.cancaonova.com\/bh\/files\/2014\/01\/541596_538476492841180_1875449509_n.jpg\" width=\"196\" height=\"131\" \/><\/a><strong><\/strong><strong><\/strong><\/h5>\n<h5 style=\"text-align: justify\"><strong>Venha participar do Retiro para as Fam\u00edlias na Can\u00e7\u00e3o Nova Minas, com o tema: &#8220;Eu e minha casa serviremos ao Senhor&#8221;,\u00a0 o evento ter\u00e1 in\u00edcio no dia 14\/02 \u00e0s 19:30h com a Santa Missa e no dia 15\/02 a partir das 13:30h, com m\u00fasica, anima\u00e7\u00e3o, prega\u00e7\u00e3o e Santa Missa. Teremos a presen\u00e7a do Pe. R\u00f3ger Ara\u00fajo, M\u00e1rcio Todesquini e Eliete Todesquini.<\/strong><\/h5>\n<h5 style=\"text-align: justify\"><strong>Ligue e fa\u00e7a j\u00e1 sua inscri\u00e7\u00e3o: (31)3306-6690<\/strong><\/h5>\n<h5 style=\"text-align: justify\"><strong>Ou visite a nossa loja na Av. Amazonas, 121 Centro\/BH<\/strong><\/h5>\n<h5 style=\"text-align: justify\"><strong>15,00 por pessoa &#8211; 20,00 o casal<\/strong><\/h5>\n<p>&nbsp;<\/p>\n<\/div>","protected":false},"excerpt":{"rendered":"<p>Venha participar do Retiro para as Fam\u00edlias na Can\u00e7\u00e3o Nova Minas, com o tema: &#8220;Eu e minha casa serviremos ao Senhor&#8221;,\u00a0 o evento ter\u00e1 in\u00edcio no dia 14\/02 \u00e0s 19:30h com a Santa Missa e no dia 15\/02 a partir&#8230;<\/p>\n","protected":false},"author":4669,"featured_media":0,"comment_status":"open","ping_status":"open","sticky":false,"template":"","format":"standard","meta":{"_mi_skip_tracking":false,"_monsterinsights_sitenote_active":false,"_monsterinsights_sitenote_note":"","_monsterinsights_sitenote_category":0,"footnotes":""},"categories":[19],"tags":[],"_links":{"self":[{"href":"https:\/\/blog.cancaonova.com\/belohorizonte\/wp-json\/wp\/v2\/posts\/5874"}],"collection":[{"href":"https:\/\/blog.cancaonova.com\/belohorizonte\/wp-json\/wp\/v2\/posts"}],"about":[{"href":"https:\/\/blog.cancaonova.com\/belohorizonte\/wp-json\/wp\/v2\/types\/post"}],"author":[{"embeddable":true,"href":"https:\/\/blog.cancaonova.com\/belohorizonte\/wp-json\/wp\/v2\/users\/4669"}],"replies":[{"embeddable":true,"href":"https:\/\/blog.cancaonova.com\/belohorizonte\/wp-json\/wp\/v2\/comments?post=5874"}],"version-history":[{"count":5,"href":"https:\/\/blog.cancaonova.com\/belohorizonte\/wp-json\/wp\/v2\/posts\/5874\/revisions"}],"predecessor-version":[{"id":5877,"href":"https:\/\/blog.cancaonova.com\/belohorizonte\/wp-json\/wp\/v2\/posts\/5874\/revisions\/5877"}],"wp:attachment":[{"href":"https:\/\/blog.cancaonova.com\/belohorizonte\/wp-json\/wp\/v2\/media?parent=5874"}],"wp:term":[{"taxonomy":"category","embeddable":true,"href":"https:\/\/blog.cancaonova.com\/belohorizonte\/wp-json\/wp\/v2\/categories?post=5874"},{"taxonomy":"post_tag","embeddable":true,"href":"https:\/\/blog.cancaonova.com\/belohorizonte\/wp-json\/wp\/v2\/tags?post=5874"}],"curies":[{"name":"wp","href":"https:\/\/api.w.org\/{rel}","templated":true}]}}