{"id":5928,"date":"2014-01-21T07:30:56","date_gmt":"2014-01-21T10:30:56","guid":{"rendered":"http:\/\/blog.cancaonova.com\/bh\/?p=5928"},"modified":"2014-01-21T07:44:23","modified_gmt":"2014-01-21T10:44:23","slug":"retiro-para-familias","status":"publish","type":"post","link":"https:\/\/blog.cancaonova.com\/belohorizonte\/retiro-para-familias\/","title":{"rendered":"Retiro para fam\u00edlias"},"content":{"rendered":"<div class=\"pf-content\"><p>&nbsp;<\/p>\n<p style=\"text-align: justify\">Um bem precioso que recebemos de Deus \u00e9 a fam\u00edlia. Com toda certeza ela n\u00e3o \u00e9 perfeita, nela encontramos erros, acertos, conquistas, vit\u00f3rias, esfor\u00e7os, trabalho, suor, lazer, l\u00e1grimas, risos e muito amor. Aqui somos n\u00f3s mesmos sem medos nem reservas, aprendemos a nos levantar de nossas quedas, porque por perto h\u00e1 sempre uma m\u00e3o estendida a nos levantar. Como n\u00e3o cuidar de algo t\u00e3o valioso? Por isso a Can\u00e7\u00e3o Nova Minas prepara para voc\u00ea um retiro muito especial com o tema: &#8220;Eu e minha casa serviremos ao Senhor&#8221; dias 14 e 15\/02 com Pe. R\u00f3ger Ara\u00fajo, M\u00e1rcio Todesquini e Eliete Todesquini.<\/p>\n<p>&nbsp;<\/p>\n<object width=\"420\" height=\"315\"><param name=\"movie\" value=\"\/\/www.youtube.com\/v\/OmKqt1RiEwM?version=3&hl=pt_BR&rel=0\"><\/param><param name=\"allowFullScreen\" value=\"true\"><\/param><param name=\"allowscriptaccess\" value=\"always\"><\/param><embed src=\"\/\/www.youtube.com\/v\/OmKqt1RiEwM?version=3&hl=pt_BR&rel=0\" type=\"application\/x-shockwave-flash\" width=\"420\" height=\"315\" allowscriptaccess=\"always\" allowfullscreen=\"true\"><\/embed><\/object>\n<p>&nbsp;<\/p>\n<p>&nbsp;<\/p>\n<p>&nbsp;<\/p>\n<\/div>","protected":false},"excerpt":{"rendered":"<p>&nbsp; Um bem precioso que recebemos de Deus \u00e9 a fam\u00edlia. Com toda certeza ela n\u00e3o \u00e9 perfeita, nela encontramos erros, acertos, conquistas, vit\u00f3rias, esfor\u00e7os, trabalho, suor, lazer, l\u00e1grimas, risos e muito amor. Aqui somos n\u00f3s mesmos sem medos nem&#8230;<\/p>\n","protected":false},"author":4669,"featured_media":0,"comment_status":"open","ping_status":"open","sticky":false,"template":"","format":"standard","meta":{"_mi_skip_tracking":false,"_monsterinsights_sitenote_active":false,"_monsterinsights_sitenote_note":"","_monsterinsights_sitenote_category":0,"footnotes":""},"categories":[19],"tags":[],"_links":{"self":[{"href":"https:\/\/blog.cancaonova.com\/belohorizonte\/wp-json\/wp\/v2\/posts\/5928"}],"collection":[{"href":"https:\/\/blog.cancaonova.com\/belohorizonte\/wp-json\/wp\/v2\/posts"}],"about":[{"href":"https:\/\/blog.cancaonova.com\/belohorizonte\/wp-json\/wp\/v2\/types\/post"}],"author":[{"embeddable":true,"href":"https:\/\/blog.cancaonova.com\/belohorizonte\/wp-json\/wp\/v2\/users\/4669"}],"replies":[{"embeddable":true,"href":"https:\/\/blog.cancaonova.com\/belohorizonte\/wp-json\/wp\/v2\/comments?post=5928"}],"version-history":[{"count":6,"href":"https:\/\/blog.cancaonova.com\/belohorizonte\/wp-json\/wp\/v2\/posts\/5928\/revisions"}],"predecessor-version":[{"id":5934,"href":"https:\/\/blog.cancaonova.com\/belohorizonte\/wp-json\/wp\/v2\/posts\/5928\/revisions\/5934"}],"wp:attachment":[{"href":"https:\/\/blog.cancaonova.com\/belohorizonte\/wp-json\/wp\/v2\/media?parent=5928"}],"wp:term":[{"taxonomy":"category","embeddable":true,"href":"https:\/\/blog.cancaonova.com\/belohorizonte\/wp-json\/wp\/v2\/categories?post=5928"},{"taxonomy":"post_tag","embeddable":true,"href":"https:\/\/blog.cancaonova.com\/belohorizonte\/wp-json\/wp\/v2\/tags?post=5928"}],"curies":[{"name":"wp","href":"https:\/\/api.w.org\/{rel}","templated":true}]}}