{"id":6020,"date":"2014-03-18T10:03:08","date_gmt":"2014-03-18T13:03:08","guid":{"rendered":"http:\/\/blog.cancaonova.com\/bh\/?p=6020"},"modified":"2014-03-18T10:08:59","modified_gmt":"2014-03-18T13:08:59","slug":"eventos-na-cancao-nova-minas-2014","status":"publish","type":"post","link":"https:\/\/blog.cancaonova.com\/belohorizonte\/eventos-na-cancao-nova-minas-2014\/","title":{"rendered":"Eventos na Can\u00e7\u00e3o Nova Minas 2014"},"content":{"rendered":"<div class=\"pf-content\"><p>&nbsp;<\/p>\n<p style=\"text-align: justify\">Abril 08 a 10 \u2013 Semin\u00e1rio de Cura e Liberta\u00e7\u00e3o \u2013 Ir. Maria Eunice<\/p>\n<p style=\"text-align: justify\">Abril 11 a 13 \u2013 Aprofundamento de Cura Interior \u2013 Ir. Maria Eunice<\/p>\n<p style=\"text-align: justify\">Maio 23 a 25 \u2013 Aprodundamento \u201cCom Deus&#8230; tem jeito!\u201d &#8211; Cleto Coelho e Cassiano Meireles<\/p>\n<p style=\"text-align: justify\">Junho 20 a 22 \u2013 Encontro de Cura Interior &#8211; Pe. Hamilton e Eudes<\/p>\n<p style=\"text-align: justify\">Julho 22 a 26 \u2013 Aprofundamento\u00a0 de Ora\u00e7\u00e3o \u2013 Enilda Rocha e Ricardo Ida<\/p>\n<p style=\"text-align: justify\">Agosto 01 a 03 \u2013 Aprofundamento de Ora\u00e7\u00e3o \u2013 Pe Joaozinho, SCJ e M\u00e1rcio Todeschini<\/p>\n<p style=\"text-align: justify\">Setembro 06 e 07 \u2013 Aprofundamento de Cura e Liberta\u00e7\u00e3o &#8211;\u00a0 Ironi Spuldaro<\/p>\n<p style=\"text-align: justify\">Setembro 28 e 29 \u2013 Aprofundamento de Dons \u2013 M\u00e1rcio Mendes<\/p>\n<p style=\"text-align: justify\">Novembro 14 a 16 \u2013 Loja\/Tarde de Louvor\/Kair\u00f3s Ou Santos ou Nada \u2013 Pe. Fabr\u00edcio e Ricardo S\u00e1<\/p>\n<p style=\"text-align: justify\">Dezembro 12 a 14 \u2013 Aprofundamento de Ora\u00e7\u00e3o &#8211; Adriano Gon\u00e7alves e Cassiano Meireles<\/p>\n<p style=\"text-align: justify\">Obs: Programa\u00e7\u00f5es sujeitas a altera\u00e7\u00f5es sem aviso pr\u00e9vio. Siga-nos no twitter @CancaoNovaBH<\/p>\n<p>&nbsp;<\/p>\n<p>&nbsp;<\/p>\n<p>&nbsp;<\/p>\n<\/div>","protected":false},"excerpt":{"rendered":"<p>&nbsp; Abril 08 a 10 \u2013 Semin\u00e1rio de Cura e Liberta\u00e7\u00e3o \u2013 Ir. Maria Eunice Abril 11 a 13 \u2013 Aprofundamento de Cura Interior \u2013 Ir. Maria Eunice Maio 23 a 25 \u2013 Aprodundamento \u201cCom Deus&#8230; tem jeito!\u201d &#8211; Cleto&#8230;<\/p>\n","protected":false},"author":4644,"featured_media":0,"comment_status":"open","ping_status":"open","sticky":false,"template":"","format":"standard","meta":{"_mi_skip_tracking":false,"_monsterinsights_sitenote_active":false,"_monsterinsights_sitenote_note":"","_monsterinsights_sitenote_category":0,"footnotes":""},"categories":[19],"tags":[],"_links":{"self":[{"href":"https:\/\/blog.cancaonova.com\/belohorizonte\/wp-json\/wp\/v2\/posts\/6020"}],"collection":[{"href":"https:\/\/blog.cancaonova.com\/belohorizonte\/wp-json\/wp\/v2\/posts"}],"about":[{"href":"https:\/\/blog.cancaonova.com\/belohorizonte\/wp-json\/wp\/v2\/types\/post"}],"author":[{"embeddable":true,"href":"https:\/\/blog.cancaonova.com\/belohorizonte\/wp-json\/wp\/v2\/users\/4644"}],"replies":[{"embeddable":true,"href":"https:\/\/blog.cancaonova.com\/belohorizonte\/wp-json\/wp\/v2\/comments?post=6020"}],"version-history":[{"count":3,"href":"https:\/\/blog.cancaonova.com\/belohorizonte\/wp-json\/wp\/v2\/posts\/6020\/revisions"}],"predecessor-version":[{"id":6024,"href":"https:\/\/blog.cancaonova.com\/belohorizonte\/wp-json\/wp\/v2\/posts\/6020\/revisions\/6024"}],"wp:attachment":[{"href":"https:\/\/blog.cancaonova.com\/belohorizonte\/wp-json\/wp\/v2\/media?parent=6020"}],"wp:term":[{"taxonomy":"category","embeddable":true,"href":"https:\/\/blog.cancaonova.com\/belohorizonte\/wp-json\/wp\/v2\/categories?post=6020"},{"taxonomy":"post_tag","embeddable":true,"href":"https:\/\/blog.cancaonova.com\/belohorizonte\/wp-json\/wp\/v2\/tags?post=6020"}],"curies":[{"name":"wp","href":"https:\/\/api.w.org\/{rel}","templated":true}]}}