{"id":6046,"date":"2014-03-27T07:49:32","date_gmt":"2014-03-27T10:49:32","guid":{"rendered":"http:\/\/blog.cancaonova.com\/bh\/?p=6046"},"modified":"2014-04-03T08:45:33","modified_gmt":"2014-04-03T11:45:33","slug":"irma-maria-eunice-em-bh","status":"publish","type":"post","link":"https:\/\/blog.cancaonova.com\/belohorizonte\/irma-maria-eunice-em-bh\/","title":{"rendered":"Irm\u00e3 Maria Eunice em BH"},"content":{"rendered":"<div class=\"pf-content\"><p style=\"text-align: left\" align=\"center\"><b>Semin\u00e1rio de Cura e Liberta\u00e7\u00e3o, de 08 a 10\/04<\/b><\/p>\n<p style=\"text-align: left\" align=\"center\"><b>Aprofundamento \u201cDerrubando as Muralhas\u201d, de 11 a 13\/04<\/b><\/p>\n<p><b>Programa\u00e7\u00e3o do Semin\u00e1rio de Cura e Liberta\u00e7\u00e3o<\/b><\/p>\n<p><b>08\/04 (ter\u00e7a-feira)<\/b><\/p>\n<p>14h \u2013 Anima\u00e7\u00e3o e ora\u00e7\u00e3o<\/p>\n<p>14h30 \u2013 Prega\u00e7\u00e3o Ir. Maria Eunice<\/p>\n<p>15h30 \u2013 Ora\u00e7\u00e3o de cura e liberta\u00e7\u00e3o \u2013 Ir. Maria Eunice<\/p>\n<p>16h \u2013 Intervalo<\/p>\n<p>16h15 \u2013 Anima\u00e7\u00e3o<\/p>\n<p>16h30 \u2013 Adora\u00e7\u00e3o ao Sant\u00edssimo<\/p>\n<p>17h30 \u2013 Santa Missa<\/p>\n<p><b>09\/04 (quarta-feira)<\/b><\/p>\n<p>14h \u2013 Anima\u00e7\u00e3o e ora\u00e7\u00e3o<\/p>\n<p>14h30 \u2013 Prega\u00e7\u00e3o Ir. Maria Eunice<\/p>\n<p>15h30 \u2013 Ora\u00e7\u00e3o de cura e liberta\u00e7\u00e3o \u2013 Ir. Maria Eunice<\/p>\n<p>16h \u2013 Intervalo<\/p>\n<p>16h15 \u2013 Anima\u00e7\u00e3o<\/p>\n<p>16h30 \u2013 Adora\u00e7\u00e3o ao Sant\u00edssimo<\/p>\n<p>17h30 \u2013 Santa Missa<\/p>\n<p><b>10\/04 (quinta-feira)<\/b><\/p>\n<p>14h \u2013 Anima\u00e7\u00e3o e ora\u00e7\u00e3o<\/p>\n<p>14h30 \u2013 Adora\u00e7\u00e3o ao Sant\u00edssimo<\/p>\n<p>15h30 \u2013 Intervalo<\/p>\n<p>16h \u2013 Prega\u00e7\u00e3o Ir. Maria Eunice<\/p>\n<p>17h \u2013 Ora\u00e7\u00e3o de Cura e liberta\u00e7\u00e3o<\/p>\n<p>18h \u2013 Intervalo<\/p>\n<p>19h30 \u2013 Santa Missa de Encerramento do Semin\u00e1rio<\/p>\n<p><b>Programa\u00e7\u00e3o do Aprofundamento \u201cDerrubando as Muralhas\u201d<\/b><\/p>\n<p><b>11\/04 (sexta-feira) <\/b><\/p>\n<p>19h30 \u2013 Santa Missa<\/p>\n<p>21h \u2013 Encerramento<\/p>\n<p><b>12\/04\u2013 (s\u00e1bado)<\/b><\/p>\n<p>09h: Anima\u00e7\u00e3o e ora\u00e7\u00e3o<\/p>\n<p>09h30: <b>Prega\u00e7\u00e3o (Ir. Maria Eunice)<\/b><\/p>\n<p>10h30: Intervalo<\/p>\n<p>11h: Anima\u00e7\u00e3o<\/p>\n<p>11h15: <b>Prega\u00e7\u00e3o (Ir. Maria Eunice)<\/b><\/p>\n<p>12h15: Intervalo (almo\u00e7o)<\/p>\n<p>14h \u2013 <b>Prega\u00e7\u00e3o (Ir. Maria Eunice)<\/b><\/p>\n<p>15h \u2013 Intervalo<\/p>\n<p>15h15 \u2013 Anima\u00e7\u00e3o<\/p>\n<p>15h30 \u2013 <b>Adora\u00e7\u00e3o (Ir. Maria Eunice)<\/b><\/p>\n<p>16h30 \u2013 Intervalo<\/p>\n<p>17h \u2013 <b>Missa<\/b><\/p>\n<p>18h30 \u2013 Encerramento<\/p>\n<p><b>13\/04 (Domingo)<\/b><\/p>\n<p><b>Aten\u00e7\u00e3o: Manh\u00e3 livre para participa\u00e7\u00e3o da Missa de Ramos na sua Par\u00f3quia.<\/b><\/p>\n<p>13h30 \u2013 Anima\u00e7\u00e3o e Ora\u00e7\u00e3o<\/p>\n<p>14h \u2013 <b>Prega\u00e7\u00e3o (Ir. Maria Eunice)<\/b><\/p>\n<p>15h \u2013 Intervalo<\/p>\n<p>15h20 \u2013 <b>Adora\u00e7\u00e3o (Ir. Maria Eunice)<\/b><\/p>\n<p>16h30 \u2013 Encerramento com a B\u00ean\u00e7\u00e3o do Sant\u00edssimo<\/p>\n<p>&nbsp;<\/p>\n<p>OBS: Programa\u00e7\u00f5es sujeitas a altera\u00e7\u00f5es sem aviso pr\u00e9vio.<b><\/b><\/p>\n<\/div>","protected":false},"excerpt":{"rendered":"<p>Semin\u00e1rio de Cura e Liberta\u00e7\u00e3o, de 08 a 10\/04 Aprofundamento \u201cDerrubando as Muralhas\u201d, de 11 a 13\/04 Programa\u00e7\u00e3o do Semin\u00e1rio de Cura e Liberta\u00e7\u00e3o 08\/04 (ter\u00e7a-feira) 14h \u2013 Anima\u00e7\u00e3o e ora\u00e7\u00e3o 14h30 \u2013 Prega\u00e7\u00e3o Ir. Maria Eunice 15h30 \u2013 Ora\u00e7\u00e3o&#8230;<\/p>\n","protected":false},"author":4644,"featured_media":0,"comment_status":"open","ping_status":"open","sticky":false,"template":"","format":"standard","meta":{"_mi_skip_tracking":false,"_monsterinsights_sitenote_active":false,"_monsterinsights_sitenote_note":"","_monsterinsights_sitenote_category":0,"footnotes":""},"categories":[19],"tags":[],"_links":{"self":[{"href":"https:\/\/blog.cancaonova.com\/belohorizonte\/wp-json\/wp\/v2\/posts\/6046"}],"collection":[{"href":"https:\/\/blog.cancaonova.com\/belohorizonte\/wp-json\/wp\/v2\/posts"}],"about":[{"href":"https:\/\/blog.cancaonova.com\/belohorizonte\/wp-json\/wp\/v2\/types\/post"}],"author":[{"embeddable":true,"href":"https:\/\/blog.cancaonova.com\/belohorizonte\/wp-json\/wp\/v2\/users\/4644"}],"replies":[{"embeddable":true,"href":"https:\/\/blog.cancaonova.com\/belohorizonte\/wp-json\/wp\/v2\/comments?post=6046"}],"version-history":[{"count":7,"href":"https:\/\/blog.cancaonova.com\/belohorizonte\/wp-json\/wp\/v2\/posts\/6046\/revisions"}],"predecessor-version":[{"id":6073,"href":"https:\/\/blog.cancaonova.com\/belohorizonte\/wp-json\/wp\/v2\/posts\/6046\/revisions\/6073"}],"wp:attachment":[{"href":"https:\/\/blog.cancaonova.com\/belohorizonte\/wp-json\/wp\/v2\/media?parent=6046"}],"wp:term":[{"taxonomy":"category","embeddable":true,"href":"https:\/\/blog.cancaonova.com\/belohorizonte\/wp-json\/wp\/v2\/categories?post=6046"},{"taxonomy":"post_tag","embeddable":true,"href":"https:\/\/blog.cancaonova.com\/belohorizonte\/wp-json\/wp\/v2\/tags?post=6046"}],"curies":[{"name":"wp","href":"https:\/\/api.w.org\/{rel}","templated":true}]}}