{"id":6170,"date":"2014-05-21T12:29:32","date_gmt":"2014-05-21T15:29:32","guid":{"rendered":"http:\/\/blog.cancaonova.com\/bh\/?p=6170"},"modified":"2015-03-12T10:52:53","modified_gmt":"2015-03-12T13:52:53","slug":"aprofundamento-de-oracao-com-deus-tem-jeito","status":"publish","type":"post","link":"https:\/\/blog.cancaonova.com\/belohorizonte\/aprofundamento-de-oracao-com-deus-tem-jeito\/","title":{"rendered":"Aprofundamento de Ora\u00e7\u00e3o! \"Com Deus... tem jeito!\""},"content":{"rendered":"<div class=\"pf-content\"><p>Cleto Coelho e Cassiano Meireles, de 23 a 25\/05<\/p>\n<p style=\"text-align: justify\">Neste final de semana a Can\u00e7\u00e3o Nova Minas convida voc\u00ea para participar do Aprofundamento de Ora\u00e7\u00e3o &#8220;Com Deus&#8230; tem jeito!&#8221;. Presen\u00e7a confirmada: Cleto Coelho e Cassiano Meireles, ambos da Comunidade Can\u00e7\u00e3o Nova. Cleto Coelho \u00e9 autor do livro &#8220;Tem jeito&#8221; e apresentador do programa Juntos Somos Mais da TV Can\u00e7\u00e3o Nova. Cassiano Meireles lan\u00e7ou recentemente o seu 1\u00ba CD, &#8220;Mais de Deus&#8221;. Os dois estar\u00e3o pregando neste aprofundamento conforme a Programa\u00e7\u00e3o anexa. Aten\u00e7\u00e3o para o S\u00e1bado, pois as 20h teremos um Show Evangelizador com o Cassiano, lan\u00e7ando em BH o Cd Mais de Deus. A inscri\u00e7\u00e3o para o Aprofundamento \u00e9 individual e no valor de 15 reais. Se voc\u00ea vem somente para o Show do Cassiano, o ingresso \u00e9 5 reais.Venha viver momentos de profunda ora\u00e7\u00e3o conosco aqui na Can\u00e7\u00e3o Nova Minas! Esperamos por voc\u00ea!<\/p>\n<p style=\"text-align: justify\">Equipe de Eventos<\/p>\n<p style=\"text-align: justify\">Can\u00e7\u00e3o Nova Minas<\/p>\n<p>Programa\u00e7\u00e3o<\/p>\n<p>23\/05 (sexta-feira)<\/p>\n<p>19h30 \u2013 Santa Missa \u2013 Pe Ademir<\/p>\n<p>21h \u2013 Encerramento<\/p>\n<p>24\/05 (s\u00e1bado)<\/p>\n<p>Manh\u00e3 de aut\u00f3grafos na Loja CN BH do Centro da Cidade<\/p>\n<p>13h30 \u2013 Anima\u00e7\u00e3o<\/p>\n<p>14h \u2013 Prega\u00e7\u00e3o \u2013 \u201cRezar \u00e9 essencial\u201d \u2013 Cleto Coelho<\/p>\n<p>15h \u2013 Intervalo<\/p>\n<p>15h15 \u2013 Anima\u00e7\u00e3o<\/p>\n<p>15h30 \u2013 Prega\u00e7\u00e3o \u2013 \u201cSer mais de Deus\u201d \u2013 Cassiano Meireles<\/p>\n<p>16h30 \u2013 Intervalo<\/p>\n<p>17h \u2013 Missa<\/p>\n<p>18h30 \u2013 Encerramento<\/p>\n<p>20h \u2013 Noite Oracional \u2013 Evangeliza-Show \u2013 Cassiano Meireles e Minist\u00e9rio CN Minas<\/p>\n<p>25\/05 (Domingo)<\/p>\n<p>09h \u2013 Anima\u00e7\u00e3o<\/p>\n<p>09h30 \u2013 Prega\u00e7\u00e3o \u2013 \u201cCom Deus tem jeito\u201d \u2013 Cleto Coelho<\/p>\n<p>10h30 \u2013 Intervalo \u2013 Cleto e Cassiano \u2013 Aut\u00f3grafos na Loja<\/p>\n<p>11h \u2013 Anima\u00e7\u00e3o<\/p>\n<p>11h15 \u2013 Adora\u00e7\u00e3o ao Sant\u00edssimo Sacramento<\/p>\n<p>12h15 \u2013 Intervalo (almo\u00e7o)<\/p>\n<p>14h \u2013 Anima\u00e7\u00e3o e Momento de testemunhos<\/p>\n<p>14h30 \u2013 Santa Missa \u2013 Pe Ademir<\/p>\n<p>16h \u2013 Encerramento<\/p>\n<p>OBS: Programa\u00e7\u00e3o sujeita a altera\u00e7\u00f5es sem aviso pr\u00e9vio<\/p>\n<\/div>","protected":false},"excerpt":{"rendered":"<p>Cleto Coelho e Cassiano Meireles, de 23 a 25\/05 Neste final de semana a Can\u00e7\u00e3o Nova Minas convida voc\u00ea para participar do Aprofundamento de Ora\u00e7\u00e3o &#8220;Com Deus&#8230; tem jeito!&#8221;. Presen\u00e7a confirmada: Cleto Coelho e Cassiano Meireles, ambos da Comunidade Can\u00e7\u00e3o&#8230;<\/p>\n","protected":false},"author":4644,"featured_media":0,"comment_status":"open","ping_status":"open","sticky":false,"template":"","format":"standard","meta":{"_mi_skip_tracking":false,"_monsterinsights_sitenote_active":false,"_monsterinsights_sitenote_note":"","_monsterinsights_sitenote_category":0,"footnotes":""},"categories":[19],"tags":[],"_links":{"self":[{"href":"https:\/\/blog.cancaonova.com\/belohorizonte\/wp-json\/wp\/v2\/posts\/6170"}],"collection":[{"href":"https:\/\/blog.cancaonova.com\/belohorizonte\/wp-json\/wp\/v2\/posts"}],"about":[{"href":"https:\/\/blog.cancaonova.com\/belohorizonte\/wp-json\/wp\/v2\/types\/post"}],"author":[{"embeddable":true,"href":"https:\/\/blog.cancaonova.com\/belohorizonte\/wp-json\/wp\/v2\/users\/4644"}],"replies":[{"embeddable":true,"href":"https:\/\/blog.cancaonova.com\/belohorizonte\/wp-json\/wp\/v2\/comments?post=6170"}],"version-history":[{"count":4,"href":"https:\/\/blog.cancaonova.com\/belohorizonte\/wp-json\/wp\/v2\/posts\/6170\/revisions"}],"predecessor-version":[{"id":6517,"href":"https:\/\/blog.cancaonova.com\/belohorizonte\/wp-json\/wp\/v2\/posts\/6170\/revisions\/6517"}],"wp:attachment":[{"href":"https:\/\/blog.cancaonova.com\/belohorizonte\/wp-json\/wp\/v2\/media?parent=6170"}],"wp:term":[{"taxonomy":"category","embeddable":true,"href":"https:\/\/blog.cancaonova.com\/belohorizonte\/wp-json\/wp\/v2\/categories?post=6170"},{"taxonomy":"post_tag","embeddable":true,"href":"https:\/\/blog.cancaonova.com\/belohorizonte\/wp-json\/wp\/v2\/tags?post=6170"}],"curies":[{"name":"wp","href":"https:\/\/api.w.org\/{rel}","templated":true}]}}