{"id":6206,"date":"2014-06-17T12:10:09","date_gmt":"2014-06-17T15:10:09","guid":{"rendered":"http:\/\/blog.cancaonova.com\/bh\/?p=6206"},"modified":"2015-03-12T10:51:57","modified_gmt":"2015-03-12T13:51:57","slug":"encontro-de-cura-interior-e-aniversario-de-6-anos-cn-minas","status":"publish","type":"post","link":"https:\/\/blog.cancaonova.com\/belohorizonte\/encontro-de-cura-interior-e-aniversario-de-6-anos-cn-minas\/","title":{"rendered":"Encontro de Cura Interior e Anivers\u00e1rio de 6 anos CN Minas"},"content":{"rendered":"<div class=\"pf-content\"><p align=\"center\"><b><a href=\"http:\/\/blog.cancaonova.com\/bh\/files\/2014\/06\/cartaz_final_aniversario_encontro_03jun2014-1.jpg\"><img loading=\"lazy\" decoding=\"async\" class=\"alignleft size-medium wp-image-6207\" src=\"http:\/\/blog.cancaonova.com\/bh\/files\/2014\/06\/cartaz_final_aniversario_encontro_03jun2014-1-400x563.jpg\" alt=\"cartaz_final_aniversario_encontro_03jun2014 (1)\" width=\"400\" height=\"563\" srcset=\"https:\/\/blog.cancaonova.com\/belohorizonte\/files\/2014\/06\/cartaz_final_aniversario_encontro_03jun2014-1-400x563.jpg 400w, https:\/\/blog.cancaonova.com\/belohorizonte\/files\/2014\/06\/cartaz_final_aniversario_encontro_03jun2014-1.jpg 780w\" sizes=\"(max-width: 400px) 100vw, 400px\" \/><\/a><\/b><\/p>\n<p align=\"center\"><b>Encontro de Cura Interior e Anivers\u00e1rio de 6 anos CN Minas<br \/>\nTema: &#8220;Eu sou o Senhor que te cura&#8221; (Ex 15,26)<\/b><\/p>\n<p>Presen\u00e7a: Eudes Duarte (RCC Minas), M\u00e1rcio Todeschini, Pe M\u00e1rcio Jos\u00e9 e Pe Ademir<\/p>\n<p align=\"center\">Convidados: Celina Borges, Davidson Silva, Leo Rabello, Dielson Lopes e Cidinha Cunha<b><\/b><\/p>\n<p align=\"center\">De 20 a 22 de junho, na Can\u00e7\u00e3o Nova Minas<br \/>\nLocal: Av. Izabel Bueno, 400 \u2013 Jaragu\u00e1 \u2013 BH<br \/>\nFones: 3306-6690 \/ 3306-6691<\/p>\n<p><b>\u00a0<\/b><\/p>\n<p><b>Programa\u00e7\u00e3o<\/b><\/p>\n<p><b>Sexta dia 20\/06 <\/b><\/p>\n<p>19h30 \u2013 Santa Missa \u2013 Pe Gilson \u2013 CRESAP \/ Anima\u00e7\u00e3o: Davidson Silva e M\u00e1rcio Todeschini (Salmo refr\u00e3o cantado)<\/p>\n<p><b>Sabado dia 21\/06<\/b><\/p>\n<p>13h30 \u2013 In\u00edcio do Encontro \u2013 Anima\u00e7\u00e3o \u2013 Louvor e Ora\u00e7\u00e3o \u2013 Celina Borges e Cidinha Cunha<br \/>\n14h \u2013 Prega\u00e7\u00e3o \u2013 Eudes Duarte da RCC Minas<br \/>\n14h55 \u2013 Intervalo<\/p>\n<p>15h15 \u2013 Anima\u00e7\u00e3o \u2013 Louvor e Ora\u00e7\u00e3o \u2013 Celina Borges e Cidinha<br \/>\n15h45 \u2013 Prega\u00e7\u00e3o \u2013 Eudes Duarte da RCC Minas<br \/>\n16h40 \u2013 Intervalo<\/p>\n<p>17h \u2013 Santa Missa \u2013 Pe M\u00e1rcio Jos\u00e9 \/ Anima\u00e7\u00e3o: Celina Borges e Cidinha (Salmo refr\u00e3o cantado)<br \/>\n18h30 \u2013 Encerramento<\/p>\n<p>20h30 \u2013 EvangelizaShow Can\u00e7\u00e3o Nova Minas 6 anos \u2013 M\u00e1rcio Todeschini e Convidados: Dielson Lopes, Cidinha Cunha e Celina Borges (a confirmar)<\/p>\n<p><b>Domingo dia 22\/06<\/b><\/p>\n<p>08h \u2013 In\u00edcio do Encontro \u2013 Santo\u00a0Ter\u00e7o<\/p>\n<p>08h20 \u2013 Anima\u00e7\u00e3o \u2013 Louvor \u2013 L\u00e9o Rabello e Catarina<\/p>\n<p>08h40 \u2013 Adora\u00e7\u00e3o ao Sant\u00edssimo Sacramento \u2013 Eudes, L\u00e9o Rabello e Pe M\u00e1rcio Jos\u00e9<\/p>\n<p>09h30 \u2013 B\u00ean\u00e7\u00e3o do Sant\u00edssimo<\/p>\n<p>10h25 \u2013 Prega\u00e7\u00e3o \u2013 Marcio Todeschini da Can\u00e7\u00e3o Nova Minas<\/p>\n<p>11h20 \u2013 Intervalo<\/p>\n<p>11h40 \u2013 Prega\u00e7\u00e3o \u2013 Pe M\u00e1rcio Jos\u00e9 da Can\u00e7\u00e3o Nova<\/p>\n<p>12h35 \u2013 Intervalo do Almo\u00e7o<\/p>\n<p>14h \u2013 Anima\u00e7\u00e3o e Testemunhos \u2013 Dielson Lopes e Viviane<\/p>\n<p>14h30 \u2013 Santa Missa de Encerramento \u2013 Pe Ademir \/ Anima\u00e7\u00e3o: Dielson Lopes e Viviane (Salmo todo cantado)<\/p>\n<p>&nbsp;<\/p>\n<p><i>OBS: Programa\u00e7\u00e3o sujeita a altera\u00e7\u00f5es sem aviso pr\u00e9vio<b><\/b><\/i><\/p>\n<\/div>","protected":false},"excerpt":{"rendered":"<p>Encontro de Cura Interior e Anivers\u00e1rio de 6 anos CN Minas Tema: &#8220;Eu sou o Senhor que te cura&#8221; (Ex 15,26) Presen\u00e7a: Eudes Duarte (RCC Minas), M\u00e1rcio Todeschini, Pe M\u00e1rcio Jos\u00e9 e Pe Ademir Convidados: Celina Borges, Davidson Silva, Leo&#8230;<\/p>\n","protected":false},"author":4644,"featured_media":0,"comment_status":"open","ping_status":"open","sticky":false,"template":"","format":"standard","meta":{"_mi_skip_tracking":false,"_monsterinsights_sitenote_active":false,"_monsterinsights_sitenote_note":"","_monsterinsights_sitenote_category":0,"footnotes":""},"categories":[19],"tags":[],"_links":{"self":[{"href":"https:\/\/blog.cancaonova.com\/belohorizonte\/wp-json\/wp\/v2\/posts\/6206"}],"collection":[{"href":"https:\/\/blog.cancaonova.com\/belohorizonte\/wp-json\/wp\/v2\/posts"}],"about":[{"href":"https:\/\/blog.cancaonova.com\/belohorizonte\/wp-json\/wp\/v2\/types\/post"}],"author":[{"embeddable":true,"href":"https:\/\/blog.cancaonova.com\/belohorizonte\/wp-json\/wp\/v2\/users\/4644"}],"replies":[{"embeddable":true,"href":"https:\/\/blog.cancaonova.com\/belohorizonte\/wp-json\/wp\/v2\/comments?post=6206"}],"version-history":[{"count":3,"href":"https:\/\/blog.cancaonova.com\/belohorizonte\/wp-json\/wp\/v2\/posts\/6206\/revisions"}],"predecessor-version":[{"id":6516,"href":"https:\/\/blog.cancaonova.com\/belohorizonte\/wp-json\/wp\/v2\/posts\/6206\/revisions\/6516"}],"wp:attachment":[{"href":"https:\/\/blog.cancaonova.com\/belohorizonte\/wp-json\/wp\/v2\/media?parent=6206"}],"wp:term":[{"taxonomy":"category","embeddable":true,"href":"https:\/\/blog.cancaonova.com\/belohorizonte\/wp-json\/wp\/v2\/categories?post=6206"},{"taxonomy":"post_tag","embeddable":true,"href":"https:\/\/blog.cancaonova.com\/belohorizonte\/wp-json\/wp\/v2\/tags?post=6206"}],"curies":[{"name":"wp","href":"https:\/\/api.w.org\/{rel}","templated":true}]}}