{"id":6239,"date":"2014-08-01T12:58:26","date_gmt":"2014-08-01T15:58:26","guid":{"rendered":"http:\/\/blog.cancaonova.com\/bh\/?p=6239"},"modified":"2015-03-12T10:38:42","modified_gmt":"2015-03-12T13:38:42","slug":"aprofundamento-forca-e-vitoria-cn-minas","status":"publish","type":"post","link":"https:\/\/blog.cancaonova.com\/belohorizonte\/aprofundamento-forca-e-vitoria-cn-minas\/","title":{"rendered":"APROFUNDAMENTO FOR\u00c7A E VIT\u00d3RIA - CN Minas"},"content":{"rendered":"<div class=\"pf-content\"><div id=\"attachment_6240\" style=\"width: 353px\" class=\"wp-caption aligncenter\"><a href=\"http:\/\/blog.cancaonova.com\/bh\/files\/2014\/08\/E-flyer_BH_For\u00e7a-e-Vitoria2.jpg\"><img loading=\"lazy\" decoding=\"async\" aria-describedby=\"caption-attachment-6240\" class=\"wp-image-6240 size-full\" src=\"http:\/\/blog.cancaonova.com\/bh\/files\/2014\/08\/E-flyer_BH_For\u00e7a-e-Vitoria2.jpg\" alt=\"APROFUNDAMENTO FOR\u00c7A E VIT\u00d3RIA - CN Minas \" width=\"343\" height=\"480\" \/><\/a><p id=\"caption-attachment-6240\" class=\"wp-caption-text\">APROFUNDAMENTO FOR\u00c7A E VIT\u00d3RIA &#8211; CN Minas<\/p><\/div>\n<p style=\"text-align: center\"><strong>APROFUNDAMENTO FOR\u00c7A E VIT\u00d3RIA &#8211; CN Minas\u00a0<\/strong><\/p>\n<p style=\"text-align: center\"><strong>De 01 a 03 de agosto, na Can\u00e7\u00e3o Nova Minas<\/strong><\/p>\n<p style=\"text-align: center\"><strong>Tema: O amor me faz um vencedor (Rm 8,37)<\/strong><\/p>\n<p style=\"text-align: center\">Presen\u00e7a: M\u00e1rcio Todeschini, Pe Jo\u00e3ozinho, scj<\/p>\n<p style=\"text-align: center\">Local: Av. Izabel Bueno, 400 \u2013 Jaragu\u00e1 \u2013 BH<\/p>\n<p style=\"text-align: center\">Fones: 3306-6690 \/ 3306-6691<\/p>\n<p>&nbsp;<\/p>\n<p style=\"text-align: justify\">\u201cDeus quer ver de cada um de n\u00f3s a nossa entrega verdadeira, a perseveran\u00e7a no caminho. Mesmo que a cura n\u00e3o aconte\u00e7a, continue em Deus. Lembra de quando ele pegou nas m\u00e3os do cego? Da sua parte, n\u00e3o solte as m\u00e3os do Senhor. N\u00e3o deixe a doutrina de Cristo por nada deste mundo. Fique na verdade que tem o poder de te libertar. Persevere! Voc\u00ea sabe em quem colocou a sua confian\u00e7a? Diante de uma doen\u00e7a, uma dor moral ou f\u00edsica, persevere no Senhor\u201d. (Ricardo Ida).<\/p>\n<p><span class=\"usercontent\">https:\/\/www.facebook.com\/CNMinas?fref=nf<\/span><\/p>\n<p>&nbsp;<\/p>\n<p>Confira a Programa\u00e7\u00e3o!<\/p>\n<p>APROFUNDAMENTO FOR\u00c7A E VIT\u00d3RIA &#8211; CN Minas<br \/>\nTema: O amor me faz um vencedor (Rm 8,37)<br \/>\nPresen\u00e7a: M\u00e1rcio Todeschini, Pe Jo\u00e3ozinho, scj<\/p>\n<p>De 01 a 03 de agosto, na Can\u00e7\u00e3o Nova Minas<br \/>\nLocal: Av. Izabel Bueno, 400 \u2013 Jaragu\u00e1 \u2013 BH<br \/>\nFones: 3306-6690 \/ 3306-6691<\/p>\n<p>Programa\u00e7\u00e3o<br \/>\nSexta dia 01\/08<br \/>\n19h30 \u2013 Santa Missa \u2013 Pe. Jo\u00e3ozinho<\/p>\n<p>Sabado dia 02\/08<br \/>\n13h30 \u2013 In\u00edcio do Encontro \u2013 Anima\u00e7\u00e3o \u2013 Louvor e Ora\u00e7\u00e3o<br \/>\n14h \u2013 Prega\u00e7\u00e3o \u2013 Pe. Jo\u00e3ozinho, scj<br \/>\nO Esp\u00edrito de vida, em Cristo Jesus, me livrou da lei do pecado e da morte<br \/>\n14h55 \u2013 Intervalo<br \/>\n15h15 \u2013 Anima\u00e7\u00e3o \u2013 Louvor e Ora\u00e7\u00e3o<br \/>\n15h45 \u2013 Prega\u00e7\u00e3o \u2013 M\u00e1rcio Todeschini<br \/>\nRecebestes o Esp\u00edrito de ado\u00e7\u00e3o de filhos, pelo qual clamamos: Aba, Pai<br \/>\n16h40 \u2013 Intervalo<br \/>\n17h \u2013 Santa Missa \u2013 Pe. Jo\u00e3ozinho, SCJ<br \/>\n18h30 \u2013 Encerramento<\/p>\n<p>Domingo dia 03\/08<br \/>\n08h \u2013 In\u00edcio do Encontro \u2013 Santo Ter\u00e7o<br \/>\n08h20 \u2013 Anima\u00e7\u00e3o \u2013 Louvor<br \/>\n08h40 \u2013 Prega\u00e7\u00e3o \u2013 Pe Joaozinho, SCJ<br \/>\nTodas as coisas contribuem juntamente para o bem daqueles que amam a Deus<br \/>\n09h30 \u2013 Ora\u00e7\u00e3o e prepara\u00e7\u00e3o para a pr\u00f3xima prega\u00e7\u00e3o<br \/>\n09h45 \u2013 Prega\u00e7\u00e3o \u2013 Marcio Todeschini \u2013 Somos mais do que vencedores, por aquele que nos amou<br \/>\n10h35 \u2013 Intervalo<br \/>\n11h \u2013 Santa Missa de Encerramento \u2013 Pe Joaozinho, SCJ<br \/>\n12h30 \u2013 Intervalo do Almo\u00e7o<br \/>\n14h \u2013 Anima\u00e7\u00e3o e Testemunhos<br \/>\n14h30 \u2013 Adora\u00e7\u00e3o ao Sant\u00edssimo Sacramento \u2013 Pe Ademir<br \/>\n15h30 \u2013 B\u00ean\u00e7\u00e3o do Sant\u00edssimo e encerramento do Encontro<\/p>\n<p>OBS: Programa\u00e7\u00e3o sujeita a altera\u00e7\u00f5es sem aviso pr\u00e9vio<\/p>\n<\/div>","protected":false},"excerpt":{"rendered":"<p>APROFUNDAMENTO FOR\u00c7A E VIT\u00d3RIA &#8211; CN Minas\u00a0 De 01 a 03 de agosto, na Can\u00e7\u00e3o Nova Minas Tema: O amor me faz um vencedor (Rm 8,37) Presen\u00e7a: M\u00e1rcio Todeschini, Pe Jo\u00e3ozinho, scj Local: Av. Izabel Bueno, 400 \u2013 Jaragu\u00e1 \u2013&#8230;<\/p>\n","protected":false},"author":4644,"featured_media":0,"comment_status":"open","ping_status":"open","sticky":false,"template":"","format":"standard","meta":{"_mi_skip_tracking":false,"_monsterinsights_sitenote_active":false,"_monsterinsights_sitenote_note":"","_monsterinsights_sitenote_category":0,"footnotes":""},"categories":[19],"tags":[],"_links":{"self":[{"href":"https:\/\/blog.cancaonova.com\/belohorizonte\/wp-json\/wp\/v2\/posts\/6239"}],"collection":[{"href":"https:\/\/blog.cancaonova.com\/belohorizonte\/wp-json\/wp\/v2\/posts"}],"about":[{"href":"https:\/\/blog.cancaonova.com\/belohorizonte\/wp-json\/wp\/v2\/types\/post"}],"author":[{"embeddable":true,"href":"https:\/\/blog.cancaonova.com\/belohorizonte\/wp-json\/wp\/v2\/users\/4644"}],"replies":[{"embeddable":true,"href":"https:\/\/blog.cancaonova.com\/belohorizonte\/wp-json\/wp\/v2\/comments?post=6239"}],"version-history":[{"count":14,"href":"https:\/\/blog.cancaonova.com\/belohorizonte\/wp-json\/wp\/v2\/posts\/6239\/revisions"}],"predecessor-version":[{"id":6256,"href":"https:\/\/blog.cancaonova.com\/belohorizonte\/wp-json\/wp\/v2\/posts\/6239\/revisions\/6256"}],"wp:attachment":[{"href":"https:\/\/blog.cancaonova.com\/belohorizonte\/wp-json\/wp\/v2\/media?parent=6239"}],"wp:term":[{"taxonomy":"category","embeddable":true,"href":"https:\/\/blog.cancaonova.com\/belohorizonte\/wp-json\/wp\/v2\/categories?post=6239"},{"taxonomy":"post_tag","embeddable":true,"href":"https:\/\/blog.cancaonova.com\/belohorizonte\/wp-json\/wp\/v2\/tags?post=6239"}],"curies":[{"name":"wp","href":"https:\/\/api.w.org\/{rel}","templated":true}]}}