{"id":6288,"date":"2014-08-21T09:56:35","date_gmt":"2014-08-21T12:56:35","guid":{"rendered":"http:\/\/blog.cancaonova.com\/bh\/?p=6288"},"modified":"2014-08-21T09:56:35","modified_gmt":"2014-08-21T12:56:35","slug":"eventos-cn-minas","status":"publish","type":"post","link":"https:\/\/blog.cancaonova.com\/belohorizonte\/eventos-cn-minas\/","title":{"rendered":"Eventos CN Minas"},"content":{"rendered":"<div class=\"pf-content\"><p><span style=\"text-decoration: underline\"><\/span><\/p>\n<p><strong>Eventos na Can\u00e7\u00e3o Nova Minas 2014<br \/>\n<\/strong>(atualizado em 03\/07\/2014)<\/p>\n<p style=\"text-align: justify\">\n<p style=\"text-align: justify\">Fevereiro 14 a 16 \u2013 Encontro para as fam\u00edlias \u2013 Pe. R\u00f3ger Ara\u00fajo, M\u00e1rcio Todeschini e Eliete<\/p>\n<p style=\"text-align: justify\">Mar\u00e7o 14 a 16 \u2013 Aprofundamento de Cura e Liberta\u00e7\u00e3o \u2013 Pe. Vagner Ba\u00eda<\/p>\n<p style=\"text-align: justify\">Abril 08 a 10 \u2013 Semin\u00e1rio de Cura e Liberta\u00e7\u00e3o \u2013 Ir. Maria Eunice<\/p>\n<p style=\"text-align: justify\">Abril 11 a 13 \u2013 Aprofundamento de Cura Interior \u2013 Ir. Maria Eunice<\/p>\n<p style=\"text-align: justify\">Maio 23 a 25 \u2013 Aprodundamento \u201cCom Deus&#8230; tem jeito!\u201d &#8211; Cleto Coelho e Cassiano Meireles<\/p>\n<p style=\"text-align: justify\">Junho 20 a 22 \u2013 Encontro de Cura Interior &#8211; Pe. Ademir, Marcio Todeschini e Eudes<\/p>\n<p style=\"text-align: justify\">Julho 25 a 27 \u2013 Aprofundamento\u00a0 de Ora\u00e7\u00e3o \u2013 J\u00falio Brebal e Ricardo Ida<\/p>\n<p style=\"text-align: justify\">Agosto 01 a 03 \u2013 Aprofundamento de Ora\u00e7\u00e3o \u2013 Pe Joaozinho, SCJ e M\u00e1rcio Todeschini<\/p>\n<p style=\"text-align: justify\">Setembro 06 e 07 \u2013 Aprofundamento de Cura e Liberta\u00e7\u00e3o &#8211;\u00a0 Ironi Spuldaro<\/p>\n<p style=\"text-align: justify\">Setembro 26 a 28 \u2013 Aprofundamento de Dons \u2013 M\u00e1rcio Mendes<\/p>\n<p style=\"text-align: justify\">Novembro 14 a 16 \u2013 Encontro \u201cFortes na Tribula\u00e7\u00e3o\u201d \u2013 Pe. Fabr\u00edcio e Juliana de Paula<\/p>\n<p style=\"text-align: justify\">Dezembro 12 a 14 \u2013 Aprofundamento \u201cQuero um amor maior\u201d &#8211; Adriano Gon\u00e7alves, Eudes Duarte e Cassiano Meireles<\/p>\n<p style=\"text-align: justify\">\n<p style=\"text-align: justify\">Obs: Programa\u00e7\u00f5es sujeitas a altera\u00e7\u00f5es sem aviso pr\u00e9vio. Siga-nos no twitter @CancaoNovaBH<\/p>\n<\/div>","protected":false},"excerpt":{"rendered":"<p>Eventos na Can\u00e7\u00e3o Nova Minas 2014 (atualizado em 03\/07\/2014) Fevereiro 14 a 16 \u2013 Encontro para as fam\u00edlias \u2013 Pe. R\u00f3ger Ara\u00fajo, M\u00e1rcio Todeschini e Eliete Mar\u00e7o 14 a 16 \u2013 Aprofundamento de Cura e Liberta\u00e7\u00e3o \u2013 Pe. Vagner Ba\u00eda&#8230;<\/p>\n","protected":false},"author":4644,"featured_media":0,"comment_status":"open","ping_status":"open","sticky":false,"template":"","format":"standard","meta":{"_mi_skip_tracking":false,"_monsterinsights_sitenote_active":false,"_monsterinsights_sitenote_note":"","_monsterinsights_sitenote_category":0,"footnotes":""},"categories":[19],"tags":[],"_links":{"self":[{"href":"https:\/\/blog.cancaonova.com\/belohorizonte\/wp-json\/wp\/v2\/posts\/6288"}],"collection":[{"href":"https:\/\/blog.cancaonova.com\/belohorizonte\/wp-json\/wp\/v2\/posts"}],"about":[{"href":"https:\/\/blog.cancaonova.com\/belohorizonte\/wp-json\/wp\/v2\/types\/post"}],"author":[{"embeddable":true,"href":"https:\/\/blog.cancaonova.com\/belohorizonte\/wp-json\/wp\/v2\/users\/4644"}],"replies":[{"embeddable":true,"href":"https:\/\/blog.cancaonova.com\/belohorizonte\/wp-json\/wp\/v2\/comments?post=6288"}],"version-history":[{"count":1,"href":"https:\/\/blog.cancaonova.com\/belohorizonte\/wp-json\/wp\/v2\/posts\/6288\/revisions"}],"predecessor-version":[{"id":6289,"href":"https:\/\/blog.cancaonova.com\/belohorizonte\/wp-json\/wp\/v2\/posts\/6288\/revisions\/6289"}],"wp:attachment":[{"href":"https:\/\/blog.cancaonova.com\/belohorizonte\/wp-json\/wp\/v2\/media?parent=6288"}],"wp:term":[{"taxonomy":"category","embeddable":true,"href":"https:\/\/blog.cancaonova.com\/belohorizonte\/wp-json\/wp\/v2\/categories?post=6288"},{"taxonomy":"post_tag","embeddable":true,"href":"https:\/\/blog.cancaonova.com\/belohorizonte\/wp-json\/wp\/v2\/tags?post=6288"}],"curies":[{"name":"wp","href":"https:\/\/api.w.org\/{rel}","templated":true}]}}