{"id":6310,"date":"2014-08-22T15:19:47","date_gmt":"2014-08-22T18:19:47","guid":{"rendered":"http:\/\/blog.cancaonova.com\/bh\/?p=6310"},"modified":"2014-08-22T15:21:50","modified_gmt":"2014-08-22T18:21:50","slug":"inscricoes-encerradas","status":"publish","type":"post","link":"https:\/\/blog.cancaonova.com\/belohorizonte\/inscricoes-encerradas\/","title":{"rendered":"INSCRI\u00c7\u00d5ES ENCERRADAS!"},"content":{"rendered":"<div class=\"pf-content\"><p>Informamos que, por motivo de limita\u00e7\u00e3o no espa\u00e7o f\u00edsico, as INSCRI\u00c7\u00d5ES EST\u00c3O ENCERRADAS para o Encontro de Cura e Liberta\u00e7\u00e3o com Ironi Spuldaro, a se realizar de 05 a 07\/09 na Can\u00e7\u00e3o Nova Minas.<\/p>\n<p>Quaisquer d\u00favidas favor entrar em contato pelo telefone 3306-6690.<\/p>\n<p>Por favor, COMPARTILHE e nos ajude a divulgar!<\/p>\n<p>Deus aben\u00e7oe,<\/p>\n<p>Equipe de Eventos<br \/>\nCan\u00e7\u00e3o Nova Minas<\/p>\n<p>&nbsp;<\/p>\n<\/div>","protected":false},"excerpt":{"rendered":"<p>Informamos que, por motivo de limita\u00e7\u00e3o no espa\u00e7o f\u00edsico, as INSCRI\u00c7\u00d5ES EST\u00c3O ENCERRADAS para o Encontro de Cura e Liberta\u00e7\u00e3o com Ironi Spuldaro, a se realizar de 05 a 07\/09 na Can\u00e7\u00e3o Nova Minas. Quaisquer d\u00favidas favor entrar em contato&#8230;<\/p>\n","protected":false},"author":4644,"featured_media":0,"comment_status":"open","ping_status":"open","sticky":false,"template":"","format":"standard","meta":{"_mi_skip_tracking":false,"_monsterinsights_sitenote_active":false,"_monsterinsights_sitenote_note":"","_monsterinsights_sitenote_category":0,"footnotes":""},"categories":[19],"tags":[],"_links":{"self":[{"href":"https:\/\/blog.cancaonova.com\/belohorizonte\/wp-json\/wp\/v2\/posts\/6310"}],"collection":[{"href":"https:\/\/blog.cancaonova.com\/belohorizonte\/wp-json\/wp\/v2\/posts"}],"about":[{"href":"https:\/\/blog.cancaonova.com\/belohorizonte\/wp-json\/wp\/v2\/types\/post"}],"author":[{"embeddable":true,"href":"https:\/\/blog.cancaonova.com\/belohorizonte\/wp-json\/wp\/v2\/users\/4644"}],"replies":[{"embeddable":true,"href":"https:\/\/blog.cancaonova.com\/belohorizonte\/wp-json\/wp\/v2\/comments?post=6310"}],"version-history":[{"count":2,"href":"https:\/\/blog.cancaonova.com\/belohorizonte\/wp-json\/wp\/v2\/posts\/6310\/revisions"}],"predecessor-version":[{"id":6312,"href":"https:\/\/blog.cancaonova.com\/belohorizonte\/wp-json\/wp\/v2\/posts\/6310\/revisions\/6312"}],"wp:attachment":[{"href":"https:\/\/blog.cancaonova.com\/belohorizonte\/wp-json\/wp\/v2\/media?parent=6310"}],"wp:term":[{"taxonomy":"category","embeddable":true,"href":"https:\/\/blog.cancaonova.com\/belohorizonte\/wp-json\/wp\/v2\/categories?post=6310"},{"taxonomy":"post_tag","embeddable":true,"href":"https:\/\/blog.cancaonova.com\/belohorizonte\/wp-json\/wp\/v2\/tags?post=6310"}],"curies":[{"name":"wp","href":"https:\/\/api.w.org\/{rel}","templated":true}]}}