{"id":6337,"date":"2014-08-28T15:46:35","date_gmt":"2014-08-28T18:46:35","guid":{"rendered":"http:\/\/blog.cancaonova.com\/bh\/?p=6337"},"modified":"2015-03-12T10:36:40","modified_gmt":"2015-03-12T13:36:40","slug":"aprofundamento-de-oracao-com-o-tema-como-se-dar-bem-com-quem-voce-quer-bem","status":"publish","type":"post","link":"https:\/\/blog.cancaonova.com\/belohorizonte\/aprofundamento-de-oracao-com-o-tema-como-se-dar-bem-com-quem-voce-quer-bem\/","title":{"rendered":"Aprofundamento de Ora\u00e7\u00e3o com o tema \" Como se dar bem com quem voc\u00ea quer bem\""},"content":{"rendered":"<div class=\"pf-content\"><div id=\"attachment_6327\" style=\"width: 304px\" class=\"wp-caption alignleft\"><a href=\"http:\/\/blog.cancaonova.com\/bh\/files\/2014\/08\/EVENTO-MARCIO-MENDES.jpg\"><img loading=\"lazy\" decoding=\"async\" aria-describedby=\"caption-attachment-6327\" class=\"wp-image-6327 \" src=\"http:\/\/blog.cancaonova.com\/bh\/files\/2014\/08\/EVENTO-MARCIO-MENDES.jpg\" alt=\"Aprofundamento de Ora\u00e7\u00e3o com o tema  &quot; Como se dar bem com quem voc\u00ea quer bem&quot;\" width=\"294\" height=\"514\" \/><\/a><p id=\"caption-attachment-6327\" class=\"wp-caption-text\">Aprofundamento de Ora\u00e7\u00e3o com o tema &#8221; Como se dar bem com quem voc\u00ea quer bem&#8221;<\/p><\/div>\n<p>&nbsp;<\/p>\n<h3>Marcio Mendes nos convida atrav\u00e9s da pr\u00e1tica de mudan\u00e7a de posturas descobrir o verdadeiro sentido da amizade e cria\u00e7\u00e3o de relacionamentos s\u00f3lidos.<\/h3>\n<h3><\/h3>\n<h3><strong>De 26 a 28 de setembro a can\u00e7\u00e3o Nova Minas vai promover Aprofundamento de Ora\u00e7\u00e3o com o tema &#8221; Como se dar bem com quem voc\u00ea quer bem&#8221;<\/strong><\/h3>\n<p>&nbsp;<\/p>\n<h3><\/h3>\n<h3><\/h3>\n<h3><\/h3>\n<h3><\/h3>\n<h3><strong>Loca: Av. Isabel Bueno, 400 \u2013 Jaragu\u00e1<\/strong><\/h3>\n<h3 style=\"color: #292929\"><strong>Ligue e fa\u00e7a j\u00e1 sua inscri\u00e7\u00e3o: (31)3306-6690<\/strong><\/h3>\n<h3 style=\"color: #292929\"><strong>Ou visite a nossa loja na Av. Amazonas, 121 Centro\/BH<\/strong><\/h3>\n<h3 style=\"color: #292929\"><\/h3>\n<h3 style=\"color: #292929\">Vagas limitadas!<\/h3>\n<p>&nbsp;<\/p>\n<p>Voc\u00ea j\u00e1 esteve com v\u00e1rias pessoas ao seu redor, mas ao mesmo tempo j\u00e1 se sentiu s\u00f3?<span class=\"apple-converted-space\">\u00a0<\/span><br \/>\nA solid\u00e3o \u00e9 um dos assuntos que voc\u00ea ir\u00e1 encontrar nesta obra, al\u00e9m de temas que fazem parte do dia a dia dos relacionamentos, seja entre amigos, um casal ou pais e filhos.<\/p>\n<p>&nbsp;<\/p>\n<p>\u201cComo se dar bem com quem voc\u00ea quer bem\u201d \u00e9 uma obra para que voc\u00ea possa encontrar, em cada p\u00e1gina, os meios para descobrir amizades verdadeiras, criar relacionamentos s\u00f3lidos e vibrantes, bem como fazer que sua liga\u00e7\u00e3o com as pessoas torne-se melhor dia ap\u00f3s dia.<\/p>\n<p>&nbsp;<\/p>\n<p>Ao p\u00f4r em pr\u00e1tica essas indica\u00e7\u00f5es, voc\u00ea vai constatar, de imediato, resultados surpreendentes. Portanto, n\u00e3o se espante quando perceber suas amizades se multiplicarem, seu namoro transformar-se em algo promissor ou seu casamento converter-se numa rela\u00e7\u00e3o mais segura e feliz.<\/p>\n<p>&nbsp;<\/p>\n<p>Qualquer que seja sua situa\u00e7\u00e3o atual, voc\u00ea poder\u00e1 transformar sua conviv\u00eancia com as pessoas por meio de uma atitude mais s\u00e1bia e corajosa. \u201cAprender \u00e9 mudar posturas.\u201d<span class=\"apple-converted-space\">\u00a0<\/span><br \/>\nCom as informa\u00e7\u00f5es e atitudes corretas voc\u00ea conseguir\u00e1 curar relacionamentos feridos, melhorar os dif\u00edceis, aprofundar os mais importantes, reconstruir os arruinados e criar novos la\u00e7os de ternura e confian\u00e7a.<\/p>\n<p>&nbsp;<\/p>\n<p>M\u00e1rcio Mendes \u00e9 autor de outros doze t\u00edtulos e conta com mais de um milh\u00e3o de livros vendidos no Brasil. Suas obras foram traduzidas para o espanhol, franc\u00eas, croata e esloveno. Atua como apresentador dos programas \u201cSorrindo pra Vida\u201d (espiritualidade) e \u201cPapo Aberto\u201d (entrevistas), que s\u00e3o transmitidos pela r\u00e1dio e televis\u00e3o Can\u00e7\u00e3o Nova. Desde 1989, M\u00e1rcio trabalha a promo\u00e7\u00e3o humana e a espiritualidade como meios eficazes para se conseguir uma vida mais saud\u00e1vel e feliz.<\/p>\n<p><span style=\"color: #3b5998\"><a href=\"http:\/\/goo.gl\/WEMGhg\" target=\"_blank\">http:\/\/goo.gl\/WEMGhg<\/a>\u00a0\/<\/span>https:\/\/pt-br.facebook.com\/marciocancaonova<\/p>\n<p>&nbsp;<\/p>\n<p>&nbsp;<\/p>\n<p><span style=\"color: #292929\">Nossas redes sociais:\u00a0twitter @CancaoNovaBH \/\u00a0<\/span>https:\/\/www.facebook.com\/CNMinas?fref=nf<\/p>\n<\/div>","protected":false},"excerpt":{"rendered":"<p>&nbsp; Marcio Mendes nos convida atrav\u00e9s da pr\u00e1tica de mudan\u00e7a de posturas descobrir o verdadeiro sentido da amizade e cria\u00e7\u00e3o de relacionamentos s\u00f3lidos. De 26 a 28 de setembro a can\u00e7\u00e3o Nova Minas vai promover Aprofundamento de Ora\u00e7\u00e3o com o&#8230;<\/p>\n","protected":false},"author":4644,"featured_media":0,"comment_status":"open","ping_status":"open","sticky":false,"template":"","format":"standard","meta":{"_mi_skip_tracking":false,"_monsterinsights_sitenote_active":false,"_monsterinsights_sitenote_note":"","_monsterinsights_sitenote_category":0,"footnotes":""},"categories":[19],"tags":[],"_links":{"self":[{"href":"https:\/\/blog.cancaonova.com\/belohorizonte\/wp-json\/wp\/v2\/posts\/6337"}],"collection":[{"href":"https:\/\/blog.cancaonova.com\/belohorizonte\/wp-json\/wp\/v2\/posts"}],"about":[{"href":"https:\/\/blog.cancaonova.com\/belohorizonte\/wp-json\/wp\/v2\/types\/post"}],"author":[{"embeddable":true,"href":"https:\/\/blog.cancaonova.com\/belohorizonte\/wp-json\/wp\/v2\/users\/4644"}],"replies":[{"embeddable":true,"href":"https:\/\/blog.cancaonova.com\/belohorizonte\/wp-json\/wp\/v2\/comments?post=6337"}],"version-history":[{"count":7,"href":"https:\/\/blog.cancaonova.com\/belohorizonte\/wp-json\/wp\/v2\/posts\/6337\/revisions"}],"predecessor-version":[{"id":6340,"href":"https:\/\/blog.cancaonova.com\/belohorizonte\/wp-json\/wp\/v2\/posts\/6337\/revisions\/6340"}],"wp:attachment":[{"href":"https:\/\/blog.cancaonova.com\/belohorizonte\/wp-json\/wp\/v2\/media?parent=6337"}],"wp:term":[{"taxonomy":"category","embeddable":true,"href":"https:\/\/blog.cancaonova.com\/belohorizonte\/wp-json\/wp\/v2\/categories?post=6337"},{"taxonomy":"post_tag","embeddable":true,"href":"https:\/\/blog.cancaonova.com\/belohorizonte\/wp-json\/wp\/v2\/tags?post=6337"}],"curies":[{"name":"wp","href":"https:\/\/api.w.org\/{rel}","templated":true}]}}