{"id":6447,"date":"2014-12-01T15:21:27","date_gmt":"2014-12-01T18:21:27","guid":{"rendered":"http:\/\/blog.cancaonova.com\/bh\/?p=6447"},"modified":"2014-12-01T15:30:08","modified_gmt":"2014-12-01T18:30:08","slug":"encontro-quero-um-amor-maior-2014","status":"publish","type":"post","link":"https:\/\/blog.cancaonova.com\/belohorizonte\/encontro-quero-um-amor-maior-2014\/","title":{"rendered":"Encontro \"Quero Um Amor Maior\" 2014!!"},"content":{"rendered":"<div class=\"pf-content\"><p>De 12 a 14 de dezembro de 2014, aqui na Can\u00e7\u00e3o Nova Minas, acontece o Encontro de Cura Interior &#8220;Quero Um Amor Maior&#8221; com Adriano Gon\u00e7alves do Revolu\u00e7\u00e3o Jesus e Eudes Duarte da RCC Minas.<\/p>\n<p><a href=\"http:\/\/blog.cancaonova.com\/bh\/files\/2014\/12\/DSC_9537.jpg\"><img loading=\"lazy\" decoding=\"async\" class=\"size-large wp-image-6451 aligncenter\" src=\"http:\/\/blog.cancaonova.com\/bh\/files\/2014\/12\/DSC_9537-600x300.jpg\" alt=\"DSC_9537\" width=\"600\" height=\"300\" srcset=\"https:\/\/blog.cancaonova.com\/belohorizonte\/files\/2014\/12\/DSC_9537-600x300.jpg 600w, https:\/\/blog.cancaonova.com\/belohorizonte\/files\/2014\/12\/DSC_9537-300x150.jpg 300w, https:\/\/blog.cancaonova.com\/belohorizonte\/files\/2014\/12\/DSC_9537-150x75.jpg 150w\" sizes=\"(max-width: 600px) 100vw, 600px\" \/><\/a><\/p>\n<p>&nbsp;<\/p>\n<p>Confira a programa\u00e7\u00e3o:<\/p>\n<p style=\"text-align: center\"><strong>Encontro de Cura Interior<\/strong><\/p>\n<p style=\"text-align: center\"><strong>Tema: &#8220;Quero Um Amor Maior&#8221;<\/strong><\/p>\n<p style=\"text-align: center\">Presen\u00e7a: Adriano Gon\u00e7alves (Can\u00e7\u00e3o Nova\/RVJ) e Eudes Duarte (RCC Minas)<\/p>\n<p style=\"text-align: center\">De 12 a 14 de Dezembro, na Can\u00e7\u00e3o Nova Minas<br \/>\nInscri\u00e7\u00f5es no local do encontro: Av. Izabel Bueno, 400 \u2013 Jaragu\u00e1 \u2013 BH<br \/>\nInforma\u00e7\u00f5es atrav\u00e9s dos fones: 3306-6690 \/ 3306-6691<\/p>\n<p style=\"text-align: center\">VAGAS LIMITADAS<\/p>\n<p style=\"text-align: center\"><strong>Programa\u00e7\u00e3o<\/strong><\/p>\n<ul>\n<li><strong>Sexta dia 12\/12 <\/strong><\/li>\n<\/ul>\n<p><strong>19h30 \u2013 Santa Missa \u2013 Pe Ademir<\/strong><\/p>\n<ul>\n<li><strong>S\u00e1bado dia 13\/12<\/strong><\/li>\n<\/ul>\n<p>13h30 \u2013 In\u00edcio do Encontro \u2013 Anima\u00e7\u00e3o \u2013 Louvor e Ora\u00e7\u00e3o<br \/>\n<strong>14h \u2013 Prega\u00e7\u00e3o \u2013 Adriano Gon\u00e7alves<\/strong><br \/>\n<strong>15h \u2013 Ora\u00e7\u00e3o de Cura Interior \u2013 Eudes Duarte<\/strong><\/p>\n<p>15h25 \u2013 Promo\u00e7\u00e3o e Intervalo<br \/>\n15h40 \u2013 Anima\u00e7\u00e3o<br \/>\n<strong>15h50 \u2013 Prega\u00e7\u00e3o \u2013 Eudes Duarte<\/strong><\/p>\n<p><strong>16h50 \u2013 Ora\u00e7\u00e3o de Cura Interior \u2013 Adriano Gon\u00e7alves<\/strong><\/p>\n<p>17h15 \u2013 Promo\u00e7\u00e3o e Intervalo<\/p>\n<p><strong>17h30 \u2013 Santa Missa \u2013 Pe Ademir<\/strong><\/p>\n<p>18h45 \u2013 Encerramento<\/p>\n<ul>\n<li><strong>Domingo dia 14\/12<\/strong><\/li>\n<\/ul>\n<p>08h \u2013 In\u00edcio do Encontro \u2013 Santo\u00a0Ter\u00e7o<\/p>\n<p>08h30 \u2013 Anima\u00e7\u00e3o \u2013 Louvor e Ora\u00e7\u00e3o<\/p>\n<p><strong>09h \u2013 Prega\u00e7\u00e3o \u2013 Adriano Gon\u00e7alves <\/strong><\/p>\n<p><strong>10h \u2013 Ora\u00e7\u00e3o de Cura Interior \u2013 Eudes Duarte<\/strong><\/p>\n<p>10h20 \u2013 Intervalo e Aut\u00f3grafos na Loja CN (t\u00e9rreo CN Minas \u2013 Adriano e Eudes)<\/p>\n<p>11h \u2013 Anima\u00e7\u00e3o \u2013 Louvor e Ora\u00e7\u00e3o<\/p>\n<p>11h20 \u2013 <strong>Adora\u00e7\u00e3o ao Sant\u00edssimo \u2013 Adriano Gon\u00e7alves e Eudes Duarte<\/strong><\/p>\n<p>12h20 \u2013 Intervalo do Almo\u00e7o<\/p>\n<p>&nbsp;<\/p>\n<p>14h \u2013 Anima\u00e7\u00e3o &#8211; Testemunhos<\/p>\n<p><strong>14h30 \u2013 Santa Missa de Encerramento \u2013 Pe Ademir<\/strong><\/p>\n<p><strong>\u00a0<\/strong><\/p>\n<p><em>\u00a0<\/em><em>OBS: Programa\u00e7\u00e3o sujeita a altera\u00e7\u00f5es sem aviso pr\u00e9vio<\/em><\/p>\n<\/div>","protected":false},"excerpt":{"rendered":"<p>De 12 a 14 de dezembro de 2014, aqui na Can\u00e7\u00e3o Nova Minas, acontece o Encontro de Cura Interior &#8220;Quero Um Amor Maior&#8221; com Adriano Gon\u00e7alves do Revolu\u00e7\u00e3o Jesus e Eudes Duarte da RCC Minas. &nbsp; Confira a programa\u00e7\u00e3o: Encontro&#8230;<\/p>\n","protected":false},"author":4644,"featured_media":0,"comment_status":"open","ping_status":"open","sticky":false,"template":"","format":"standard","meta":{"_mi_skip_tracking":false,"_monsterinsights_sitenote_active":false,"_monsterinsights_sitenote_note":"","_monsterinsights_sitenote_category":0,"footnotes":""},"categories":[19],"tags":[],"_links":{"self":[{"href":"https:\/\/blog.cancaonova.com\/belohorizonte\/wp-json\/wp\/v2\/posts\/6447"}],"collection":[{"href":"https:\/\/blog.cancaonova.com\/belohorizonte\/wp-json\/wp\/v2\/posts"}],"about":[{"href":"https:\/\/blog.cancaonova.com\/belohorizonte\/wp-json\/wp\/v2\/types\/post"}],"author":[{"embeddable":true,"href":"https:\/\/blog.cancaonova.com\/belohorizonte\/wp-json\/wp\/v2\/users\/4644"}],"replies":[{"embeddable":true,"href":"https:\/\/blog.cancaonova.com\/belohorizonte\/wp-json\/wp\/v2\/comments?post=6447"}],"version-history":[{"count":4,"href":"https:\/\/blog.cancaonova.com\/belohorizonte\/wp-json\/wp\/v2\/posts\/6447\/revisions"}],"predecessor-version":[{"id":6453,"href":"https:\/\/blog.cancaonova.com\/belohorizonte\/wp-json\/wp\/v2\/posts\/6447\/revisions\/6453"}],"wp:attachment":[{"href":"https:\/\/blog.cancaonova.com\/belohorizonte\/wp-json\/wp\/v2\/media?parent=6447"}],"wp:term":[{"taxonomy":"category","embeddable":true,"href":"https:\/\/blog.cancaonova.com\/belohorizonte\/wp-json\/wp\/v2\/categories?post=6447"},{"taxonomy":"post_tag","embeddable":true,"href":"https:\/\/blog.cancaonova.com\/belohorizonte\/wp-json\/wp\/v2\/tags?post=6447"}],"curies":[{"name":"wp","href":"https:\/\/api.w.org\/{rel}","templated":true}]}}