{"id":6455,"date":"2015-03-11T10:08:49","date_gmt":"2015-03-11T13:08:49","guid":{"rendered":"http:\/\/blog.cancaonova.com\/bh\/2015\/03\/11\/programacao-semanal\/"},"modified":"2015-03-12T10:41:52","modified_gmt":"2015-03-12T13:41:52","slug":"programacao-semanal","status":"publish","type":"post","link":"https:\/\/blog.cancaonova.com\/belohorizonte\/programacao-semanal\/","title":{"rendered":"Programa\u00e7\u00e3o Semanal"},"content":{"rendered":"<div class=\"pf-content\"><p>Venha participar das nossas atividades ao longo da semana aqui na Can\u00e7\u00e3o Nova Minas.<\/p>\n<p>AV. Isabel Bueno, 400 Jaragu\u00e1 \u2013 Belo Horizonte<\/p>\n<p>Fone (31) 3306-6690<\/p>\n<p><strong>Segunda &#8211; feira<\/strong><\/p>\n<p>15h00 Ter\u00e7o da Miseric\u00f3rdia<\/p>\n<p>17h30 Santa Missa<\/p>\n<p><strong>Ter\u00e7a &#8211; feira<\/strong><\/p>\n<p>12h00 Santa Missa<\/p>\n<p>15h00 Ter\u00e7o da Miseric\u00f3rdia<\/p>\n<p>19h30 Grupo de Ora\u00e7\u00e3o<\/p>\n<p><strong>Quarta &#8211; feira\u00a0<\/strong><\/p>\n<p>12h00 Santa Missa<\/p>\n<p>15h00 Ter\u00e7o da Miseric\u00f3rdia<\/p>\n<p><strong>Quinta &#8211; feira\u00a0<\/strong><\/p>\n<p>15h00 \u00e1s 19h00 Adora\u00e7\u00e3o ao Sant\u00edssimo<\/p>\n<p>19h30 Santa Missa<\/p>\n<p><strong>Sexta &#8211; feira<\/strong><\/p>\n<p>15:00 Ter\u00e7o da Miseric\u00f3rdia<\/p>\n<p>17h30 Santa Missa\u00a0quando n\u00e3o houver Missa de Abertura de algum encontro \u00e1s 19h30.<\/p>\n<p><strong>Obs:<\/strong> Por enquanto n\u00e3o est\u00e3o acontecendo os atendimentos de Confiss\u00e3o, pois Pe. Ademir da Costa\u00a0est\u00e1 cursando duas faculdades ao mesmo tempo, e infelizmente n\u00e3o disp\u00f5e de tempo suficiente.<\/p>\n<\/div>","protected":false},"excerpt":{"rendered":"<p>Venha participar das nossas atividades ao longo da semana aqui na Can\u00e7\u00e3o Nova Minas. AV. Isabel Bueno, 400 Jaragu\u00e1 \u2013 Belo Horizonte Fone (31) 3306-6690 Segunda &#8211; feira 15h00 Ter\u00e7o da Miseric\u00f3rdia 17h30 Santa Missa Ter\u00e7a &#8211; feira 12h00 Santa&#8230;<\/p>\n","protected":false},"author":4644,"featured_media":0,"comment_status":"open","ping_status":"open","sticky":false,"template":"","format":"standard","meta":{"_mi_skip_tracking":false,"_monsterinsights_sitenote_active":false,"_monsterinsights_sitenote_note":"","_monsterinsights_sitenote_category":0,"footnotes":""},"categories":[19],"tags":[],"_links":{"self":[{"href":"https:\/\/blog.cancaonova.com\/belohorizonte\/wp-json\/wp\/v2\/posts\/6455"}],"collection":[{"href":"https:\/\/blog.cancaonova.com\/belohorizonte\/wp-json\/wp\/v2\/posts"}],"about":[{"href":"https:\/\/blog.cancaonova.com\/belohorizonte\/wp-json\/wp\/v2\/types\/post"}],"author":[{"embeddable":true,"href":"https:\/\/blog.cancaonova.com\/belohorizonte\/wp-json\/wp\/v2\/users\/4644"}],"replies":[{"embeddable":true,"href":"https:\/\/blog.cancaonova.com\/belohorizonte\/wp-json\/wp\/v2\/comments?post=6455"}],"version-history":[{"count":3,"href":"https:\/\/blog.cancaonova.com\/belohorizonte\/wp-json\/wp\/v2\/posts\/6455\/revisions"}],"predecessor-version":[{"id":6458,"href":"https:\/\/blog.cancaonova.com\/belohorizonte\/wp-json\/wp\/v2\/posts\/6455\/revisions\/6458"}],"wp:attachment":[{"href":"https:\/\/blog.cancaonova.com\/belohorizonte\/wp-json\/wp\/v2\/media?parent=6455"}],"wp:term":[{"taxonomy":"category","embeddable":true,"href":"https:\/\/blog.cancaonova.com\/belohorizonte\/wp-json\/wp\/v2\/categories?post=6455"},{"taxonomy":"post_tag","embeddable":true,"href":"https:\/\/blog.cancaonova.com\/belohorizonte\/wp-json\/wp\/v2\/tags?post=6455"}],"curies":[{"name":"wp","href":"https:\/\/api.w.org\/{rel}","templated":true}]}}