{"id":6607,"date":"2015-03-27T10:56:28","date_gmt":"2015-03-27T13:56:28","guid":{"rendered":"http:\/\/blog.cancaonova.com\/bh\/2015\/03\/27\/missa-da-quinta-feira\/"},"modified":"2015-03-27T10:56:28","modified_gmt":"2015-03-27T13:56:28","slug":"missa-da-quinta-feira","status":"publish","type":"post","link":"https:\/\/blog.cancaonova.com\/belohorizonte\/missa-da-quinta-feira\/","title":{"rendered":"Missa da Quinta-feira"},"content":{"rendered":"<div class=\"pf-content\"><p>Todas as quintas-feiras, \u00e0s 19h30, temos a Santa Missa da Miseric\u00f3rdia na sede da Can\u00e7\u00e3o Nova de Belo Horizonte.<\/p>\n<p>Normalmente ela \u00e9 celebrada pelo Pe. Ademir da comunidade Can\u00e7\u00e3o Nova, <a href=\"http:\/\/blog.cancaonova.com\/bh\/files\/2015\/03\/prega\u00e7\u00e3o.jpg\"><img loading=\"lazy\" decoding=\"async\" class=\"alignleft  wp-image-6608\" src=\"http:\/\/blog.cancaonova.com\/bh\/files\/2015\/03\/prega\u00e7\u00e3o-400x533.jpg\" alt=\"prega\u00e7\u00e3o\" width=\"438\" height=\"584\" srcset=\"https:\/\/blog.cancaonova.com\/belohorizonte\/files\/2015\/03\/prega\u00e7\u00e3o-400x533.jpg 400w, https:\/\/blog.cancaonova.com\/belohorizonte\/files\/2015\/03\/prega\u00e7\u00e3o-150x200.jpg 150w, https:\/\/blog.cancaonova.com\/belohorizonte\/files\/2015\/03\/prega\u00e7\u00e3o.jpg 960w\" sizes=\"(max-width: 438px) 100vw, 438px\" \/><\/a><\/p>\n<p>mas todas as quartas quintas-feiras de cada m\u00eas quem celebra \u00e9 o Pe. Gilson de Oliveira Filho.<\/p>\n<p>&nbsp;<\/p>\n<p>&nbsp;<\/p>\n<p>&nbsp;<\/p>\n<p>&nbsp;<\/p>\n<p>&nbsp;<\/p>\n<p>&nbsp;<\/p>\n<p>&nbsp;<\/p>\n<p>&nbsp;<\/p>\n<p>&nbsp;<\/p>\n<p>&nbsp;<\/p>\n<p>&nbsp;<\/p>\n<p>&nbsp;<\/p>\n<p>&nbsp;<\/p>\n<p>Na missa do Pe. Gilson, somos convidados de forma concreta a partilhar generosamente com a obra assistencial que ele ap\u00f3ia. Tudo o que arrecadamos \u00e9 encaminhado para l\u00e1.<\/p>\n<p><a href=\"http:\/\/blog.cancaonova.com\/bh\/files\/2015\/03\/ofertorio.jpg\"><img loading=\"lazy\" decoding=\"async\" class=\"alignleft size-thumbnail wp-image-6613\" src=\"http:\/\/blog.cancaonova.com\/bh\/files\/2015\/03\/ofertorio-400x300.jpg\" alt=\"ofertorio\" width=\"400\" height=\"300\" srcset=\"https:\/\/blog.cancaonova.com\/belohorizonte\/files\/2015\/03\/ofertorio-400x300.jpg 400w, https:\/\/blog.cancaonova.com\/belohorizonte\/files\/2015\/03\/ofertorio.jpg 1280w\" sizes=\"(max-width: 400px) 100vw, 400px\" \/><\/a><\/p>\n<p>&nbsp;<\/p>\n<p>&nbsp;<\/p>\n<p>&nbsp;<\/p>\n<p>&nbsp;<\/p>\n<p>&nbsp;<\/p>\n<p>&nbsp;<\/p>\n<p>&nbsp;<\/p>\n<p>&nbsp;<\/p>\n<p>&nbsp;<\/p>\n<p>Cada Santa Missa de quinta-feira tem uma tem\u00e1tica diferente.\u00a0Ontem, ao final, o Pe. Gilson passeou com o Sant\u00edssimo Sacramento e deu a ben\u00e7\u00e3o sobre n\u00f3s.Logo ap\u00f3s, ungiu a m\u00e3o direita de todos um por um com \u00f3leo aben\u00e7oado para que, em casa, cada um pudesse rezar por seus lares e familiares.<\/p>\n<p><span style=\"color: #ff0000\"><strong>Semana Santa<\/strong><\/span><\/p>\n<p>*Na Semana Santa, <span style=\"color: #000000\">desde a segunda-feira 30\/03\/15\u00a0<\/span>somos convidados a participar das atividades em nossas par\u00f3quias. Por isso n\u00e3o teremos <strong>nenhuma atividade<\/strong> aqui na casa de miss\u00e3o. Retornamos com as nossas atividades 06\/04\/15.<\/p>\n<p>&nbsp;<\/p>\n<p>&nbsp;<\/p>\n<\/div>","protected":false},"excerpt":{"rendered":"<p>Todas as quintas-feiras, \u00e0s 19h30, temos a Santa Missa da Miseric\u00f3rdia na sede da Can\u00e7\u00e3o Nova de Belo Horizonte. Normalmente ela \u00e9 celebrada pelo Pe. Ademir da comunidade Can\u00e7\u00e3o Nova, mas todas as quartas quintas-feiras de cada m\u00eas quem celebra&#8230;<\/p>\n","protected":false},"author":4644,"featured_media":0,"comment_status":"open","ping_status":"open","sticky":false,"template":"","format":"standard","meta":{"_mi_skip_tracking":false,"_monsterinsights_sitenote_active":false,"_monsterinsights_sitenote_note":"","_monsterinsights_sitenote_category":0,"footnotes":""},"categories":[19],"tags":[],"_links":{"self":[{"href":"https:\/\/blog.cancaonova.com\/belohorizonte\/wp-json\/wp\/v2\/posts\/6607"}],"collection":[{"href":"https:\/\/blog.cancaonova.com\/belohorizonte\/wp-json\/wp\/v2\/posts"}],"about":[{"href":"https:\/\/blog.cancaonova.com\/belohorizonte\/wp-json\/wp\/v2\/types\/post"}],"author":[{"embeddable":true,"href":"https:\/\/blog.cancaonova.com\/belohorizonte\/wp-json\/wp\/v2\/users\/4644"}],"replies":[{"embeddable":true,"href":"https:\/\/blog.cancaonova.com\/belohorizonte\/wp-json\/wp\/v2\/comments?post=6607"}],"version-history":[{"count":15,"href":"https:\/\/blog.cancaonova.com\/belohorizonte\/wp-json\/wp\/v2\/posts\/6607\/revisions"}],"predecessor-version":[{"id":6626,"href":"https:\/\/blog.cancaonova.com\/belohorizonte\/wp-json\/wp\/v2\/posts\/6607\/revisions\/6626"}],"wp:attachment":[{"href":"https:\/\/blog.cancaonova.com\/belohorizonte\/wp-json\/wp\/v2\/media?parent=6607"}],"wp:term":[{"taxonomy":"category","embeddable":true,"href":"https:\/\/blog.cancaonova.com\/belohorizonte\/wp-json\/wp\/v2\/categories?post=6607"},{"taxonomy":"post_tag","embeddable":true,"href":"https:\/\/blog.cancaonova.com\/belohorizonte\/wp-json\/wp\/v2\/tags?post=6607"}],"curies":[{"name":"wp","href":"https:\/\/api.w.org\/{rel}","templated":true}]}}