{"id":6885,"date":"2016-01-27T12:46:34","date_gmt":"2016-01-27T15:46:34","guid":{"rendered":"http:\/\/blog.cancaonova.com\/bh\/?p=6885"},"modified":"2016-01-28T13:09:50","modified_gmt":"2016-01-28T16:09:50","slug":"encontro-de-cura-interior","status":"publish","type":"post","link":"https:\/\/blog.cancaonova.com\/belohorizonte\/encontro-de-cura-interior\/","title":{"rendered":"Encontro de Cura Interior"},"content":{"rendered":"<div class=\"pf-content\"><p><strong>Primeiro encontro do ano na CN Minas<\/strong><\/p>\n<p><a href=\"http:\/\/blog.cancaonova.com\/bh\/files\/2016\/01\/encontro-de-cura-interior.png\"><img loading=\"lazy\" decoding=\"async\" class=\"alignleft size-medium wp-image-6886\" src=\"http:\/\/blog.cancaonova.com\/bh\/files\/2016\/01\/encontro-de-cura-interior-400x341.png\" alt=\"encontro de cura interior\" width=\"400\" height=\"341\" srcset=\"https:\/\/blog.cancaonova.com\/belohorizonte\/files\/2016\/01\/encontro-de-cura-interior-400x341.png 400w, https:\/\/blog.cancaonova.com\/belohorizonte\/files\/2016\/01\/encontro-de-cura-interior.png 679w\" sizes=\"(max-width: 400px) 100vw, 400px\" \/><\/a>A Can\u00e7\u00e3o Nova Minas promove entre os dias 19 e 21 de fevereiro o Encontro de Cura Interior com o tema<em> &#8220;A cura dos cora\u00e7\u00f5es doloridos&#8221;<\/em>. O evento ter\u00e1 a participa\u00e7\u00e3o Ricardo Ida e Julio Brebal, mission\u00e1rios da <a href=\"http:\/\/www.cancaonova.com\/\">Comunidade Can\u00e7\u00e3o Nova<\/a>, al\u00e9m da cantora Cidinha Cunha que far\u00e1 a anima\u00e7\u00e3o durante todo o encontro.<\/p>\n<p><strong>Fa\u00e7a a sua inscri\u00e7\u00e3o pelo 3306 6690<\/strong><!--Leia mais--><\/p>\n<p>O objetivo do encontro \u00e9 trabalhar a <a href=\"https:\/\/www.google.com\/url?q=http:\/\/formacao.cancaonova.com\/cura-interior-2\/a-importancia-da-cura-interior\/&amp;sa=U&amp;ved=0ahUKEwjJ0bKno8rKAhUJHx4KHfwbD-cQFggKMAI&amp;client=internal-uds-cse&amp;usg=AFQjCNGio5orHimRF_7biaEIL9YSpnXktg\">Cura Interior<\/a> diante de v\u00e1rios processos sofridos durante a vida. &#8220;Quanta gente infeccionada na alma e no cora\u00e7\u00e3o por causa dos problemas! A pessoa at\u00e9 mistura o problema com a machucadura. Talvez, voc\u00ea esteja esperando que suas dificuldades sejam solucionadas para que voc\u00ea fique curado, mas n\u00e3o \u00e9 assim. H\u00e1 problemas que dependem do outro para serem resolvidos. Por isso, voc\u00ea n\u00e3o pode esperar a solu\u00e7\u00e3o deles para ficar bem,&#8221;\u00a0monsenhor Jonas Abib, fundador da Comunidade Can\u00e7\u00e3o Nova.<\/p>\n<p><strong><a href=\"http:\/\/blog.cancaonova.com\/bh\/files\/2016\/01\/pgm_enc_fev.png\">:: Confira aqui programa\u00e7\u00e3o<\/a><\/strong><\/p>\n<p><strong>Sobre o encontro:<\/strong><br \/>\n<strong>Endere\u00e7o:\u00a0<\/strong>Av. Izabel Bueno, 400 &#8211; Jaragu\u00e1 &#8211; Belo Horizonte<br \/>\n<strong>Fone:\u00a0<\/strong>31 3366 6900<\/p>\n<hr \/>\n<p>Adquira nossos produtos:<br \/>\n<a href=\"http:\/\/loja.cancaonova.com\/products\/33393-livro-a-cura-dos-coracoes-doloridos\"><img loading=\"lazy\" decoding=\"async\" class=\"alignleft\" src=\"http:\/\/lojaimg.cancaonova.com\/resources\/product_images\/16932\/product\/01.02191.jpg\" alt=\"\" width=\"75\" height=\"75\" \/><\/a><\/p>\n<h5><strong>Livro: A cura dos cora\u00e7\u00f5es doloridos<\/strong><br \/>\n<strong><em>Ricardo Ida<br \/>\n<span style=\"color: #333399\">R$ 18,90<\/span><\/em><\/strong><\/h5>\n<\/div>","protected":false},"excerpt":{"rendered":"<p>Primeiro encontro do ano na CN Minas A Can\u00e7\u00e3o Nova Minas promove entre os dias 19 e 21 de fevereiro o Encontro de Cura Interior com o tema &#8220;A cura dos cora\u00e7\u00f5es doloridos&#8221;. O evento ter\u00e1 a participa\u00e7\u00e3o Ricardo Ida&#8230;<\/p>\n","protected":false},"author":1081,"featured_media":0,"comment_status":"open","ping_status":"open","sticky":false,"template":"","format":"standard","meta":{"_mi_skip_tracking":false,"_monsterinsights_sitenote_active":false,"_monsterinsights_sitenote_note":"","_monsterinsights_sitenote_category":0,"footnotes":""},"categories":[19],"tags":[],"_links":{"self":[{"href":"https:\/\/blog.cancaonova.com\/belohorizonte\/wp-json\/wp\/v2\/posts\/6885"}],"collection":[{"href":"https:\/\/blog.cancaonova.com\/belohorizonte\/wp-json\/wp\/v2\/posts"}],"about":[{"href":"https:\/\/blog.cancaonova.com\/belohorizonte\/wp-json\/wp\/v2\/types\/post"}],"author":[{"embeddable":true,"href":"https:\/\/blog.cancaonova.com\/belohorizonte\/wp-json\/wp\/v2\/users\/1081"}],"replies":[{"embeddable":true,"href":"https:\/\/blog.cancaonova.com\/belohorizonte\/wp-json\/wp\/v2\/comments?post=6885"}],"version-history":[{"count":7,"href":"https:\/\/blog.cancaonova.com\/belohorizonte\/wp-json\/wp\/v2\/posts\/6885\/revisions"}],"predecessor-version":[{"id":6895,"href":"https:\/\/blog.cancaonova.com\/belohorizonte\/wp-json\/wp\/v2\/posts\/6885\/revisions\/6895"}],"wp:attachment":[{"href":"https:\/\/blog.cancaonova.com\/belohorizonte\/wp-json\/wp\/v2\/media?parent=6885"}],"wp:term":[{"taxonomy":"category","embeddable":true,"href":"https:\/\/blog.cancaonova.com\/belohorizonte\/wp-json\/wp\/v2\/categories?post=6885"},{"taxonomy":"post_tag","embeddable":true,"href":"https:\/\/blog.cancaonova.com\/belohorizonte\/wp-json\/wp\/v2\/tags?post=6885"}],"curies":[{"name":"wp","href":"https:\/\/api.w.org\/{rel}","templated":true}]}}