{"id":6988,"date":"2016-02-04T08:00:29","date_gmt":"2016-02-04T11:00:29","guid":{"rendered":"http:\/\/blog.cancaonova.com\/bh\/?p=6988"},"modified":"2016-02-03T18:09:57","modified_gmt":"2016-02-03T21:09:57","slug":"cn-minas-em-missao-nos-dias-de-carnaval","status":"publish","type":"post","link":"https:\/\/blog.cancaonova.com\/belohorizonte\/cn-minas-em-missao-nos-dias-de-carnaval\/","title":{"rendered":"CN Minas em Miss\u00e3o nos dias de Carnaval"},"content":{"rendered":"<div class=\"pf-content\"><p><strong>Mission\u00e1rios da Can\u00e7\u00e3o Nova Minas saem em miss\u00e3o durante o Carnaval<\/strong><\/p>\n<p>Todos os anos durante o per\u00edodo do <a href=\"https:\/\/www.google.com\/url?q=http:\/\/blog.cancaonova.com\/felipeaquino\/2014\/02\/28\/carnaval-e-quaresma\/&amp;sa=U&amp;ved=0ahUKEwiv2LaFwNzKAhWCpB4KHaU-CJcQFggRMAU&amp;client=internal-uds-cse&amp;usg=AFQjCNFJs4RwLKP39oS0qWZswmnCkvhsKg\">Carnaval <\/a>s\u00e3o organizados v\u00e1rios retiros e encontros em todo o Brasil. Aqui em Belo Horizonte (MG) n\u00e3o ser\u00e1 diferente.<\/p>\n<p>Mission\u00e1rios da Comunidade Can\u00e7\u00e3o Nova estar\u00e3o percorrendo diversas cidades mineiras levando a evangeliza\u00e7\u00e3o por meio das prega\u00e7\u00f5es, louvor, adora\u00e7\u00e3o e ainda levando seus produtos de evangeliza\u00e7\u00e3o.<\/p>\n<p><a href=\"https:\/\/www.google.com\/url?q=http:\/\/blog.cancaonova.com\/felipeaquino\/2014\/02\/28\/carnaval-e-quaresma\/&amp;sa=U&amp;ved=0ahUKEwiv2LaFwNzKAhWCpB4KHaU-CJcQFggRMAU&amp;client=internal-uds-cse&amp;usg=AFQjCNFJs4RwLKP39oS0qWZswmnCkvhsKg\">:: Qual o significado do Carnaval e da Quaresma?<\/a><\/p>\n<p>Confira as cidades em que receber\u00e3o os mission\u00e1rios:<\/p>\n<p><a href=\"http:\/\/blog.cancaonova.com\/bh\/files\/2016\/02\/corrgido_carnaval3.png\"><img loading=\"lazy\" decoding=\"async\" class=\"aligncenter size-full wp-image-6989\" src=\"http:\/\/blog.cancaonova.com\/bh\/files\/2016\/02\/corrgido_carnaval3.png\" alt=\"Carnaval Can\u00e7\u00e3o Nova Minas\" width=\"1200\" height=\"900\" srcset=\"https:\/\/blog.cancaonova.com\/belohorizonte\/files\/2016\/02\/corrgido_carnaval3.png 1200w, https:\/\/blog.cancaonova.com\/belohorizonte\/files\/2016\/02\/corrgido_carnaval3-400x300.png 400w\" sizes=\"(max-width: 1200px) 100vw, 1200px\" \/><\/a><\/p>\n<\/div>","protected":false},"excerpt":{"rendered":"<p>Mission\u00e1rios da Can\u00e7\u00e3o Nova Minas saem em miss\u00e3o durante o Carnaval Todos os anos durante o per\u00edodo do Carnaval s\u00e3o organizados v\u00e1rios retiros e encontros em todo o Brasil. Aqui em Belo Horizonte (MG) n\u00e3o ser\u00e1 diferente. Mission\u00e1rios da Comunidade&#8230;<\/p>\n","protected":false},"author":1081,"featured_media":0,"comment_status":"open","ping_status":"open","sticky":false,"template":"","format":"standard","meta":{"_mi_skip_tracking":false,"_monsterinsights_sitenote_active":false,"_monsterinsights_sitenote_note":"","_monsterinsights_sitenote_category":0,"footnotes":""},"categories":[19],"tags":[],"_links":{"self":[{"href":"https:\/\/blog.cancaonova.com\/belohorizonte\/wp-json\/wp\/v2\/posts\/6988"}],"collection":[{"href":"https:\/\/blog.cancaonova.com\/belohorizonte\/wp-json\/wp\/v2\/posts"}],"about":[{"href":"https:\/\/blog.cancaonova.com\/belohorizonte\/wp-json\/wp\/v2\/types\/post"}],"author":[{"embeddable":true,"href":"https:\/\/blog.cancaonova.com\/belohorizonte\/wp-json\/wp\/v2\/users\/1081"}],"replies":[{"embeddable":true,"href":"https:\/\/blog.cancaonova.com\/belohorizonte\/wp-json\/wp\/v2\/comments?post=6988"}],"version-history":[{"count":1,"href":"https:\/\/blog.cancaonova.com\/belohorizonte\/wp-json\/wp\/v2\/posts\/6988\/revisions"}],"predecessor-version":[{"id":6990,"href":"https:\/\/blog.cancaonova.com\/belohorizonte\/wp-json\/wp\/v2\/posts\/6988\/revisions\/6990"}],"wp:attachment":[{"href":"https:\/\/blog.cancaonova.com\/belohorizonte\/wp-json\/wp\/v2\/media?parent=6988"}],"wp:term":[{"taxonomy":"category","embeddable":true,"href":"https:\/\/blog.cancaonova.com\/belohorizonte\/wp-json\/wp\/v2\/categories?post=6988"},{"taxonomy":"post_tag","embeddable":true,"href":"https:\/\/blog.cancaonova.com\/belohorizonte\/wp-json\/wp\/v2\/tags?post=6988"}],"curies":[{"name":"wp","href":"https:\/\/api.w.org\/{rel}","templated":true}]}}