{"id":7027,"date":"2016-02-15T10:48:23","date_gmt":"2016-02-15T13:48:23","guid":{"rendered":"http:\/\/blog.cancaonova.com\/bh\/?p=7027"},"modified":"2016-02-15T10:48:23","modified_gmt":"2016-02-15T13:48:23","slug":"ricardo-ida-pregador-do-encontro-de-cura-interior","status":"publish","type":"post","link":"https:\/\/blog.cancaonova.com\/belohorizonte\/ricardo-ida-pregador-do-encontro-de-cura-interior\/","title":{"rendered":"Ricardo Ida: pregador do Encontro de Cura Interior"},"content":{"rendered":"<div class=\"pf-content\"><p style=\"text-align: justify\"><strong>Conhe\u00e7a um dos pregadores deste fim de semana<\/strong><\/p>\n<p style=\"text-align: justify\">Neste fim de semana, acontecer\u00e1 na sede da Can\u00e7\u00e3o Nova Minas, o &#8220;Encontro de Cura Interior&#8221; com a presen\u00e7a de Julio Brebal, Ricardo Ida e padre Ademir Costa, mission\u00e1rios da Comunidade Can\u00e7\u00e3o Nova, al\u00e9m da cantora cat\u00f3lica Cidinha Cunha.<br \/>\n<strong><a href=\"http:\/\/blog.cancaonova.com\/bh\/2016\/01\/27\/encontro-de-cura-interior\/\"><br \/>\n:: Saiba mais sobre este evento AQUI<\/a><\/strong><\/p>\n<div id=\"attachment_7029\" style=\"width: 279px\" class=\"wp-caption alignleft\"><a href=\"http:\/\/blog.cancaonova.com\/bh\/files\/2016\/02\/Ricardo-Ida.jpg\"><img loading=\"lazy\" decoding=\"async\" aria-describedby=\"caption-attachment-7029\" class=\"size-full wp-image-7029\" src=\"http:\/\/blog.cancaonova.com\/bh\/files\/2016\/02\/Ricardo-Ida.jpg\" alt=\"Ricardo Ida, mission\u00e1rio da Can\u00e7\u00e3o Nova | Foto: Wesley Almeida\" width=\"269\" height=\"329\" \/><\/a><p id=\"caption-attachment-7029\" class=\"wp-caption-text\">Ricardo Ida, mission\u00e1rio da Can\u00e7\u00e3o Nova | Foto: Wesley Almeida<\/p><\/div>\n<p style=\"text-align: justify\"><strong>Ricardo Ida<\/strong>, um dos presentes deste encontro, \u00e9\u00a0graduado em Teologia e membro da Comunidade Can\u00e7\u00e3o Nova. J\u00e1 atuou como coordenador da Renova\u00e7\u00e3o Carism\u00e1tica Cat\u00f3lica (RCC) no Jap\u00e3o, e atualmente, \u00e9 formador na Comunidade Can\u00e7\u00e3o Nova fazendo parte do Minist\u00e9rio de Prega\u00e7\u00e3o e do Minist\u00e9rio de Cura e Liberta\u00e7\u00e3o.<\/p>\n<p style=\"text-align: justify\">\u00c9 autor do livro <strong>&#8220;A Cura dos cora\u00e7\u00f5es doloridos&#8221;\u00a0<\/strong>onde o autor\u00a0partilha conosco algumas das maravilhas que Deus realizou atrav\u00e9s dele no seu minist\u00e9rio de evangeliza\u00e7\u00e3o. \u00c9 um relato dos v\u00e1rios testemunhos de pessoas que se renderam ao imenso Amor de Deus e tiveram seu cora\u00e7\u00e3o curado.<\/p>\n<p style=\"text-align: justify\"><a href=\"http:\/\/loja.cancaonova.com\/products\/33393-livro-a-cura-dos-coracoes-doloridos\"><img loading=\"lazy\" decoding=\"async\" class=\"alignleft\" src=\"http:\/\/lojaimg.cancaonova.com\/resources\/product_images\/16932\/product\/01.02191.jpg\" alt=\"\" width=\"75\" height=\"75\" \/><\/a><\/p>\n<h5 style=\"text-align: justify\"><strong>Livro: A cura dos cora\u00e7\u00f5es doloridos<\/strong><br \/>\n<strong><em>Ricardo Ida<br \/>\n<span style=\"color: #333399\">R$ 18,90<\/span><\/em><\/strong><\/h5>\n<p style=\"text-align: justify\">Nosso blog reservou para voc\u00ea um trecho de uma de suas prega\u00e7\u00f5es com o tema <em>&#8220;Os disc\u00edpulos de Cristo continuam Sua miss\u00e3o&#8221;<\/em>, confira:<br \/>\n<iframe loading=\"lazy\" width=\"600\" height=\"400\" src=\"https:\/\/www.youtube.com\/embed\/HBZ2b0wCjoo\" frameborder=\"0\" allowfullscreen><\/iframe><\/p>\n<p style=\"text-align: justify\">Acolha a Palavra de Deus para que esta possa gerar frutos em seu cora\u00e7\u00e3o. Na Igreja, o m\u00eas de outubro \u00e9 dedicado \u00e0s miss\u00f5es. E quem s\u00e3o os mission\u00e1rios, os disc\u00edpulos de Cristo? Todos n\u00f3s!<\/p>\n<p style=\"text-align: justify\">Todos os batizados t\u00eam a miss\u00e3o de levar os ensinamentos do Senhor a todas as pessoas. Cada um de n\u00f3s paroquianos temos essa ordem do pr\u00f3prio Cristo: levar a Boa Nova a todos.<\/p>\n<\/div>","protected":false},"excerpt":{"rendered":"<p>Conhe\u00e7a um dos pregadores deste fim de semana Neste fim de semana, acontecer\u00e1 na sede da Can\u00e7\u00e3o Nova Minas, o &#8220;Encontro de Cura Interior&#8221; com a presen\u00e7a de Julio Brebal, Ricardo Ida e padre Ademir Costa, mission\u00e1rios da Comunidade Can\u00e7\u00e3o&#8230;<\/p>\n","protected":false},"author":1081,"featured_media":0,"comment_status":"open","ping_status":"open","sticky":false,"template":"","format":"standard","meta":{"_mi_skip_tracking":false,"_monsterinsights_sitenote_active":false,"_monsterinsights_sitenote_note":"","_monsterinsights_sitenote_category":0,"footnotes":""},"categories":[19],"tags":[],"_links":{"self":[{"href":"https:\/\/blog.cancaonova.com\/belohorizonte\/wp-json\/wp\/v2\/posts\/7027"}],"collection":[{"href":"https:\/\/blog.cancaonova.com\/belohorizonte\/wp-json\/wp\/v2\/posts"}],"about":[{"href":"https:\/\/blog.cancaonova.com\/belohorizonte\/wp-json\/wp\/v2\/types\/post"}],"author":[{"embeddable":true,"href":"https:\/\/blog.cancaonova.com\/belohorizonte\/wp-json\/wp\/v2\/users\/1081"}],"replies":[{"embeddable":true,"href":"https:\/\/blog.cancaonova.com\/belohorizonte\/wp-json\/wp\/v2\/comments?post=7027"}],"version-history":[{"count":4,"href":"https:\/\/blog.cancaonova.com\/belohorizonte\/wp-json\/wp\/v2\/posts\/7027\/revisions"}],"predecessor-version":[{"id":7032,"href":"https:\/\/blog.cancaonova.com\/belohorizonte\/wp-json\/wp\/v2\/posts\/7027\/revisions\/7032"}],"wp:attachment":[{"href":"https:\/\/blog.cancaonova.com\/belohorizonte\/wp-json\/wp\/v2\/media?parent=7027"}],"wp:term":[{"taxonomy":"category","embeddable":true,"href":"https:\/\/blog.cancaonova.com\/belohorizonte\/wp-json\/wp\/v2\/categories?post=7027"},{"taxonomy":"post_tag","embeddable":true,"href":"https:\/\/blog.cancaonova.com\/belohorizonte\/wp-json\/wp\/v2\/tags?post=7027"}],"curies":[{"name":"wp","href":"https:\/\/api.w.org\/{rel}","templated":true}]}}