{"id":7033,"date":"2016-02-15T21:00:36","date_gmt":"2016-02-16T00:00:36","guid":{"rendered":"http:\/\/blog.cancaonova.com\/bh\/?p=7033"},"modified":"2016-02-15T18:52:03","modified_gmt":"2016-02-15T21:52:03","slug":"grupo-de-oracao-na-cancao-nova","status":"publish","type":"post","link":"https:\/\/blog.cancaonova.com\/belohorizonte\/grupo-de-oracao-na-cancao-nova\/","title":{"rendered":"Grupo de Ora\u00e7\u00e3o na Can\u00e7\u00e3o Nova"},"content":{"rendered":"<div class=\"pf-content\"><p><strong>Prega\u00e7\u00e3o com Ver\u00f4nica Su\u00eania a partir das 19h30<br \/>\n<\/strong><br \/>\nNesta ter\u00e7a-feira, dia 16, retornamos o Grupo de Ora\u00e7\u00e3o &#8220;S\u00e3o Miguel&#8221; e voc\u00ea \u00e9 o nosso convidado!<\/p>\n<p><a href=\"http:\/\/blog.cancaonova.com\/bh\/files\/2016\/02\/grupo-deorac\u0327a\u0303o-CN.jpg\"><img loading=\"lazy\" decoding=\"async\" class=\"aligncenter size-medium wp-image-7034\" src=\"http:\/\/blog.cancaonova.com\/bh\/files\/2016\/02\/grupo-deorac\u0327a\u0303o-CN-400x400.jpg\" alt=\"grupo de orac\u0327a\u0303o\" width=\"400\" height=\"400\" srcset=\"https:\/\/blog.cancaonova.com\/belohorizonte\/files\/2016\/02\/grupo-deorac\u0327a\u0303o-CN-400x400.jpg 400w, https:\/\/blog.cancaonova.com\/belohorizonte\/files\/2016\/02\/grupo-deorac\u0327a\u0303o-CN-150x150.jpg 150w, https:\/\/blog.cancaonova.com\/belohorizonte\/files\/2016\/02\/grupo-deorac\u0327a\u0303o-CN.jpg 945w\" sizes=\"(max-width: 400px) 100vw, 400px\" \/><\/a><strong>Sobre a pregadora:<\/p>\n<p><\/strong>Nordestina da cidade de\u00a0Brejinho no Pernambuco \u00e9 a sexta\u00a0de 7 filhos\u00a0da dona\u00a0Enedina Leite de Vasconcelos Gomes e do senhor Jos\u00e9 Gomes da Silva.\u00a0\u00c9 mission\u00e1ria da Comunidade Can\u00e7\u00e3o Nova desde 2008, \u00e9 noiva do mission\u00e1rio Gabriel Leite e apresentadora do <a href=\"http:\/\/blog.cancaonova.com\/manhaviva\">Programa &#8220;Manh\u00e3 Viva&#8221;.<\/a><\/p>\n<\/div>","protected":false},"excerpt":{"rendered":"<p>Prega\u00e7\u00e3o com Ver\u00f4nica Su\u00eania a partir das 19h30 Nesta ter\u00e7a-feira, dia 16, retornamos o Grupo de Ora\u00e7\u00e3o &#8220;S\u00e3o Miguel&#8221; e voc\u00ea \u00e9 o nosso convidado! Sobre a pregadora: Nordestina da cidade de\u00a0Brejinho no Pernambuco \u00e9 a sexta\u00a0de 7 filhos\u00a0da dona\u00a0Enedina&#8230;<\/p>\n","protected":false},"author":1081,"featured_media":0,"comment_status":"open","ping_status":"open","sticky":false,"template":"","format":"standard","meta":{"_mi_skip_tracking":false,"_monsterinsights_sitenote_active":false,"_monsterinsights_sitenote_note":"","_monsterinsights_sitenote_category":0,"footnotes":""},"categories":[19],"tags":[],"_links":{"self":[{"href":"https:\/\/blog.cancaonova.com\/belohorizonte\/wp-json\/wp\/v2\/posts\/7033"}],"collection":[{"href":"https:\/\/blog.cancaonova.com\/belohorizonte\/wp-json\/wp\/v2\/posts"}],"about":[{"href":"https:\/\/blog.cancaonova.com\/belohorizonte\/wp-json\/wp\/v2\/types\/post"}],"author":[{"embeddable":true,"href":"https:\/\/blog.cancaonova.com\/belohorizonte\/wp-json\/wp\/v2\/users\/1081"}],"replies":[{"embeddable":true,"href":"https:\/\/blog.cancaonova.com\/belohorizonte\/wp-json\/wp\/v2\/comments?post=7033"}],"version-history":[{"count":1,"href":"https:\/\/blog.cancaonova.com\/belohorizonte\/wp-json\/wp\/v2\/posts\/7033\/revisions"}],"predecessor-version":[{"id":7039,"href":"https:\/\/blog.cancaonova.com\/belohorizonte\/wp-json\/wp\/v2\/posts\/7033\/revisions\/7039"}],"wp:attachment":[{"href":"https:\/\/blog.cancaonova.com\/belohorizonte\/wp-json\/wp\/v2\/media?parent=7033"}],"wp:term":[{"taxonomy":"category","embeddable":true,"href":"https:\/\/blog.cancaonova.com\/belohorizonte\/wp-json\/wp\/v2\/categories?post=7033"},{"taxonomy":"post_tag","embeddable":true,"href":"https:\/\/blog.cancaonova.com\/belohorizonte\/wp-json\/wp\/v2\/tags?post=7033"}],"curies":[{"name":"wp","href":"https:\/\/api.w.org\/{rel}","templated":true}]}}