{"id":7082,"date":"2016-02-19T20:37:39","date_gmt":"2016-02-19T23:37:39","guid":{"rendered":"http:\/\/blog.cancaonova.com\/bh\/?p=7082"},"modified":"2016-02-19T20:37:39","modified_gmt":"2016-02-19T23:37:39","slug":"audio-homilia-da-missa-de-abertura","status":"publish","type":"post","link":"https:\/\/blog.cancaonova.com\/belohorizonte\/audio-homilia-da-missa-de-abertura\/","title":{"rendered":"\u00c1UDIO: Homilia da Missa de abertura"},"content":{"rendered":"<div class=\"pf-content\"><p>Padre Ademir fala a respeito da abertura de cora\u00e7\u00e3o e docilidade ao Esp\u00edrito t\u00e3o importantes no processo de cura.<\/p>\n<p><strong>Ou\u00e7a, na \u00edntegra:<br \/>\n<iframe loading=\"lazy\" width=\"100%\" height=\"166\" scrolling=\"no\" frameborder=\"no\" src=\"https:\/\/w.soundcloud.com\/player\/?url=https%3A\/\/api.soundcloud.com\/tracks\/247932549&color=ff5500&auto_play=false&hide_related=false&show_comments=true&show_user=true&show_reposts=false\"><\/iframe><br \/>\n<\/strong><\/p>\n<\/div>","protected":false},"excerpt":{"rendered":"<p>Padre Ademir fala a respeito da abertura de cora\u00e7\u00e3o e docilidade ao Esp\u00edrito t\u00e3o importantes no processo de cura. Ou\u00e7a, na \u00edntegra:<\/p>\n","protected":false},"author":1081,"featured_media":0,"comment_status":"open","ping_status":"open","sticky":false,"template":"","format":"standard","meta":{"_mi_skip_tracking":false,"_monsterinsights_sitenote_active":false,"_monsterinsights_sitenote_note":"","_monsterinsights_sitenote_category":0,"footnotes":""},"categories":[19,9291],"tags":[],"_links":{"self":[{"href":"https:\/\/blog.cancaonova.com\/belohorizonte\/wp-json\/wp\/v2\/posts\/7082"}],"collection":[{"href":"https:\/\/blog.cancaonova.com\/belohorizonte\/wp-json\/wp\/v2\/posts"}],"about":[{"href":"https:\/\/blog.cancaonova.com\/belohorizonte\/wp-json\/wp\/v2\/types\/post"}],"author":[{"embeddable":true,"href":"https:\/\/blog.cancaonova.com\/belohorizonte\/wp-json\/wp\/v2\/users\/1081"}],"replies":[{"embeddable":true,"href":"https:\/\/blog.cancaonova.com\/belohorizonte\/wp-json\/wp\/v2\/comments?post=7082"}],"version-history":[{"count":1,"href":"https:\/\/blog.cancaonova.com\/belohorizonte\/wp-json\/wp\/v2\/posts\/7082\/revisions"}],"predecessor-version":[{"id":7083,"href":"https:\/\/blog.cancaonova.com\/belohorizonte\/wp-json\/wp\/v2\/posts\/7082\/revisions\/7083"}],"wp:attachment":[{"href":"https:\/\/blog.cancaonova.com\/belohorizonte\/wp-json\/wp\/v2\/media?parent=7082"}],"wp:term":[{"taxonomy":"category","embeddable":true,"href":"https:\/\/blog.cancaonova.com\/belohorizonte\/wp-json\/wp\/v2\/categories?post=7082"},{"taxonomy":"post_tag","embeddable":true,"href":"https:\/\/blog.cancaonova.com\/belohorizonte\/wp-json\/wp\/v2\/tags?post=7082"}],"curies":[{"name":"wp","href":"https:\/\/api.w.org\/{rel}","templated":true}]}}